{"id":80346,"date":"2011-08-26T15:35:23","date_gmt":"2011-08-26T12:35:23","guid":{"rendered":"http:\/\/www.nationalturk.com\/?p=80346"},"modified":"2011-08-26T15:35:24","modified_gmt":"2011-08-26T12:35:24","slug":"aykut-kocaman-kaptanlarla-birlikte-konustu-video-fenerbahce-haberleri-80346","status":"publish","type":"post","link":"https:\/\/www.nationalturk.com\/tr\/aykut-kocaman-kaptanlarla-birlikte-konustu-video-fenerbahce-haberleri-80346\/","title":{"rendered":"Aykut Kocaman kaptanlarla birlikte konu\u015ftu \/ Video &#8211; Fenerbah\u00e7e Haberleri"},"content":{"rendered":"<h1><img loading=\"lazy\" decoding=\"async\" class=\"size-full wp-image-80351 alignleft\" title=\"Aykut Kocaman Emre Bel\u00f6zo\u011flu Volkan Demirel\" src=\"http:\/\/www.nationalturk.com\/tr\/wp-content\/uploads\/2011\/08\/aykut_emre_volkan.jpg\" alt=\"\" width=\"338\" height=\"225\" srcset=\"https:\/\/www.nationalturk.com\/tr\/wp-content\/uploads\/2011\/08\/aykut_emre_volkan.jpg 470w, https:\/\/www.nationalturk.com\/tr\/wp-content\/uploads\/2011\/08\/aykut_emre_volkan-280x185.jpg 280w\" sizes=\"auto, (max-width: 338px) 100vw, 338px\" \/>Fenerbah\u00e7e Teknik Direkt\u00f6r\u00fc Aykut Kocaman, tak\u0131m kaptanlar\u0131 Emre Bel\u00f6zo\u011flu ve Volkan Demirel ile birlikte bas\u0131n toplant\u0131s\u0131 d\u00fczenledi. Kocaman, ya\u015fananlar\u0131 s\u00fcr\u00fcnd\u00fcrme d\u00f6nemi diye niteledi. \/ Fenerbah\u00e7e Haberleri&#8230; Video&#8230;<\/h1>\n<p><strong>Aykut Kocaman bas\u0131n toplant\u0131s\u0131nda \u015funlar\u0131 s\u00f6yledi:<\/strong><\/p>\n<p>Konuya girmeden \u00f6nce sadece bir duruma ve d\u00f6neme uygun k\u00fc\u00e7\u00fck bir tan\u0131t\u0131m yapmakta fayda var. Ya\u015fananlar nedeniyle ihtiyac\u0131m\u0131z var. Kul\u00fcb\u00fcm\u00fcze yap\u0131lmak istenen uygulama, s\u00fcr\u00fcnd\u00fcrme. Taraftarlar\u0131m\u0131zdan bu d\u00f6nemde kul\u00fcb\u00fcne en \u00f6nemli gelir sa\u011flayacak olan taraftar karta ilgi g\u00f6stermelerini bekliyoruz. Bu s\u00fcr\u00fcnd\u00fcrme d\u00f6neminde en \u00e7ok ihtiya\u00e7 duydu\u011fumuz \u015fey bu. Bizim i\u00e7in \u00e7ok \u00f6nemli. Taraftarlar\u0131m\u0131z b\u00fcy\u00fckl\u00fckleriyle do\u011fru oranda ilgiyi g\u00f6sterirler umar\u0131m.<\/p>\n<p>\u015eu anda ya\u015fanan periyot, sadece futbol adam\u0131 olarak ve Fenerbah\u00e7eli olarak de\u011fil, bir insan olarak bak\u0131ld\u0131\u011f\u0131nda da bunu g\u00f6steriyor. S\u00fcr\u00fcnd\u00fcrme d\u00f6nemi.<\/p>\n<p>Fenerbah\u00e7eli futbolcular\u0131n sonuna kadar haketti\u011fi ve olmay\u0131 hayal ettikleri platformdan mahrum b\u0131rak\u0131ld\u0131lar. A&#8217;dan Z&#8217;ye hakettikleri bir \u015feydi. Son derece sa\u00e7ma bir karar. Ali Ko\u00e7&#8217;un da d\u00fcn belirtti\u011fi gibi TFF&#8217;nin gere\u011fini yapmas\u0131n\u0131 istiyoruz. \u015eampiyonlar Ligi&#8217;nde yoksak niye s\u00fcper ligdeyiz. S\u00fcper Lig&#8217;de devam edeceksek neden \u015eampiyonlar Ligi&#8217;nde de\u011filiz. TFF gere\u011fini ivedi bir \u015fekilde yapmal\u0131.<\/p>\n<p>Bu oyunun i\u00e7inde piyon gibi g\u00f6z\u00fck\u00fcyoruz. Hepimiz bir piyon gibiyiz. Bunu nereye kadar g\u00f6t\u00fcrece\u011fimiz konusunda bilgi sahibi de\u011filim. S\u00f6yleyebilece\u011fim tek \u015fey ac\u0131 \u00e7ekti\u011fimdir. Sanki her \u015fey dalga ge\u00e7er gibi devam ediyor. Bu s\u00fcrecin sonland\u0131r\u0131lmas\u0131 en b\u00fcy\u00fck dile\u011fimdir. S\u00fcr\u00fcnd\u00fcrme d\u00f6nemi sona erer.<\/p>\n<p>Bir karar verme durumu s\u00f6z konusuydu. ben karar\u0131m\u0131 vermi\u015ftim. \u015eu d\u00f6nem biraz daha duygular \u00f6n plana \u00e7\u0131k\u0131yor. Bu sava\u015f\u0131n i\u00e7inde yapabildi\u011fim kadar kalaca\u011f\u0131m.<\/p>\n<p><strong>Volkan Demirel:<\/strong> Bu d\u00f6nemi en k\u0131sa zamanda atlataca\u011f\u0131m\u0131z\u0131 biliyoruz. Biz burada oyuncular\u0131n temsilcisi olarak bulunuyoruz. Oyuncular\u0131n izinli g\u00fcn\u00fcnde bulu\u015fmas\u0131 konusunda Alex&#8217;e de te\u015fekk\u00fcr ediyoruz. T\u00fcrkiye&#8217;de futboldan anlayan \u00e7ok insan var. Bizim nas\u0131l \u015fampiyon oldu\u011fumuzu t\u00fcm g\u00f6zler g\u00f6rd\u00fc. Aln\u0131m\u0131z\u0131n ak\u0131yla, bile\u011fimizin g\u00fcc\u00fcyle \u015fampiyon olduk. TFF&#8217;nin karar\u0131 ne olur bilemeyiz ama bir alt ligden ba\u015flamak istiyoruz. 50-60 g\u00fcnd\u00fcr geceleri uyumuyoruz. \u0130sterse amat\u00f6r k\u00fcmede de oynayal\u0131m ben hi\u00e7bir \u015fekilde bir yere gitmiyorum. \u00d6mr\u00fcm el verdik\u00e7e bu tak\u0131mda olaca\u011f\u0131m. Benim gibi di\u011fer arkada\u015flar\u0131m da d\u00fc\u015f\u00fcn\u00fcyor. \u00d6n\u00fcm\u00fczdeki sezon ne olursa olsun hepimiz buraday\u0131z. Bu seneki \u015fartlarda \u015eampiyonlar Ligi Fenerbah\u00e7e&#8217;nin hakk\u0131d\u0131r. Bak\u0131yoruz Fenerbah\u00e7e s\u00fcre\u00e7te ad\u0131 ge\u00e7en bir kul\u00fcp. Ayn\u0131 \u015fekilde \u00f6b\u00fcr tak\u0131m\u0131n da ad\u0131 ge\u00e7iyor. Biz baz\u0131 \u015feylerin cevab\u0131n\u0131 istiyoruz. Hakk\u0131m\u0131z yeniyor, biz hakk\u0131m\u0131z\u0131 istiyoruz. 18&#8217;de 17 yaparken \u015funu isterdim. Ke\u015fke bir tak\u0131m \u00e7\u0131k\u0131p bizi yenseydi de ke\u015fke biz \u015fampiyon olmasayd\u0131k. Ke\u015fke \u015fampiyon olmasayd\u0131k.<\/p>\n<p><strong>Emre Bel\u00f6zo\u011flu:<\/strong> Ben de hocam\u0131n ve Volkan&#8217;\u0131n s\u00f6ylediklerine yak\u0131n \u015feyler s\u00f6yleyece\u011fim. Alex&#8217;in, benim veya Volkan&#8217;\u0131n burada olmas\u0131 \u00f6nemli de\u011fil. Burada Mert de, G\u00f6kay da olabilirdi. D\u00fcn 4 saatlik \u00e7ok g\u00fczel bir toplant\u0131 yap\u0131ld\u0131. Muhte\u015fem bir tablo vard\u0131. Camiam\u0131z\u0131n duru\u015funu \u00e7ok m\u00fckemmel buluyorum. Bu tak\u0131mda oynad\u0131\u011f\u0131mdan dolay\u0131 kendimden gurur duydum. Kul\u00fcb\u00fcn menfaatleri ad\u0131na ne yapmak gerekiyorsa yapmaya haz\u0131r\u0131z. Hepimiz birlik olduk. Nerede oynarsak oynayal\u0131m birli\u011fi her zaman g\u00f6sterece\u011fiz. Bu \u015fampiyonluk anam\u0131z\u0131n ak s\u00fct\u00fc gibi bize helaldir. Samimi \u015fekilde duygular\u0131m\u0131z\u0131 dile getirdik. Bizim hakk\u0131m\u0131zda verilecek karar neyse biz buna raz\u0131y\u0131z. Kupalar\u0131n bizim i\u00e7in bir de\u011feri yok.<\/p>\n<p>Ben herkesin aynas\u0131n\u0131n kendi vicdan\u0131 oldu\u011funu s\u00f6yledim. Kimseye cevap vermek zorunda hissetmiyorum kendimi. Biz \u015fampiyonlu\u011fu anam\u0131z\u0131n ak s\u00fct\u00fc gibi hakettik. \u00dclkemizde kendi yapt\u0131\u011f\u0131n\u0131z haberden bile haberiniz yok. Biz de en \u00e7ok bu durumdan rahats\u0131s\u0131z. Biz herg\u00fcn \u00f6lmek de\u011fil bir g\u00fcn \u00f6lmek istiyoruz. Ortada \u00e7ok fazla \u015fey dola\u015f\u0131yor. Bilgi kirlili\u011finin bitmesini ve bir karar\u0131n al\u0131nmas\u0131n\u0131 istiyoruz. Bu durumda UEFA&#8217;n\u0131n b\u00fcy\u00fck bir skandal\u0131 var. \u0130ngiltere&#8217;de bunu ya\u015fad\u0131m. Siz T\u00fcrkseniz su\u00e7lu g\u00f6r\u00fclmeye \u00e7al\u0131\u015f\u0131rs\u0131n\u0131z. Ayn\u0131 durum \u0130nter&#8217;e olsa ayn\u0131 \u015fey yap\u0131labilirdi. Milan&#8217;\u0131n olay\u0131 ya\u015fad\u0131\u011f\u0131 sene \u015fampiyon oldular. Bu b\u00fcy\u00fck bir skandald\u0131r. Biz T\u00fcrk oldu\u011fumuz i\u00e7in UEFA bu karar\u0131 rahatl\u0131kla ald\u0131. Herkes kul\u00fcb\u00fcn menfaatleri sonucunda tak\u0131mdan ayr\u0131l\u0131r.<\/p>\n<p>Beni \u0130ngiltere\u2019de oynarken \u0131rk\u00e7\u0131l\u0131kla su\u00e7lamaya \u00e7al\u0131\u015ft\u0131lar. Hi\u00e7bir tepkim olmamas\u0131na ra\u011fmen. \u015eimdi o futbolcuyla tak\u0131m arkada\u015fl\u0131\u011f\u0131 yapt\u0131m. E\u011fer bir T\u00fcrkseniz yurtd\u0131\u015f\u0131nda mutlaka siz su\u00e7lusunuzdur. Fenerbah\u00e7e\u2019ye de\u011fil de Milan\u2019a bu kural\u0131 uygulayabilir mi UEFA? Milan o sene \u015eampiyonlar Ligi\u2019nde oynad\u0131 m\u0131? \u015eampiyon oldu hatta. Bu ger\u00e7e\u011fin \u00f6tesinde, hayale dayal\u0131 bir senaryodur. Bu bir skandald\u0131r. Biz T\u00fcrk oldu\u011fumuz i\u00e7in bu karar UEFA\u2019da al\u0131nm\u0131\u015ft\u0131r. Belki de ilk defa b\u00f6yle bir uygulama oldu. Hak etmedi\u011fimiz \u015fekidle gelecekte b\u00f6yle an\u0131laca\u011f\u0131z.&#8221; \u015feklinde konu\u015ftu.<\/p>\n[tube]http:\/\/www.youtube.com\/watch?v=Ac0U4IeVavM[\/tube]\n<!-- Error, Advert is not available at this time due to schedule\/geolocation restrictions! -->\n<!-- Error, Advert is not available at this time due to schedule\/geolocation restrictions! -->\n","protected":false},"excerpt":{"rendered":"<p>Fenerbah\u00e7e Teknik Direkt\u00f6r\u00fc Aykut Kocaman, tak\u0131m kaptanlar\u0131 Emre Bel\u00f6zo\u011flu ve Volkan Demirel ile birlikte bas\u0131n toplant\u0131s\u0131 d\u00fczenledi. Kocaman, ya\u015fananlar\u0131 s\u00fcr\u00fcnd\u00fcrme d\u00f6nemi diye niteledi. \/ Fenerbah\u00e7e Haberleri&#8230; Video&#8230;<\/p>\n","protected":false},"author":4,"featured_media":80351,"comment_status":"open","ping_status":"open","sticky":false,"template":"","format":"standard","meta":{"_acf_changed":false,"footnotes":""},"categories":[6774,6155,5005,6194,342],"tags":[2255,49702,79121,26981,849,9949,10549],"class_list":["post-80346","post","type-post","status-publish","format-standard","has-post-thumbnail","hentry","category-futbol","category-gundem","category-manset","category-spor","category-video","tag-aykut-kocaman","tag-aykut-kocaman-basin-toplantisi","tag-aykut-kocaman-istifa","tag-emre-belozoglu","tag-fenerbahce","tag-fenerbahce-sike","tag-volkan-demirel"],"acf":[],"_links":{"self":[{"href":"https:\/\/www.nationalturk.com\/tr\/wp-json\/wp\/v2\/posts\/80346","targetHints":{"allow":["GET"]}}],"collection":[{"href":"https:\/\/www.nationalturk.com\/tr\/wp-json\/wp\/v2\/posts"}],"about":[{"href":"https:\/\/www.nationalturk.com\/tr\/wp-json\/wp\/v2\/types\/post"}],"author":[{"embeddable":true,"href":"https:\/\/www.nationalturk.com\/tr\/wp-json\/wp\/v2\/users\/4"}],"replies":[{"embeddable":true,"href":"https:\/\/www.nationalturk.com\/tr\/wp-json\/wp\/v2\/comments?post=80346"}],"version-history":[{"count":0,"href":"https:\/\/www.nationalturk.com\/tr\/wp-json\/wp\/v2\/posts\/80346\/revisions"}],"wp:featuredmedia":[{"embeddable":true,"href":"https:\/\/www.nationalturk.com\/tr\/wp-json\/wp\/v2\/media\/80351"}],"wp:attachment":[{"href":"https:\/\/www.nationalturk.com\/tr\/wp-json\/wp\/v2\/media?parent=80346"}],"wp:term":[{"taxonomy":"category","embeddable":true,"href":"https:\/\/www.nationalturk.com\/tr\/wp-json\/wp\/v2\/categories?post=80346"},{"taxonomy":"post_tag","embeddable":true,"href":"https:\/\/www.nationalturk.com\/tr\/wp-json\/wp\/v2\/tags?post=80346"}],"curies":[{"name":"wp","href":"https:\/\/api.w.org\/{rel}","templated":true}]}}