{"id":80427,"date":"2011-08-27T15:57:15","date_gmt":"2011-08-27T12:57:15","guid":{"rendered":"http:\/\/www.nationalturk.com\/?p=80427"},"modified":"2011-08-27T15:57:15","modified_gmt":"2011-08-27T12:57:15","slug":"tff-kararini-verdi-fenerbahce-super-ligde-fenerbahce-haberleri-80427","status":"publish","type":"post","link":"https:\/\/www.nationalturk.com\/tr\/tff-kararini-verdi-fenerbahce-super-ligde-fenerbahce-haberleri-80427\/","title":{"rendered":"TFF karar\u0131n\u0131 verdi, Fenerbah\u00e7e S\u00fcper Lig&#8217;de \/ Fenerbah\u00e7e Haberleri"},"content":{"rendered":"<h1><img loading=\"lazy\" decoding=\"async\" class=\"alignleft size-medium wp-image-80428\" title=\"\" src=\"http:\/\/www.nationalturk.com\/tr\/wp-content\/uploads\/2011\/08\/nationalturk-flash-haber-dikey4-206x220.jpg\" alt=\"\" width=\"206\" height=\"220\" srcset=\"https:\/\/www.nationalturk.com\/tr\/wp-content\/uploads\/2011\/08\/nationalturk-flash-haber-dikey4-206x220.jpg 206w, https:\/\/www.nationalturk.com\/tr\/wp-content\/uploads\/2011\/08\/nationalturk-flash-haber-dikey4.jpg 300w\" sizes=\"auto, (max-width: 206px) 100vw, 206px\" \/>Fenerbah\u00e7e&#8217;nin Bank Asya 1. Lig&#8217;de oynama talebi, yaz\u0131l\u0131 ba\u015fvuru olmad\u0131\u011f\u0131 gerek\u00e7esiyle T\u00fcrkiye Futbol Federasyonu taraf\u0131ndan reddedildi. \/ Fenerbah\u00e7e Haberleri.<\/h1>\n<p>T\u00fcrkiye Futbol Federasyonu&#8217;ndan yap\u0131lan a\u00e7\u0131klama \u015f\u00f6yle;<\/p>\n<p>&#8220;Fenerbah\u00e7e Spor Kul\u00fcb\u00fc Asba\u015fkan\u0131 Ali Ko\u00e7&#8217;un 25 ve 26 A\u011fustos tarihlerinde bas\u0131na yapm\u0131\u015f oldu\u011fu a\u00e7\u0131klamalarda, Fenerbah\u00e7e Spor Kul\u00fcb\u00fc&#8217;n\u00fcn resmi internet sitesinde, Ali Ko\u00e7 ve Aleaddin Y\u0131ld\u0131r\u0131m ile TFF Ba\u015fkan Vekilleri G\u00f6ksel G\u00fcm\u00fc\u015fda\u011f ve Lutfi Ar\u0131bo\u011fan aras\u0131nda 26 A\u011fustos&#8217;ta yap\u0131lan toplant\u0131da, ayn\u0131 g\u00fcn Ali Ko\u00e7 ve kul\u00fcp avukatlar\u0131 ile T\u00fcrkiye Futbol Federasyonu&#8217;nda yap\u0131lan toplant\u0131da, Fenerbah\u00e7e Spor Kul\u00fcb\u00fc&#8217;n\u00fcn 2011-2012 sezonunda Bank Asya 1. Lig&#8217;de oynat\u0131lmas\u0131 talebi dile getirilmi\u015ftir.<\/p>\n<p>Ancak bug\u00fcne kadar, T\u00fcrkiye Futbol Federasyonu&#8217;na bu konuda kul\u00fcp yetkililerince yaz\u0131l\u0131 olarak herhangi bir resmi ba\u015fvuruda bulunulmam\u0131\u015ft\u0131r. Ayr\u0131ca gerek kul\u00fcp yetkilileri gerekse kul\u00fcp avukatlar\u0131, bu konuda herhangi bir yaz\u0131l\u0131 ba\u015fvurular\u0131n\u0131n s\u00f6z konusu olamayaca\u011f\u0131n\u0131 da belirtmi\u015flerdir.<\/p>\n<p>Bu durum kar\u015f\u0131s\u0131nda; TFF Y\u00f6netim Kurulu, 15 A\u011fustos tarihinde ald\u0131\u011f\u0131 karardan ayr\u0131lmas\u0131n\u0131 gerektirecek bir durum bulunmad\u0131\u011f\u0131 sonucuna varm\u0131\u015ft\u0131r.<\/p>\n<p>Dolay\u0131s\u0131yla 25 A\u011fustos&#8217;ta fikst\u00fcr \u00e7ekimi yap\u0131lan Spor Toto S\u00fcper Lig ile 24 A\u011fustos&#8217;ta fikst\u00fcr\u00fc belirlenen Bank Asya 1. Lig, ilan edildi\u011fi tarih olan 10 Eyl\u00fcl&#8217;de ba\u015flayacak ve m\u00fcsabakalar \u00e7ekilen fikst\u00fcrler \u00e7er\u00e7evesinde oynanacakt\u0131r.&#8221;<\/p>\n<p>Kamuoyuna sayg\u0131yla duyurulur.&#8221;<\/p>\n<p><strong>Ali Ko\u00e7, TFF ile yapt\u0131\u011f\u0131 g\u00f6r\u00fc\u015fmenin ard\u0131ndan \u015fu a\u00e7\u0131klamalarda bulunmu\u015ftu;<\/strong><\/p>\n<p>Kendi istekleriyle Bank Asya 1. Lig&#8217;de oynamalar\u0131 i\u00e7in TFF yetkilileriyle isti\u015fare toplant\u0131s\u0131 yapt\u0131\u011f\u0131n\u0131 belirten Ali Ko\u00e7, &#8220;Camia zarar g\u00f6rmeden; en do\u011fru ve ger\u00e7ek\u00e7i bir \u015fekilde Fenerbah\u00e7e&#8217;nin bir alt ligde oynay\u0131p oynayamamas\u0131n\u0131n irdelenmesini, bu do\u011frultuda teknik ekibin (hukuk\u00e7ular\u0131n) bir araya gelerek konuyu incelemelerine karar verdik&#8221; dedi.<\/p>\n<p>Olay\u0131n hafif ya da ge\u00e7i\u015ftirilecek bir \u015fey olmad\u0131\u011f\u0131n\u0131 dile getiren Ali Ko\u00e7, &#8220;T\u00fcm T\u00fcrkiye i\u00e7in en hay\u0131rl\u0131 karar\u0131n verilmesi gerekiyor. Son al\u0131nan UEFA karar\u0131yla igili \u00f6fkemiz, yap\u0131lanlarla ilgili de\u011fil yap\u0131lmayanlarla ilgiliydi. Daha sa\u011flam durulmas\u0131 gerekiyordu. Ama art\u0131k ge\u00e7mi\u015fe de\u011fil ileriye d\u00f6n\u00fck olarak bir ziyaret yapt\u0131k. En sa\u011fl\u0131kl\u0131 \u015fekilde hangi s\u00fcre\u00e7ler uylgulanabilir, bunu isti\u015fare edip nihai karar\u0131m\u0131z\u0131 verece\u011fiz. Bu karar san\u0131r\u0131m \u00f6n\u00fcm\u00fczdeki haftaba\u015f\u0131 a\u00e7\u0131klan\u0131r&#8221; diye konu\u015ftu.<\/p>\n<!-- Error, Advert is not available at this time due to schedule\/geolocation restrictions! -->\n<!-- Error, Advert is not available at this time due to schedule\/geolocation restrictions! -->\n","protected":false},"excerpt":{"rendered":"<p>Fenerbah\u00e7e&#8217;nin Bank Asya 1. Lig&#8217;de oynama talebi, yaz\u0131l\u0131 ba\u015fvuru olmad\u0131\u011f\u0131 gerek\u00e7esiyle T\u00fcrkiye Futbol Federasyonu taraf\u0131ndan reddedildi. \/ Fenerbah\u00e7e Haberleri.<\/p>\n","protected":false},"author":4,"featured_media":187962,"comment_status":"open","ping_status":"open","sticky":false,"template":"","format":"standard","meta":{"_acf_changed":false,"footnotes":""},"categories":[6774,6155,5005,6194],"tags":[2522,79221,79222,8433,849,79223,74526,6477],"class_list":["post-80427","post","type-post","status-publish","format-standard","has-post-thumbnail","hentry","category-futbol","category-gundem","category-manset","category-spor","tag-ali-koc","tag-ali-koc-aciklama","tag-ali-koc-tff-gorusmesi","tag-bank-asya","tag-fenerbahce","tag-fenerbahce-bank-asya","tag-fenerbahce-kume","tag-tff"],"acf":[],"_links":{"self":[{"href":"https:\/\/www.nationalturk.com\/tr\/wp-json\/wp\/v2\/posts\/80427","targetHints":{"allow":["GET"]}}],"collection":[{"href":"https:\/\/www.nationalturk.com\/tr\/wp-json\/wp\/v2\/posts"}],"about":[{"href":"https:\/\/www.nationalturk.com\/tr\/wp-json\/wp\/v2\/types\/post"}],"author":[{"embeddable":true,"href":"https:\/\/www.nationalturk.com\/tr\/wp-json\/wp\/v2\/users\/4"}],"replies":[{"embeddable":true,"href":"https:\/\/www.nationalturk.com\/tr\/wp-json\/wp\/v2\/comments?post=80427"}],"version-history":[{"count":0,"href":"https:\/\/www.nationalturk.com\/tr\/wp-json\/wp\/v2\/posts\/80427\/revisions"}],"wp:featuredmedia":[{"embeddable":true,"href":"https:\/\/www.nationalturk.com\/tr\/wp-json\/wp\/v2\/media\/187962"}],"wp:attachment":[{"href":"https:\/\/www.nationalturk.com\/tr\/wp-json\/wp\/v2\/media?parent=80427"}],"wp:term":[{"taxonomy":"category","embeddable":true,"href":"https:\/\/www.nationalturk.com\/tr\/wp-json\/wp\/v2\/categories?post=80427"},{"taxonomy":"post_tag","embeddable":true,"href":"https:\/\/www.nationalturk.com\/tr\/wp-json\/wp\/v2\/tags?post=80427"}],"curies":[{"name":"wp","href":"https:\/\/api.w.org\/{rel}","templated":true}]}}