{"id":80505,"date":"2011-08-30T22:08:28","date_gmt":"2011-08-30T19:08:28","guid":{"rendered":"http:\/\/www.nationalturk.com\/?p=80505"},"modified":"2011-08-30T22:08:28","modified_gmt":"2011-08-30T19:08:28","slug":"karargahta-bir-ilk-30-agustos-tebriklerini-cumhurbaskani-gul-kabul-etti-80505","status":"publish","type":"post","link":"https:\/\/www.nationalturk.com\/tr\/karargahta-bir-ilk-30-agustos-tebriklerini-cumhurbaskani-gul-kabul-etti-80505\/","title":{"rendered":"Karargahta bir ilk! 30 A\u011fustos tebriklerini Cumhurba\u015fkan\u0131 G\u00fcl kabul etti"},"content":{"rendered":"<h1><img loading=\"lazy\" decoding=\"async\" class=\"alignleft size-medium wp-image-80506\" title=\"Abdullah G\u00fcl ve K\u0131l\u0131\u00e7daro\u011flu\" src=\"http:\/\/www.nationalturk.com\/tr\/wp-content\/uploads\/2011\/08\/abdullah_gul_kilicdaroglu-280x189.jpg\" alt=\"\" width=\"280\" height=\"189\" srcset=\"https:\/\/www.nationalturk.com\/tr\/wp-content\/uploads\/2011\/08\/abdullah_gul_kilicdaroglu-280x189.jpg 280w, https:\/\/www.nationalturk.com\/tr\/wp-content\/uploads\/2011\/08\/abdullah_gul_kilicdaroglu.jpg 500w\" sizes=\"auto, (max-width: 280px) 100vw, 280px\" \/>T\u00fcrkiye, Ramazan Bayram\u0131 ve B\u00fcy\u00fck Zafer&#8217;in 89. y\u0131ld\u00f6n\u00fcm\u00fcn\u00fc kutlarken; bu y\u0131l karargahda bir ilk ya\u015fand\u0131. Zafer Bayram\u0131 tebriklerini Cumhurba\u015fkan\u0131 Abdullah G\u00fcl kabul etti.<\/h1>\n<p>Cumhurba\u015fkan\u0131 Abdullah G\u00fcl, 30 A\u011fustos Zafer Bayram\u0131&#8217;n\u0131n 89&#8217;uncu y\u0131l d\u00f6n\u00fcm\u00fc m\u00fcnasebetiyle Genelkurmay Ba\u015fkanl\u0131\u011f\u0131 \u015eeref Salonu&#8217;nda &#8216;Ba\u015fkomutan&#8217; olarak kutlamalar\u0131 kabul etmeye ba\u015flad\u0131. G\u00fcl, tebrik ziyaretine gelen konuklarla tek tek tokala\u015ft\u0131. Askeri erkan, G\u00fcl ile tokala\u015f\u0131rken \u00f6nce &#8216;ba\u015f selam\u0131&#8217; verdi, daha sonra tokala\u015ft\u0131.<\/p>\n<!-- Error, Advert is not available at this time due to schedule\/geolocation restrictions! -->\n<!-- Error, Advert is not available at this time due to schedule\/geolocation restrictions! -->\n","protected":false},"excerpt":{"rendered":"<p>T\u00fcrkiye, Ramazan Bayram\u0131 ve B\u00fcy\u00fck Zafer&#8217;in 89. y\u0131ld\u00f6n\u00fcm\u00fcn\u00fc kutlarken; bu y\u0131l karargahda bir ilk ya\u015fand\u0131. Zafer Bayram\u0131 tebriklerini Cumhurba\u015fkan\u0131 Abdullah G\u00fcl kabul etti. <\/p>\n","protected":false},"author":4,"featured_media":187944,"comment_status":"open","ping_status":"open","sticky":false,"template":"","format":"standard","meta":{"_acf_changed":false,"footnotes":""},"categories":[6155,5005,6202,6805],"tags":[78766,42649,4343,78768],"class_list":["post-80505","post","type-post","status-publish","format-standard","has-post-thumbnail","hentry","category-gundem","category-manset","category-politika","category-turkiye","tag-30-agustos","tag-30-agustos-zafer-bayrami","tag-abdullah-gul","tag-zafer-bayrami"],"acf":[],"_links":{"self":[{"href":"https:\/\/www.nationalturk.com\/tr\/wp-json\/wp\/v2\/posts\/80505","targetHints":{"allow":["GET"]}}],"collection":[{"href":"https:\/\/www.nationalturk.com\/tr\/wp-json\/wp\/v2\/posts"}],"about":[{"href":"https:\/\/www.nationalturk.com\/tr\/wp-json\/wp\/v2\/types\/post"}],"author":[{"embeddable":true,"href":"https:\/\/www.nationalturk.com\/tr\/wp-json\/wp\/v2\/users\/4"}],"replies":[{"embeddable":true,"href":"https:\/\/www.nationalturk.com\/tr\/wp-json\/wp\/v2\/comments?post=80505"}],"version-history":[{"count":0,"href":"https:\/\/www.nationalturk.com\/tr\/wp-json\/wp\/v2\/posts\/80505\/revisions"}],"wp:featuredmedia":[{"embeddable":true,"href":"https:\/\/www.nationalturk.com\/tr\/wp-json\/wp\/v2\/media\/187944"}],"wp:attachment":[{"href":"https:\/\/www.nationalturk.com\/tr\/wp-json\/wp\/v2\/media?parent=80505"}],"wp:term":[{"taxonomy":"category","embeddable":true,"href":"https:\/\/www.nationalturk.com\/tr\/wp-json\/wp\/v2\/categories?post=80505"},{"taxonomy":"post_tag","embeddable":true,"href":"https:\/\/www.nationalturk.com\/tr\/wp-json\/wp\/v2\/tags?post=80505"}],"curies":[{"name":"wp","href":"https:\/\/api.w.org\/{rel}","templated":true}]}}