{"id":80765,"date":"2011-09-06T09:12:59","date_gmt":"2011-09-06T06:12:59","guid":{"rendered":"http:\/\/www.nationalturk.com\/?p=80765"},"modified":"2011-09-06T09:12:59","modified_gmt":"2011-09-06T06:12:59","slug":"sinop-termik-santral-eylem-80765","status":"publish","type":"post","link":"https:\/\/www.nationalturk.com\/tr\/sinop-termik-santral-eylem-80765\/","title":{"rendered":"Sinop&#8217;ta termik arbede! 23 yaral\u0131"},"content":{"rendered":"<h1><img loading=\"lazy\" decoding=\"async\" class=\"alignnone size-full wp-image-80766\" title=\"Sinop termik santral\" src=\"http:\/\/www.nationalturk.com\/tr\/wp-content\/uploads\/2011\/09\/sinop_polis_arbede.jpg\" alt=\"\" width=\"610\" height=\"348\"><\/h1>\n<h1>Sinop\u2019ta Yayk\u0131l k\u00f6y\u00fcne kurulmas\u0131 planlanan termik santral\u0131 protesto eden k\u00f6yl\u00fcler ve \u00e7evreciler ile g\u00fcvenlik g\u00fc\u00e7leri aras\u0131nda arbede \u00e7\u0131kt\u0131. Olaylarda 18 eylemci, 3 polis ve 2 asker yaraland\u0131.<\/h1>\n<p>Anadolu Grubu taraf\u0131ndan Yayk\u0131l K\u00f6y\u00fc \u00c7ak\u0131ro\u011flu mevkiine kurulmas\u0131 planlanan termik santrale kar\u015f\u0131 \u00e7\u0131kan \u00e7evrecilerin n\u00f6betleri s\u00fcrerken, sondaj makinelerinin yeniden alana gelece\u011fi haberini alan \u00e7evreciler b\u00f6lgede topland\u0131. \u00a0Sondaj makinelerinin alana gelmesiyle birlikte b\u00f6lgeye sevk edilen jandarma ve \u00e7evik kuvvet ekipleriyle \u00e7evreciler aras\u0131nda arbede ya\u015fand\u0131.<\/p>\n<p>Polis, da\u011f\u0131lmayan \u00e7evrecilerin \u00fczerine tazyikli su s\u0131k\u0131nca olaylar daha da b\u00fcy\u00fcd\u00fc. Gaz bombalar\u0131n\u0131n hedefindeki k\u00f6yl\u00fc ve \u00e7evreciler ta\u015f ve sopalarla g\u00fcvenlik g\u00fc\u00e7lerine sald\u0131rd\u0131. G\u00fcvenlik g\u00fc\u00e7leri g\u00f6stericileri da\u011f\u0131tmak i\u00e7in bir\u00e7ok kez havaya ate\u015f a\u00e7t\u0131. Olaylarda, 18 termik santral kar\u015f\u0131t\u0131 ile 3 polis ve 2 asker yaralan\u0131rken, baz\u0131 i\u015f makinelerinin camlar\u0131 k\u0131r\u0131ld\u0131.<\/p>\n<!-- Error, Advert is not available at this time due to schedule\/geolocation restrictions! -->\n<!-- Error, Advert is not available at this time due to schedule\/geolocation restrictions! -->\n","protected":false},"excerpt":{"rendered":"<p>Sinop\u2019ta Yayk\u0131l k\u00f6y\u00fcne kurulmas\u0131 planlanan termik santral\u0131 protesto eden k\u00f6yl\u00fcler ve \u00e7evreciler ile g\u00fcvenlik g\u00fc\u00e7leri aras\u0131nda arbede \u00e7\u0131kt\u0131. Olaylarda 18 eylemci, 3 polis ve 2 asker yaraland\u0131.<\/p>\n","protected":false},"author":4,"featured_media":80766,"comment_status":"open","ping_status":"open","sticky":false,"template":"","format":"standard","meta":{"_acf_changed":false,"footnotes":""},"categories":[6155,5005,6202,6805],"tags":[21334,38356,34446,38355,79548,22460],"class_list":["post-80765","post","type-post","status-publish","format-standard","has-post-thumbnail","hentry","category-gundem","category-manset","category-politika","category-turkiye","tag-anadolu","tag-gerze","tag-sinop","tag-sinop-gerze","tag-sinop-olaylar","tag-sinop-termik-santral"],"acf":[],"_links":{"self":[{"href":"https:\/\/www.nationalturk.com\/tr\/wp-json\/wp\/v2\/posts\/80765","targetHints":{"allow":["GET"]}}],"collection":[{"href":"https:\/\/www.nationalturk.com\/tr\/wp-json\/wp\/v2\/posts"}],"about":[{"href":"https:\/\/www.nationalturk.com\/tr\/wp-json\/wp\/v2\/types\/post"}],"author":[{"embeddable":true,"href":"https:\/\/www.nationalturk.com\/tr\/wp-json\/wp\/v2\/users\/4"}],"replies":[{"embeddable":true,"href":"https:\/\/www.nationalturk.com\/tr\/wp-json\/wp\/v2\/comments?post=80765"}],"version-history":[{"count":0,"href":"https:\/\/www.nationalturk.com\/tr\/wp-json\/wp\/v2\/posts\/80765\/revisions"}],"wp:featuredmedia":[{"embeddable":true,"href":"https:\/\/www.nationalturk.com\/tr\/wp-json\/wp\/v2\/media\/80766"}],"wp:attachment":[{"href":"https:\/\/www.nationalturk.com\/tr\/wp-json\/wp\/v2\/media?parent=80765"}],"wp:term":[{"taxonomy":"category","embeddable":true,"href":"https:\/\/www.nationalturk.com\/tr\/wp-json\/wp\/v2\/categories?post=80765"},{"taxonomy":"post_tag","embeddable":true,"href":"https:\/\/www.nationalturk.com\/tr\/wp-json\/wp\/v2\/tags?post=80765"}],"curies":[{"name":"wp","href":"https:\/\/api.w.org\/{rel}","templated":true}]}}