{"id":80769,"date":"2011-09-06T09:36:16","date_gmt":"2011-09-06T06:36:16","guid":{"rendered":"http:\/\/www.nationalturk.com\/?p=80769"},"modified":"2011-09-06T09:36:16","modified_gmt":"2011-09-06T06:36:16","slug":"chavez-asgari-ucrete-zam-259","status":"publish","type":"post","link":"https:\/\/www.nationalturk.com\/tr\/chavez-asgari-ucrete-zam-259\/","title":{"rendered":"Chavez &#8216;den asgari \u00fccrete zam"},"content":{"rendered":"<h2><a href=\"http:\/\/www.nationalturk.com\/tr\/wp-content\/uploads\/2011\/09\/hugo-chavez-asgari-ucret-zam.jpg\"><img loading=\"lazy\" decoding=\"async\" class=\"alignleft size-medium wp-image-80770\" title=\"Chavez &#039;den asgari \u00fccrete zam\" src=\"http:\/\/www.nationalturk.com\/tr\/wp-content\/uploads\/2011\/09\/hugo-chavez-asgari-ucret-zam-280x220.jpg\" alt=\"\" width=\"280\" height=\"220\" srcset=\"https:\/\/www.nationalturk.com\/tr\/wp-content\/uploads\/2011\/09\/hugo-chavez-asgari-ucret-zam-280x220.jpg 280w, https:\/\/www.nationalturk.com\/tr\/wp-content\/uploads\/2011\/09\/hugo-chavez-asgari-ucret-zam.jpg 450w\" sizes=\"auto, (max-width: 280px) 100vw, 280px\" \/><\/a><\/h2>\n<h2>Chavez asgari \u00fccrete y\u00fczde 10 zam yapt\u0131.<\/h2>\n<p>Venezuela&#8217;da asgari \u00fccrete y\u00fczde 10 zam yap\u0131l\u0131rken, buna g\u00f6re asgari \u00fccret 1548 bolivar (360 dolar) oldu.<\/p>\n<p>Art\u0131\u015f Nisan ay\u0131nda al\u0131nan karar uyar\u0131nca Devlet Ba\u015fkan\u0131 Hugo Chavez taraf\u0131ndan yap\u0131lan bu y\u00f6ndeki ikinci zam oldu. %15 oran\u0131ndaki ilk zam 1 May\u0131s g\u00fcn\u00fc yap\u0131lm\u0131\u015ft\u0131. Y\u00fcr\u00fcrl\u00fc\u011fe giren zam karar\u0131 sadece i\u015f\u00e7ileri de\u011fil emeklileri de kaps\u0131yor.<\/p>\n<p>12 y\u0131ld\u0131r iktidarda bulunan Hugo Chavez h\u00fck\u00fcmeti asgari \u00fccreti s\u00fcrekli artt\u0131rarak, halk\u0131n ya\u015fam ko\u015fullar\u0131n\u0131 iyile\u015ftirmeyi hedeflerken, \u00c7al\u0131\u015fma Bakan\u0131 Maria Cristina Iglesias h\u00fck\u00fcmetin en zorlu ko\u015fullarda bile asgari \u00fccrete zam yapt\u0131\u011f\u0131n\u0131 belirtti. Iglesias 1999 y\u0131l\u0131ndan beri 3.5 milyon yeni i\u015f olana\u011f\u0131n\u0131n yarat\u0131ld\u0131\u011f\u0131n\u0131 belirtirken i\u015fsizlik oran\u0131 da bu d\u00f6neme g\u00f6re %16 seviyelerinden %8 seviyelerine indirildi.<\/p>\n<!-- Error, Advert is not available at this time due to schedule\/geolocation restrictions! -->\n","protected":false},"excerpt":{"rendered":"<p>Chavezden asgari \u00fccrete zam. Venezuelada asgari \u00fccrete y\u00fczde 10 zam yap\u0131l\u0131rken, buna g\u00f6re asgari \u00fccret 1548 bolivar,360 dolar, oldu. <\/p>\n","protected":false},"author":3,"featured_media":187907,"comment_status":"open","ping_status":"open","sticky":false,"template":"","format":"standard","meta":{"_acf_changed":false,"footnotes":""},"categories":[6665,6155,6771,5005,6202],"tags":[19274,7010],"class_list":["post-80769","post","type-post","status-publish","format-standard","has-post-thumbnail","hentry","category-dunya","category-gundem","category-latin-amerika","category-manset","category-politika","tag-chavez","tag-hugo-chavez"],"acf":[],"_links":{"self":[{"href":"https:\/\/www.nationalturk.com\/tr\/wp-json\/wp\/v2\/posts\/80769","targetHints":{"allow":["GET"]}}],"collection":[{"href":"https:\/\/www.nationalturk.com\/tr\/wp-json\/wp\/v2\/posts"}],"about":[{"href":"https:\/\/www.nationalturk.com\/tr\/wp-json\/wp\/v2\/types\/post"}],"author":[{"embeddable":true,"href":"https:\/\/www.nationalturk.com\/tr\/wp-json\/wp\/v2\/users\/3"}],"replies":[{"embeddable":true,"href":"https:\/\/www.nationalturk.com\/tr\/wp-json\/wp\/v2\/comments?post=80769"}],"version-history":[{"count":0,"href":"https:\/\/www.nationalturk.com\/tr\/wp-json\/wp\/v2\/posts\/80769\/revisions"}],"wp:featuredmedia":[{"embeddable":true,"href":"https:\/\/www.nationalturk.com\/tr\/wp-json\/wp\/v2\/media\/187907"}],"wp:attachment":[{"href":"https:\/\/www.nationalturk.com\/tr\/wp-json\/wp\/v2\/media?parent=80769"}],"wp:term":[{"taxonomy":"category","embeddable":true,"href":"https:\/\/www.nationalturk.com\/tr\/wp-json\/wp\/v2\/categories?post=80769"},{"taxonomy":"post_tag","embeddable":true,"href":"https:\/\/www.nationalturk.com\/tr\/wp-json\/wp\/v2\/tags?post=80769"}],"curies":[{"name":"wp","href":"https:\/\/api.w.org\/{rel}","templated":true}]}}