{"id":80985,"date":"2011-09-08T10:11:32","date_gmt":"2011-09-08T07:11:32","guid":{"rendered":"http:\/\/www.nationalturk.com\/?p=80985"},"modified":"2011-09-08T15:50:18","modified_gmt":"2011-09-08T12:50:18","slug":"akpden-bedelli-askerlik-surprizi-80985","status":"publish","type":"post","link":"https:\/\/www.nationalturk.com\/tr\/akpden-bedelli-askerlik-surprizi-80985\/","title":{"rendered":"AKP&#8217;den bedelli askerlik s\u00fcrprizi"},"content":{"rendered":"<h1><img loading=\"lazy\" decoding=\"async\" class=\"alignleft size-medium wp-image-80989\" title=\"\" src=\"http:\/\/www.nationalturk.com\/tr\/wp-content\/uploads\/2011\/09\/asker_kisla-280x210.jpg\" alt=\"\" width=\"280\" height=\"210\" srcset=\"https:\/\/www.nationalturk.com\/tr\/wp-content\/uploads\/2011\/09\/asker_kisla-280x210.jpg 280w, https:\/\/www.nationalturk.com\/tr\/wp-content\/uploads\/2011\/09\/asker_kisla-533x400.jpg 533w, https:\/\/www.nationalturk.com\/tr\/wp-content\/uploads\/2011\/09\/asker_kisla.jpg 800w\" sizes=\"auto, (max-width: 280px) 100vw, 280px\" \/>AKP h\u00fck\u00fcmeti bedelli askerlik i\u00e7in \u00f6nemli bir ad\u0131m att\u0131. T\u00fcrk Silahl\u0131 Kuvvetleri ile uzla\u015fmaya vard\u0131\u011f\u0131 ileri s\u00fcr\u00fclen h\u00fck\u00fcmetin bedelli askerlik m\u00fcjdesini vermeye haz\u0131rland\u0131\u011f\u0131 \u00f6\u011frenildi.<\/h1>\n<p>Radikal gazetesinin haberine g\u00f6re h\u00fck\u00fcmet yeni askerlik sistemi \u00fczerinde \u00e7al\u0131\u015f\u0131rken bedelli askerlik ile ilgili de \u00e7al\u0131\u015fmalarda bulundu. Ba\u015fbakan Recep Tayyip Erdo\u011fan\u2019\u0131n yak\u0131n \u00e7evresine \u2018\u00e7al\u0131\u015fmalarda son a\u015famaya gelindi\u011fi\u2019ni s\u00f6yledi\u011fi iddia edilirken bedelli askerlik alt ya\u015f s\u0131n\u0131r\u0131n\u0131n 35 olmas\u0131 \u00f6ng\u00f6r\u00fcl\u00fcyor.\u00a0Yeni askerlik sistemi \u00fczerinde \u00e7al\u0131\u015fan h\u00fck\u00fcmetin g\u00fcndeminde bedelli askerlik de var.<\/p>\n<p>Bedelli askerlik uygulamas\u0131ndan 200 bin civar\u0131nda ki\u015finin yararlanmas\u0131 planlan\u0131yor. Kamuoyunda uzun s\u00fcredir tart\u0131\u015f\u0131lan bedelli askerlik konusu Genelkurmay Ba\u015fkanl\u0131\u011f\u0131\u2019n\u0131n kar\u015f\u0131 \u00e7\u0131kmas\u0131 nedeniyle bir t\u00fcrl\u00fc uygulanam\u0131yordu.<\/p>\n<!-- Error, Advert is not available at this time due to schedule\/geolocation restrictions! -->\n<!-- Error, Advert is not available at this time due to schedule\/geolocation restrictions! -->\n","protected":false},"excerpt":{"rendered":"<p>AKP h\u00fck\u00fcmeti bedelli askerlik i\u00e7in \u00f6nemli bir ad\u0131m att\u0131. T\u00fcrk Silahl\u0131 Kuvvetleri ile uzla\u015fmaya vard\u0131\u011f\u0131 ileri s\u00fcr\u00fclen h\u00fck\u00fcmetin bedelli askerlik m\u00fcjdesini vermeye haz\u0131rland\u0131\u011f\u0131 \u00f6\u011frenildi.<\/p>\n","protected":false},"author":4,"featured_media":187870,"comment_status":"open","ping_status":"open","sticky":false,"template":"","format":"standard","meta":{"_acf_changed":false,"footnotes":""},"categories":[6155,6202,6805],"tags":[9476,79699,63425,11974],"class_list":["post-80985","post","type-post","status-publish","format-standard","has-post-thumbnail","hentry","category-gundem","category-politika","category-turkiye","tag-akp","tag-akp-bedelli-askerlik","tag-basbakan-erdogan-bedelli-askerlik","tag-bedelli-askerlik"],"acf":[],"_links":{"self":[{"href":"https:\/\/www.nationalturk.com\/tr\/wp-json\/wp\/v2\/posts\/80985","targetHints":{"allow":["GET"]}}],"collection":[{"href":"https:\/\/www.nationalturk.com\/tr\/wp-json\/wp\/v2\/posts"}],"about":[{"href":"https:\/\/www.nationalturk.com\/tr\/wp-json\/wp\/v2\/types\/post"}],"author":[{"embeddable":true,"href":"https:\/\/www.nationalturk.com\/tr\/wp-json\/wp\/v2\/users\/4"}],"replies":[{"embeddable":true,"href":"https:\/\/www.nationalturk.com\/tr\/wp-json\/wp\/v2\/comments?post=80985"}],"version-history":[{"count":0,"href":"https:\/\/www.nationalturk.com\/tr\/wp-json\/wp\/v2\/posts\/80985\/revisions"}],"wp:featuredmedia":[{"embeddable":true,"href":"https:\/\/www.nationalturk.com\/tr\/wp-json\/wp\/v2\/media\/187870"}],"wp:attachment":[{"href":"https:\/\/www.nationalturk.com\/tr\/wp-json\/wp\/v2\/media?parent=80985"}],"wp:term":[{"taxonomy":"category","embeddable":true,"href":"https:\/\/www.nationalturk.com\/tr\/wp-json\/wp\/v2\/categories?post=80985"},{"taxonomy":"post_tag","embeddable":true,"href":"https:\/\/www.nationalturk.com\/tr\/wp-json\/wp\/v2\/tags?post=80985"}],"curies":[{"name":"wp","href":"https:\/\/api.w.org\/{rel}","templated":true}]}}