{"id":81676,"date":"2011-09-14T17:22:16","date_gmt":"2011-09-14T14:22:16","guid":{"rendered":"http:\/\/www.nationalturk.com\/?p=81676"},"modified":"2011-09-14T17:22:16","modified_gmt":"2011-09-14T14:22:16","slug":"inci-sozluk-fenerbahce-qamberdesouza-81676","status":"publish","type":"post","link":"https:\/\/www.nationalturk.com\/tr\/inci-sozluk-fenerbahce-qamberdesouza-81676\/","title":{"rendered":"\u0130nci S\u00f6zl\u00fck&#8217;ten Fenerbah\u00e7e taraftar\u0131na b\u00fcy\u00fck oyun: \u0130yi ki do\u011fdun Qamber de Souza"},"content":{"rendered":"<h1><img loading=\"lazy\" decoding=\"async\" class=\"alignleft size-full wp-image-81677\" title=\"Alex de Souza\" src=\"http:\/\/www.nationalturk.com\/tr\/wp-content\/uploads\/2011\/09\/alex_dogum_gunu.jpg\" alt=\"\" width=\"368\" height=\"232\" srcset=\"https:\/\/www.nationalturk.com\/tr\/wp-content\/uploads\/2011\/09\/alex_dogum_gunu.jpg 460w, https:\/\/www.nationalturk.com\/tr\/wp-content\/uploads\/2011\/09\/alex_dogum_gunu-280x176.jpg 280w\" sizes=\"auto, (max-width: 368px) 100vw, 368px\" \/>\u0130nci S\u00f6zl\u00fck bu sefer de Fenerbah\u00e7eli Twitter kullan\u0131c\u0131lar\u0131n\u0131 mat etti. Alex de Souza&#8217;n\u0131n do\u011fum g\u00fcn\u00fcn\u00fc f\u0131rsat bilen \u0130nci S\u00f6zl\u00fck, \u00fcnl\u00fc yazar\u0131 qamberdesouza&#8217;y\u0131 Fenerbah\u00e7eli taraftarlar\u0131n dalg\u0131nl\u0131\u011f\u0131ndan yararlanarak trend topic yapt\u0131.<\/h1>\n<p>Fenerbah\u00e7e kaptan\u0131 Alex de Souza 34. ya\u015f g\u00fcn\u00fcn\u00fc kutlarken Twitter&#8217;da da Fenerbah\u00e7eli taraftarlar kutlama mesajlar\u0131yla Alex de Souza ismini trend topic listesine soktu. Bu arada internetteki muziplikleriyle nam salan \u0130nci S\u00f6zl\u00fck yazarlar\u0131 da harekete ge\u00e7erek Fenerbah\u00e7eli taraftarlara adeta ikinci &#8220;Cobarde \u00a0Gallina Ortega&#8221; facias\u0131n\u0131 ya\u015fatt\u0131.<\/p>\n<p>\u0130nci S\u00f6zl\u00fck yazarlar\u0131n\u0131n &#8220;iyikidogdunqamberdesouza&#8221; tweetleri dikkatsiz binlerce Fenerbah\u00e7eli taraf\u0131ndan RT edildi. Ve \u0130nci S\u00f6zl\u00fck amac\u0131na ula\u015farak &#8220;&#8221;iyikidogdunqamberdesouza&#8221; ba\u015fl\u0131\u011f\u0131n\u0131 Twitter&#8217;da topic trend listesine sokmay\u0131 ba\u015fard\u0131.<\/p>\n<p>Qamberdesouza, \u0130nci S\u00f6zl\u00fck&#8217;\u00fcn en \u00fcnl\u00fc yazarlar\u0131ndan biri.<\/p>\n<!-- Error, Advert is not available at this time due to schedule\/geolocation restrictions! -->\n<!-- Error, Advert is not available at this time due to schedule\/geolocation restrictions! -->\n","protected":false},"excerpt":{"rendered":"<p>\u0130nci S\u00f6zl\u00fck bu sefer de Fenerbah\u00e7eli Twitter kullan\u0131c\u0131lar\u0131n\u0131 mat etti. Alex de Souza&#8217;n\u0131n do\u011fum g\u00fcn\u00fcn\u00fc f\u0131rsat bilen \u0130nci S\u00f6zl\u00fck, \u00fcnl\u00fc yazar\u0131 qamberdesouza&#8217;y\u0131 Fenerbah\u00e7eli taraftarlar\u0131n dalg\u0131nl\u0131\u011f\u0131ndan yararlanarak trend topic yapt\u0131. <\/p>\n","protected":false},"author":4,"featured_media":81677,"comment_status":"open","ping_status":"open","sticky":false,"template":"","format":"standard","meta":{"_acf_changed":false,"footnotes":""},"categories":[6774,5005,6194],"tags":[8307,71935,36912,48055],"class_list":["post-81676","post","type-post","status-publish","format-standard","has-post-thumbnail","hentry","category-futbol","category-manset","category-spor","tag-alex-de-souza","tag-inci","tag-inci-sozluk","tag-twitter"],"acf":[],"_links":{"self":[{"href":"https:\/\/www.nationalturk.com\/tr\/wp-json\/wp\/v2\/posts\/81676","targetHints":{"allow":["GET"]}}],"collection":[{"href":"https:\/\/www.nationalturk.com\/tr\/wp-json\/wp\/v2\/posts"}],"about":[{"href":"https:\/\/www.nationalturk.com\/tr\/wp-json\/wp\/v2\/types\/post"}],"author":[{"embeddable":true,"href":"https:\/\/www.nationalturk.com\/tr\/wp-json\/wp\/v2\/users\/4"}],"replies":[{"embeddable":true,"href":"https:\/\/www.nationalturk.com\/tr\/wp-json\/wp\/v2\/comments?post=81676"}],"version-history":[{"count":0,"href":"https:\/\/www.nationalturk.com\/tr\/wp-json\/wp\/v2\/posts\/81676\/revisions"}],"wp:featuredmedia":[{"embeddable":true,"href":"https:\/\/www.nationalturk.com\/tr\/wp-json\/wp\/v2\/media\/81677"}],"wp:attachment":[{"href":"https:\/\/www.nationalturk.com\/tr\/wp-json\/wp\/v2\/media?parent=81676"}],"wp:term":[{"taxonomy":"category","embeddable":true,"href":"https:\/\/www.nationalturk.com\/tr\/wp-json\/wp\/v2\/categories?post=81676"},{"taxonomy":"post_tag","embeddable":true,"href":"https:\/\/www.nationalturk.com\/tr\/wp-json\/wp\/v2\/tags?post=81676"}],"curies":[{"name":"wp","href":"https:\/\/api.w.org\/{rel}","templated":true}]}}