{"id":8247,"date":"2009-11-08T22:22:23","date_gmt":"2009-11-08T19:22:23","guid":{"rendered":"http:\/\/www.nationalturk.com\/?p=8247"},"modified":"2009-11-08T22:22:23","modified_gmt":"2009-11-08T19:22:23","slug":"u-17-dunya-kupasi-2","status":"publish","type":"post","link":"https:\/\/www.nationalturk.com\/tr\/u-17-dunya-kupasi-2\/","title":{"rendered":"U17&#8217;ler D\u00fcnya Kupas\u0131&#8217;na veda etti"},"content":{"rendered":"<p><strong>U17 Millilerimiz, Nijerya&#8217;da d\u00fczenlenen FIFA U17 D\u00fcnya Kupas\u0131 \u00e7eyrek finalinde Kolombiya&#8217;ya normal s\u00fcresi ve uzatmalar\u0131 1-1 biten ma\u00e7ta penalt\u0131 at\u0131\u015flar\u0131 sonunda 5-3 yenilerek elendi.<br \/>\n<\/strong><br \/>\n<a href=\"http:\/\/www.nationalturk.com\/tr\/wp-content\/uploads\/2009\/11\/turkiye-kolombiya.jpg\"><img loading=\"lazy\" decoding=\"async\" class=\"alignleft size-full wp-image-8248\" title=\"turkiye-kolombiya\" src=\"http:\/\/www.nationalturk.com\/tr\/wp-content\/uploads\/2009\/11\/turkiye-kolombiya.jpg\" alt=\"turkiye-kolombiya\" width=\"480\" height=\"363\" srcset=\"https:\/\/www.nationalturk.com\/tr\/wp-content\/uploads\/2009\/11\/turkiye-kolombiya.jpg 480w, https:\/\/www.nationalturk.com\/tr\/wp-content\/uploads\/2009\/11\/turkiye-kolombiya-280x211.jpg 280w\" sizes=\"auto, (max-width: 480px) 100vw, 480px\" \/><\/a>Bauchi \u015fehrindeki Abubakar Tafawa Balewa Stad\u0131&#8217;nda oynanan kar\u015f\u0131la\u015fman\u0131n normal s\u00fcresinde Milli Tak\u0131m\u0131m\u0131z\u0131n gol\u00fcn\u00fc 20. dakikada Muhammet Demir kaydederken, Kolombiya&#8217;n\u0131n gol\u00fc 90. dakikada Ramos&#8217;tan geldi. Normal s\u00fcre ve sonras\u0131nda oynanan 15&#8217;er dakikal\u0131k uzatmalar 1-1 sona erince penalt\u0131 at\u0131\u015flar\u0131na ge\u00e7ildi.<\/p>\n<p>Milli Tak\u0131m\u0131m\u0131z ad\u0131na Orhan G\u00fclle, G\u00f6kay \u0130ravul ve Okan Alkan penalt\u0131 at\u0131\u015flar\u0131n\u0131 gole \u00e7evirirken, Furkan \u015eeker penatl\u0131 at\u0131\u015f\u0131n\u0131 gol yapamad\u0131. Kolombiya ad\u0131na ise Arias, Morillo, Ramos, Catano ve Cuellar penalt\u0131 at\u0131\u015flar\u0131n\u0131 gole \u00e7evirdi.<\/p>\n<p>Normal s\u00fcresi ve uzatmalar\u0131 1-1 berabere biten ma\u00e7\u0131n sonunda Kolombiya&#8217;ya penalt\u0131 at\u0131\u015flar\u0131nda elenen ancak oynad\u0131\u011f\u0131 be\u015f ma\u00e7ta da yenilmeyen Millilerimiz, D\u00fcnya Kupas\u0131&#8217;nda oynad\u0131\u011f\u0131 ma\u00e7larda Birle\u015fik Arap Emirlikleri&#8217;ni 2-0, Burkina Faso&#8217;yu 1-0, Kosta Rika&#8217;y\u0131 4-1 ma\u011flup etmi\u015f, Yeni Zelanda ile 1-1 berabere kalm\u0131\u015ft\u0131.<\/p>\n","protected":false},"excerpt":{"rendered":"<p>FIFA U17 D\u00fcnya Kupas\u0131 \u00e7eyrek finalinde Kolombiya&#8217;ya normal s\u00fcresi ve uzatmalar\u0131 1-1 biten ma\u00e7ta penalt\u0131 at\u0131\u015flar\u0131 sonunda 5-3 yenilerek elendi. <\/p>\n","protected":false},"author":6,"featured_media":8248,"comment_status":"open","ping_status":"open","sticky":false,"template":"","format":"standard","meta":{"_acf_changed":false,"footnotes":""},"categories":[8244,6774,349,6194],"tags":[8491,6595,8489,8487,5209,8492,8488,8486,8490,195938,8485,8484,8493],"class_list":["post-8247","post","type-post","status-publish","format-standard","has-post-thumbnail","hentry","category-fifa-dunya-kupasi","category-futbol","category-son-dakika","category-spor","tag-burkina-faso-1-0","tag-dunya-kupasi","tag-furkan-seker","tag-gokay-iravul","tag-kolombiya","tag-kosta-rika-4-1","tag-okan-alkan","tag-orhan-gulle","tag-penalti","tag-turkiye","tag-turkiye-kolombiya","tag-u17","tag-yeni-zelanda-1-1"],"acf":[],"_links":{"self":[{"href":"https:\/\/www.nationalturk.com\/tr\/wp-json\/wp\/v2\/posts\/8247","targetHints":{"allow":["GET"]}}],"collection":[{"href":"https:\/\/www.nationalturk.com\/tr\/wp-json\/wp\/v2\/posts"}],"about":[{"href":"https:\/\/www.nationalturk.com\/tr\/wp-json\/wp\/v2\/types\/post"}],"author":[{"embeddable":true,"href":"https:\/\/www.nationalturk.com\/tr\/wp-json\/wp\/v2\/users\/6"}],"replies":[{"embeddable":true,"href":"https:\/\/www.nationalturk.com\/tr\/wp-json\/wp\/v2\/comments?post=8247"}],"version-history":[{"count":0,"href":"https:\/\/www.nationalturk.com\/tr\/wp-json\/wp\/v2\/posts\/8247\/revisions"}],"wp:featuredmedia":[{"embeddable":true,"href":"https:\/\/www.nationalturk.com\/tr\/wp-json\/wp\/v2\/media\/8248"}],"wp:attachment":[{"href":"https:\/\/www.nationalturk.com\/tr\/wp-json\/wp\/v2\/media?parent=8247"}],"wp:term":[{"taxonomy":"category","embeddable":true,"href":"https:\/\/www.nationalturk.com\/tr\/wp-json\/wp\/v2\/categories?post=8247"},{"taxonomy":"post_tag","embeddable":true,"href":"https:\/\/www.nationalturk.com\/tr\/wp-json\/wp\/v2\/tags?post=8247"}],"curies":[{"name":"wp","href":"https:\/\/api.w.org\/{rel}","templated":true}]}}