{"id":82561,"date":"2011-09-22T11:37:25","date_gmt":"2011-09-22T08:37:25","guid":{"rendered":"http:\/\/www.nationalturk.com\/?p=82561"},"modified":"2024-09-08T16:59:23","modified_gmt":"2024-09-08T13:59:23","slug":"diyarbakirda-polise-saldiri-1-sehit-4-yarali-82561","status":"publish","type":"post","link":"https:\/\/www.nationalturk.com\/tr\/diyarbakirda-polise-saldiri-1-sehit-4-yarali-82561\/","title":{"rendered":"Diyarbak\u0131r&#8217;da polise sald\u0131r\u0131: 1 \u015fehit 4 yaral\u0131"},"content":{"rendered":"<h1><img loading=\"lazy\" decoding=\"async\" class=\"alignleft size-medium wp-image-82562\" title=\"\" src=\"http:\/\/www.nationalturk.com\/tr\/wp-content\/uploads\/2011\/09\/son-dakika-yatay18-280x161.jpg\" alt=\"\" width=\"280\" height=\"161\" srcset=\"https:\/\/www.nationalturk.com\/tr\/wp-content\/uploads\/2011\/09\/son-dakika-yatay18-280x161.jpg 280w, https:\/\/www.nationalturk.com\/tr\/wp-content\/uploads\/2011\/09\/son-dakika-yatay18-610x351.jpg 610w, https:\/\/www.nationalturk.com\/tr\/wp-content\/uploads\/2011\/09\/son-dakika-yatay18.jpg 708w\" sizes=\"auto, (max-width: 280px) 100vw, 280px\" \/>Diyarbak\u0131r&#8217;da polise sald\u0131r\u0131: 1 \u015fehit 4 yaral\u0131!\u00a0Diyarbak\u0131r&#8217;da polis ekibine silahl\u0131 sald\u0131r\u0131 d\u00fczenlendi, 1 polis memuru \u015fehit olurken 4 ki\u015fi de yaraland\u0131.<\/h1>\n<p>Al\u0131nan bilgilere g\u00f6re Diyarbak\u0131r&#8217;\u0131n Sur il\u00e7esinde polis ekibine silahl\u0131 sald\u0131r\u0131 d\u00fczenlendi. A\u00e7\u0131lan ilk ate\u015fte 1 polis memuru \u015fehit olurken 4 ki\u015fi de yaraland\u0131. Diyarbak\u0131r Valisi Mustafa Toprak 1 polisin \u015fehit oldu\u011funu do\u011frulad\u0131.<\/p>\n<p>Sur il\u00e7esinde motosikletlerinin bak\u0131m\u0131 i\u00e7in bir tamirhaneye giden yunus ekibine ba\u011fl\u0131 2 polis burada bir ter\u00f6rist taraf\u0131ndan otomatik silahla tarand\u0131. Polislerden biri olay yerinde \u015fehit olurken di\u011fer polis a\u011f\u0131r yaraland\u0131. \u0130\u015f yerinde bulunan 2 ki\u015fi de yaral\u0131lar aras\u0131nda.<\/p>\n<p>Sald\u0131r\u0131n\u0131n ard\u0131ndan ter\u00f6ristler Sur il\u00e7esinin arka sokaklar\u0131na ka\u00e7t\u0131. \u015eehrin giri\u015f \u00e7\u0131k\u0131\u015flar\u0131 tutulurken ka\u00e7an sald\u0131rganlar\u0131 yakalamak i\u00e7in operasyon ba\u015flat\u0131ld\u0131.<\/p>\n<!-- Error, Advert is not available at this time due to schedule\/geolocation restrictions! -->\n<!-- Error, Advert is not available at this time due to schedule\/geolocation restrictions! -->\n","protected":false},"excerpt":{"rendered":"<p>Diyarbak\u0131r&#8217;da polise sald\u0131r\u0131: 1 \u015fehit 4 yaral\u0131! Diyarbak\u0131r&#8217;da polis ekibine silahl\u0131 sald\u0131r\u0131 d\u00fczenlendi, 1 polis memuru \u015fehit olurken 4 ki\u015fi de yaraland\u0131.<\/p>\n","protected":false},"author":4,"featured_media":187650,"comment_status":"open","ping_status":"open","sticky":false,"template":"","format":"standard","meta":{"_acf_changed":false,"footnotes":""},"categories":[6155,5005,349,6805],"tags":[1470,75432,80932,80933,80934,42551,42552,56703,80935],"class_list":["post-82561","post","type-post","status-publish","format-standard","has-post-thumbnail","hentry","category-gundem","category-manset","category-son-dakika","category-turkiye","tag-diyarbakir","tag-diyarbakir-catisma","tag-diyarbakir-polise-saldiri","tag-diyarbakir-sur","tag-diyarbakir-sur-catisma","tag-diyarbakir-valisi","tag-mustafa-toprak","tag-sur","tag-sur-catisma"],"acf":[],"_links":{"self":[{"href":"https:\/\/www.nationalturk.com\/tr\/wp-json\/wp\/v2\/posts\/82561","targetHints":{"allow":["GET"]}}],"collection":[{"href":"https:\/\/www.nationalturk.com\/tr\/wp-json\/wp\/v2\/posts"}],"about":[{"href":"https:\/\/www.nationalturk.com\/tr\/wp-json\/wp\/v2\/types\/post"}],"author":[{"embeddable":true,"href":"https:\/\/www.nationalturk.com\/tr\/wp-json\/wp\/v2\/users\/4"}],"replies":[{"embeddable":true,"href":"https:\/\/www.nationalturk.com\/tr\/wp-json\/wp\/v2\/comments?post=82561"}],"version-history":[{"count":0,"href":"https:\/\/www.nationalturk.com\/tr\/wp-json\/wp\/v2\/posts\/82561\/revisions"}],"wp:featuredmedia":[{"embeddable":true,"href":"https:\/\/www.nationalturk.com\/tr\/wp-json\/wp\/v2\/media\/187650"}],"wp:attachment":[{"href":"https:\/\/www.nationalturk.com\/tr\/wp-json\/wp\/v2\/media?parent=82561"}],"wp:term":[{"taxonomy":"category","embeddable":true,"href":"https:\/\/www.nationalturk.com\/tr\/wp-json\/wp\/v2\/categories?post=82561"},{"taxonomy":"post_tag","embeddable":true,"href":"https:\/\/www.nationalturk.com\/tr\/wp-json\/wp\/v2\/tags?post=82561"}],"curies":[{"name":"wp","href":"https:\/\/api.w.org\/{rel}","templated":true}]}}