{"id":82837,"date":"2011-09-24T13:44:11","date_gmt":"2011-09-24T10:44:11","guid":{"rendered":"http:\/\/www.nationalturk.com\/?p=82837"},"modified":"2024-09-08T16:59:21","modified_gmt":"2024-09-08T13:59:21","slug":"sehit-erman-tosun-82837","status":"publish","type":"post","link":"https:\/\/www.nationalturk.com\/tr\/sehit-erman-tosun-82837\/","title":{"rendered":"Diyarbak\u0131r&#8217;da polis memuru Erman Tosun da \u015fehit oldu"},"content":{"rendered":"<h1><img loading=\"lazy\" decoding=\"async\" class=\"alignleft size-medium wp-image-82838\" title=\"Diyarbak\u0131r\" src=\"http:\/\/www.nationalturk.com\/tr\/wp-content\/uploads\/2011\/09\/diyarbakirr__saldiri-280x178.jpg\" alt=\"\" width=\"280\" height=\"178\" srcset=\"https:\/\/www.nationalturk.com\/tr\/wp-content\/uploads\/2011\/09\/diyarbakirr__saldiri-280x178.jpg 280w, https:\/\/www.nationalturk.com\/tr\/wp-content\/uploads\/2011\/09\/diyarbakirr__saldiri.jpg 470w\" sizes=\"auto, (max-width: 280px) 100vw, 280px\" \/>Per\u015fembe g\u00fcn\u00fc Diyarbak\u0131r&#8217;da PKK&#8217;l\u0131 ter\u00f6ristlerce d\u00fczenlenen silahl\u0131 sald\u0131r\u0131da a\u011f\u0131r yaralanan polis memuru Erman Tosun bug\u00fcn \u015fehit oldu.<\/h1>\n<p>Sur il\u00e7esinde Emniyet M\u00fcd\u00fcrl\u00fc\u011f\u00fc Asayi\u015f \u015eube M\u00fcd\u00fcrl\u00fc\u011f\u00fc&#8217;ne ba\u011fl\u0131 motorsikletli Yunus Timi\u2019nde g\u00f6rev yapan Erman Tosun sald\u0131r\u0131da a\u011f\u0131r yaralanm\u0131\u015f ve Dicle \u00dcniversitesi Hastanesi&#8217;nde tedavi alt\u0131na al\u0131nm\u0131\u015ft\u0131. Erman Tosun Per\u015fembe g\u00fcn\u00fcnden beri s\u00fcrd\u00fcrd\u00fc\u011f\u00fc ya\u015fam m\u00fccadelesini kaybetti. Erman Tosun, kapka\u00e7 ve gasp olaylar\u0131n\u0131n s\u0131k s\u0131k ya\u015fand\u0131\u011f\u0131 Turistik Caddesi&#8217;inde &#8216;\u00f6nleyici kolluk hizmeti&#8217; yaparken arkada\u015flar\u0131yla birlikte sald\u0131r\u0131ya u\u011fram\u0131\u015ft\u0131.<\/p>\n<!-- Error, Advert is not available at this time due to schedule\/geolocation restrictions! -->\n<!-- Error, Advert is not available at this time due to schedule\/geolocation restrictions! -->\n","protected":false},"excerpt":{"rendered":"<p>Per\u015fembe g\u00fcn\u00fc Diyarbak\u0131r&#8217;da PKK&#8217;l\u0131 ter\u00f6ristlerce d\u00fczenlenen silahl\u0131 sald\u0131r\u0131da a\u011f\u0131r yaralanan polis memuru Erman Tosun bug\u00fcn \u015fehit oldu. <\/p>\n","protected":false},"author":4,"featured_media":187613,"comment_status":"open","ping_status":"open","sticky":false,"template":"","format":"standard","meta":{"_acf_changed":false,"footnotes":""},"categories":[6155,5005,6805],"tags":[1470,76605,81162,80933,56703],"class_list":["post-82837","post","type-post","status-publish","format-standard","has-post-thumbnail","hentry","category-gundem","category-manset","category-turkiye","tag-diyarbakir","tag-diyarbakir-saldiri","tag-diyarbakir-sehit","tag-diyarbakir-sur","tag-sur"],"acf":[],"_links":{"self":[{"href":"https:\/\/www.nationalturk.com\/tr\/wp-json\/wp\/v2\/posts\/82837","targetHints":{"allow":["GET"]}}],"collection":[{"href":"https:\/\/www.nationalturk.com\/tr\/wp-json\/wp\/v2\/posts"}],"about":[{"href":"https:\/\/www.nationalturk.com\/tr\/wp-json\/wp\/v2\/types\/post"}],"author":[{"embeddable":true,"href":"https:\/\/www.nationalturk.com\/tr\/wp-json\/wp\/v2\/users\/4"}],"replies":[{"embeddable":true,"href":"https:\/\/www.nationalturk.com\/tr\/wp-json\/wp\/v2\/comments?post=82837"}],"version-history":[{"count":0,"href":"https:\/\/www.nationalturk.com\/tr\/wp-json\/wp\/v2\/posts\/82837\/revisions"}],"wp:featuredmedia":[{"embeddable":true,"href":"https:\/\/www.nationalturk.com\/tr\/wp-json\/wp\/v2\/media\/187613"}],"wp:attachment":[{"href":"https:\/\/www.nationalturk.com\/tr\/wp-json\/wp\/v2\/media?parent=82837"}],"wp:term":[{"taxonomy":"category","embeddable":true,"href":"https:\/\/www.nationalturk.com\/tr\/wp-json\/wp\/v2\/categories?post=82837"},{"taxonomy":"post_tag","embeddable":true,"href":"https:\/\/www.nationalturk.com\/tr\/wp-json\/wp\/v2\/tags?post=82837"}],"curies":[{"name":"wp","href":"https:\/\/api.w.org\/{rel}","templated":true}]}}