{"id":82894,"date":"2011-09-26T09:25:54","date_gmt":"2011-09-26T06:25:54","guid":{"rendered":"http:\/\/www.nationalturk.com\/?p=82894"},"modified":"2011-09-26T09:25:54","modified_gmt":"2011-09-26T06:25:54","slug":"sehit-erdal-canbulat-ve-onder-turgayin-cenazeleri-izmirde-82894","status":"publish","type":"post","link":"https:\/\/www.nationalturk.com\/tr\/sehit-erdal-canbulat-ve-onder-turgayin-cenazeleri-izmirde-82894\/","title":{"rendered":"\u015eehit Erdal Canbulat ve \u00d6nder Turgay&#8217;\u0131n cenazeleri \u0130zmir&#8217;de"},"content":{"rendered":"<h1><img loading=\"lazy\" decoding=\"async\" class=\"alignleft size-medium wp-image-82895\" title=\"\" src=\"http:\/\/www.nationalturk.com\/tr\/wp-content\/uploads\/2011\/09\/jandarma-280x185.jpg\" alt=\"\" width=\"280\" height=\"185\" srcset=\"https:\/\/www.nationalturk.com\/tr\/wp-content\/uploads\/2011\/09\/jandarma-280x185.jpg 280w, https:\/\/www.nationalturk.com\/tr\/wp-content\/uploads\/2011\/09\/jandarma.jpg 500w\" sizes=\"auto, (max-width: 280px) 100vw, 280px\" \/>Siirt&#8217;in Pervari il\u00e7esinde d\u00fczenlenen hain sald\u0131r\u0131da \u015fehit olan Ba\u015f\u00e7avu\u015f Erdal Canbulat (41) ile Jandarma Er \u00d6nder Turgay&#8217;\u0131n (21) cenazeleri \u0130zmir&#8217;e getirildi.<\/h1>\n<p>Adnan Menderes Havaliman\u0131&#8217;na inen u\u00e7akla getirilen cenazeler \u015fehitlerin aileleri ve yetkililer taraf\u0131ndan kar\u015f\u0131land\u0131. Cenazeler, polis ara\u00e7lar\u0131n\u0131n eskortlu\u011funda ta\u015f\u0131nd\u0131.\u00a0\u015eehit Ba\u015f\u00e7avu\u015f Erdal Canbulat&#8217;\u0131n cenazesi Bay\u0131nd\u0131r Devlet Hastanesi&#8217;ne, \u015fehit er \u00d6nder Turgay&#8217;\u0131n cenazesi ise Hatay Asker Hastanesi Morgu&#8217;na kald\u0131r\u0131ld\u0131.<\/p>\n<p>\u015eehit askerlerimiz bug\u00fcn \u00f6\u011fle namaz\u0131n\u0131n ard\u0131ndan topra\u011fa verilecek.<\/p>\n<!-- Error, Advert is not available at this time due to schedule\/geolocation restrictions! -->\n<!-- Error, Advert is not available at this time due to schedule\/geolocation restrictions! -->\n","protected":false},"excerpt":{"rendered":"<p>Siirt&#8217;in Pervari il\u00e7esinde d\u00fczenlenen hain sald\u0131r\u0131da \u015fehit olan Ba\u015f\u00e7avu\u015f Erdal Canbulat (41) ile Jandarma Er \u00d6nder Turgay&#8217;\u0131n (21) cenazeleri \u0130zmir&#8217;e getirildi.<\/p>\n","protected":false},"author":4,"featured_media":187605,"comment_status":"open","ping_status":"open","sticky":false,"template":"","format":"standard","meta":{"_acf_changed":false,"footnotes":""},"categories":[6155,5005,6805],"tags":[1681,12430,33641,36086],"class_list":["post-82894","post","type-post","status-publish","format-standard","has-post-thumbnail","hentry","category-gundem","category-manset","category-turkiye","tag-izmir","tag-siirt","tag-siirt-pervari","tag-siirt-pervari-saldiri"],"acf":[],"_links":{"self":[{"href":"https:\/\/www.nationalturk.com\/tr\/wp-json\/wp\/v2\/posts\/82894","targetHints":{"allow":["GET"]}}],"collection":[{"href":"https:\/\/www.nationalturk.com\/tr\/wp-json\/wp\/v2\/posts"}],"about":[{"href":"https:\/\/www.nationalturk.com\/tr\/wp-json\/wp\/v2\/types\/post"}],"author":[{"embeddable":true,"href":"https:\/\/www.nationalturk.com\/tr\/wp-json\/wp\/v2\/users\/4"}],"replies":[{"embeddable":true,"href":"https:\/\/www.nationalturk.com\/tr\/wp-json\/wp\/v2\/comments?post=82894"}],"version-history":[{"count":0,"href":"https:\/\/www.nationalturk.com\/tr\/wp-json\/wp\/v2\/posts\/82894\/revisions"}],"wp:featuredmedia":[{"embeddable":true,"href":"https:\/\/www.nationalturk.com\/tr\/wp-json\/wp\/v2\/media\/187605"}],"wp:attachment":[{"href":"https:\/\/www.nationalturk.com\/tr\/wp-json\/wp\/v2\/media?parent=82894"}],"wp:term":[{"taxonomy":"category","embeddable":true,"href":"https:\/\/www.nationalturk.com\/tr\/wp-json\/wp\/v2\/categories?post=82894"},{"taxonomy":"post_tag","embeddable":true,"href":"https:\/\/www.nationalturk.com\/tr\/wp-json\/wp\/v2\/tags?post=82894"}],"curies":[{"name":"wp","href":"https:\/\/api.w.org\/{rel}","templated":true}]}}