{"id":82927,"date":"2011-09-26T11:31:02","date_gmt":"2011-09-26T08:31:02","guid":{"rendered":"http:\/\/www.nationalturk.com\/?p=82927"},"modified":"2011-09-26T11:31:02","modified_gmt":"2011-09-26T08:31:02","slug":"sike-sorusturmasinda-flas-iddia-15-kisi-serbest-kalacak-82927","status":"publish","type":"post","link":"https:\/\/www.nationalturk.com\/tr\/sike-sorusturmasinda-flas-iddia-15-kisi-serbest-kalacak-82927\/","title":{"rendered":"\u015eike soru\u015fturmas\u0131nda fla\u015f iddia: 15 ki\u015fi serbest kalacak"},"content":{"rendered":"<h1><img loading=\"lazy\" decoding=\"async\" class=\"alignleft size-medium wp-image-82928\" title=\"Ali R\u0131za Dizdar\" src=\"http:\/\/www.nationalturk.com\/tr\/wp-content\/uploads\/2011\/09\/ali_riza_dizdar-280x184.jpg\" alt=\"\" width=\"280\" height=\"184\" srcset=\"https:\/\/www.nationalturk.com\/tr\/wp-content\/uploads\/2011\/09\/ali_riza_dizdar-280x184.jpg 280w, https:\/\/www.nationalturk.com\/tr\/wp-content\/uploads\/2011\/09\/ali_riza_dizdar.jpg 500w\" sizes=\"auto, (max-width: 280px) 100vw, 280px\" \/>Be\u015fikta\u015f Kongre \u00fcyesi, avukat Ali R\u0131za Dizdar, \u015fike soru\u015fturmas\u0131 kapsam\u0131nda Savc\u0131 Mehmet Berk\u2019in tutuklanan 15 ki\u015fi hakk\u0131nda takipsizlik karar\u0131 verece\u011fini ileri s\u00fcrd\u00fc.<\/h1>\n<p>\u015eike soru\u015fturmas\u0131 kapsam\u0131nda tutuklanan \u0130skender Al\u0131n ve Korcan \u00c7elikay\u2019\u0131n avukatl\u0131\u011f\u0131n\u0131 yapan Ali R\u0131za Dizdar, \u00f6zel yetkili Cumhuriyet Savc\u0131s\u0131 Mehmet Berk\u2019in iddianameyi 15 Ekim\u2019den \u00f6nce bitirmesinin m\u00fcmk\u00fcn olmad\u0131\u011f\u0131n\u0131 ileri s\u00fcrerek \u201cSavc\u0131 ile konu\u015ftum. 15 ki\u015fi hakk\u0131nda takipsizlik karar\u0131 verece\u011fini s\u00f6yledi. Ama kimler b\u0131rak\u0131lacak bilmiyorum\u201d dedi.<\/p>\n<p>H\u00fcrriyet gazetesinden \u0130smail Er\u2019in haberine g\u00f6re savc\u0131l\u0131ktaki sorgulamalara da de\u011finen Dizdar, \u201cAziz Y\u0131ld\u0131r\u0131m\u2019\u0131n kurdu\u011fu su\u00e7 \u00f6rg\u00fct\u00fcne \u00fcye misin diye soruyorlar. Evet dersen su\u00e7u kabul etmi\u015f oluyorsun, hay\u0131r dersen Aziz Y\u0131ld\u0131r\u0131m\u2019\u0131 su\u00e7lam\u0131\u015f oluyorsun. Ben de yak\u0131nda Futbol Federasyonu\u2019ndaki usuls\u00fczl\u00fckleri a\u00e7\u0131klayaca\u011f\u0131m\u201d diye konu\u015ftu.<\/p>\n<!-- Error, Advert is not available at this time due to schedule\/geolocation restrictions! -->\n<!-- Error, Advert is not available at this time due to schedule\/geolocation restrictions! -->\n","protected":false},"excerpt":{"rendered":"<p>Be\u015fikta\u015f Kongre \u00fcyesi, avukat Ali R\u0131za Dizdar, \u015fike soru\u015fturmas\u0131 kapsam\u0131nda Savc\u0131 Mehmet Berk\u2019in tutuklanan 15 ki\u015fi hakk\u0131nda takipsizlik karar\u0131 verece\u011fini ileri s\u00fcrd\u00fc.<\/p>\n","protected":false},"author":4,"featured_media":187601,"comment_status":"open","ping_status":"open","sticky":false,"template":"","format":"standard","meta":{"_acf_changed":false,"footnotes":""},"categories":[6774,5005,6194],"tags":[40036,5058,1748,75163,9287,74685,21483,19436],"class_list":["post-82927","post","type-post","status-publish","format-standard","has-post-thumbnail","hentry","category-futbol","category-manset","category-spor","tag-ali-riza-dizdar","tag-aziz-yildirim","tag-besiktas","tag-iskender-alin","tag-korcan-celikay","tag-mehmet-berk","tag-sike","tag-sike-sorusturmasi"],"acf":[],"_links":{"self":[{"href":"https:\/\/www.nationalturk.com\/tr\/wp-json\/wp\/v2\/posts\/82927","targetHints":{"allow":["GET"]}}],"collection":[{"href":"https:\/\/www.nationalturk.com\/tr\/wp-json\/wp\/v2\/posts"}],"about":[{"href":"https:\/\/www.nationalturk.com\/tr\/wp-json\/wp\/v2\/types\/post"}],"author":[{"embeddable":true,"href":"https:\/\/www.nationalturk.com\/tr\/wp-json\/wp\/v2\/users\/4"}],"replies":[{"embeddable":true,"href":"https:\/\/www.nationalturk.com\/tr\/wp-json\/wp\/v2\/comments?post=82927"}],"version-history":[{"count":0,"href":"https:\/\/www.nationalturk.com\/tr\/wp-json\/wp\/v2\/posts\/82927\/revisions"}],"wp:featuredmedia":[{"embeddable":true,"href":"https:\/\/www.nationalturk.com\/tr\/wp-json\/wp\/v2\/media\/187601"}],"wp:attachment":[{"href":"https:\/\/www.nationalturk.com\/tr\/wp-json\/wp\/v2\/media?parent=82927"}],"wp:term":[{"taxonomy":"category","embeddable":true,"href":"https:\/\/www.nationalturk.com\/tr\/wp-json\/wp\/v2\/categories?post=82927"},{"taxonomy":"post_tag","embeddable":true,"href":"https:\/\/www.nationalturk.com\/tr\/wp-json\/wp\/v2\/tags?post=82927"}],"curies":[{"name":"wp","href":"https:\/\/api.w.org\/{rel}","templated":true}]}}