{"id":82952,"date":"2011-09-26T14:34:02","date_gmt":"2011-09-26T11:34:02","guid":{"rendered":"http:\/\/www.nationalturk.com\/?p=82952"},"modified":"2011-09-26T14:34:02","modified_gmt":"2011-09-26T11:34:02","slug":"erdogandan-muhalefete-dunyaya-soyleyecek-tek-sozleri-yok-82952","status":"publish","type":"post","link":"https:\/\/www.nationalturk.com\/tr\/erdogandan-muhalefete-dunyaya-soyleyecek-tek-sozleri-yok-82952\/","title":{"rendered":"Erdo\u011fan&#8217;dan muhalefete: D\u00fcnyaya s\u00f6yleyecek tek s\u00f6zleri yok"},"content":{"rendered":"<h1><img loading=\"lazy\" decoding=\"async\" class=\"alignleft size-medium wp-image-82953\" title=\"Ba\u015fbakan Erdo\u011fan\" src=\"http:\/\/www.nationalturk.com\/tr\/wp-content\/uploads\/2011\/09\/erdogan__fransa_konusma-280x216.jpg\" alt=\"\" width=\"280\" height=\"216\" srcset=\"https:\/\/www.nationalturk.com\/tr\/wp-content\/uploads\/2011\/09\/erdogan__fransa_konusma-280x216.jpg 280w, https:\/\/www.nationalturk.com\/tr\/wp-content\/uploads\/2011\/09\/erdogan__fransa_konusma.jpg 470w\" sizes=\"auto, (max-width: 280px) 100vw, 280px\" \/>Ba\u015fbakan Recep Tayyip Erdo\u011fan Arap \u00fclkelerine yapt\u0131\u011f\u0131 ziyaretleri ele\u015ftiren CHP ve MHP&#8217;ye sert s\u00f6zlerle y\u00fcklendi.<\/h1>\n<p>Erdo\u011fan, CHP ve MHP\u2019ye \u201cD\u00fcnyaya s\u00f6yleyecek tek s\u00f6z\u00fc olmayanlar Bizi Arap \u00fclkelerinde pop\u00fclizm yapmakla su\u00e7luyorlar. Ne bu \u00fclkenin ne de bu \u00fclke ba\u015fbakan\u0131n pop\u00fclizme ihtiyac\u0131 yoktur. Hi\u00e7bir zaman pop\u00fclizme itibar etmedik etmeyece\u011fiz.\u201d dedi.<\/p>\n<p>T\u00fcrk Trakt\u00f6r\u2019\u00fcn 600 bininci trakt\u00f6r\u00fcn\u00fcn banttan indirilmesi i\u00e7in d\u00fczenlenen t\u00f6rende konu\u015fan Erdo\u011fan, diplomasi trafi\u011fine de\u011findi. T\u00fcrkiye\u2019nin geli\u015fimine paralel olarak dostluk \u00e7emberini de b\u00fcy\u00fctt\u00fc\u011f\u00fcn\u00fc aktaran Erdo\u011fan, \u201cSesimizin yank\u0131 bulmas\u0131 tesad\u00fcfi de\u011fildir. T\u00fcrkiye zul\u00fcm ve haks\u0131zl\u0131klara kar\u015f\u0131 dur diyen, bar\u0131\u015f\u0131n hakim olmas\u0131na katk\u0131 veren bir \u00fclkedir.\u201d \u015feklinde konu\u015ftu.<\/p>\n<p>Erdo\u011fan, \u201cD\u00fcnyaya s\u0131rt\u0131m\u0131z\u0131 d\u00f6nmek i\u00e7imize kapanmak diye bir \u015fans\u0131m\u0131z yok. T\u00fcrkiye 2023 hedeflerine ula\u015fmak i\u00e7in diplomasi faaliyetlerini \u00e7ok daha ileriye ta\u015f\u0131mak zorundad\u0131r.\u201d ifadelerini kulland\u0131.\u00a0Afrika ve Ortado\u011fu ile ili\u015fkilerin geli\u015fti\u011fini, 33 b\u00fcy\u00fckel\u00e7ilik bulunan Afrika\u2019da daha da yeni b\u00fcy\u00fckel\u00e7ilikler a\u00e7\u0131laca\u011f\u0131n\u0131 kaydeden Erdo\u011fan, M\u0131s\u0131r\u2019la da vizeleri kar\u015f\u0131l\u0131kl\u0131 olarak kald\u0131racaklar\u0131n\u0131 ifade etti. Erdo\u011fan, \u201cGerekti\u011finde t\u0131r \u015fof\u00f6rlerinin sorunlar\u0131yla birebir ilgilenmezseniz ne kadar yat\u0131r\u0131m yaparsan\u0131z yap\u0131n ileri gidemezsiniz.\u201d dedi.<\/p>\n<!-- Error, Advert is not available at this time due to schedule\/geolocation restrictions! -->\n<!-- Error, Advert is not available at this time due to schedule\/geolocation restrictions! -->\n","protected":false},"excerpt":{"rendered":"<p>Ba\u015fbakan Recep Tayyip Erdo\u011fan Arap \u00fclkelerine yapt\u0131\u011f\u0131 ziyaretleri ele\u015ftiren CHP ve MHP&#8217;ye sert s\u00f6zlerle y\u00fcklendi.<\/p>\n","protected":false},"author":4,"featured_media":187596,"comment_status":"open","ping_status":"open","sticky":false,"template":"","format":"standard","meta":{"_acf_changed":false,"footnotes":""},"categories":[6155,5005,6202,6805],"tags":[77168,53066,3888,8723,4184,10829,720,16234],"class_list":["post-82952","post","type-post","status-publish","format-standard","has-post-thumbnail","hentry","category-gundem","category-manset","category-politika","category-turkiye","tag-arap-bahari","tag-arap-ulkeleri","tag-basbakan-erdogan","tag-chp","tag-kahire","tag-mhp","tag-misir","tag-turk-traktor"],"acf":[],"_links":{"self":[{"href":"https:\/\/www.nationalturk.com\/tr\/wp-json\/wp\/v2\/posts\/82952","targetHints":{"allow":["GET"]}}],"collection":[{"href":"https:\/\/www.nationalturk.com\/tr\/wp-json\/wp\/v2\/posts"}],"about":[{"href":"https:\/\/www.nationalturk.com\/tr\/wp-json\/wp\/v2\/types\/post"}],"author":[{"embeddable":true,"href":"https:\/\/www.nationalturk.com\/tr\/wp-json\/wp\/v2\/users\/4"}],"replies":[{"embeddable":true,"href":"https:\/\/www.nationalturk.com\/tr\/wp-json\/wp\/v2\/comments?post=82952"}],"version-history":[{"count":0,"href":"https:\/\/www.nationalturk.com\/tr\/wp-json\/wp\/v2\/posts\/82952\/revisions"}],"wp:featuredmedia":[{"embeddable":true,"href":"https:\/\/www.nationalturk.com\/tr\/wp-json\/wp\/v2\/media\/187596"}],"wp:attachment":[{"href":"https:\/\/www.nationalturk.com\/tr\/wp-json\/wp\/v2\/media?parent=82952"}],"wp:term":[{"taxonomy":"category","embeddable":true,"href":"https:\/\/www.nationalturk.com\/tr\/wp-json\/wp\/v2\/categories?post=82952"},{"taxonomy":"post_tag","embeddable":true,"href":"https:\/\/www.nationalturk.com\/tr\/wp-json\/wp\/v2\/tags?post=82952"}],"curies":[{"name":"wp","href":"https:\/\/api.w.org\/{rel}","templated":true}]}}