{"id":83108,"date":"2011-09-27T16:28:22","date_gmt":"2011-09-27T13:28:22","guid":{"rendered":"http:\/\/www.nationalturk.com\/?p=83108"},"modified":"2026-03-27T21:45:32","modified_gmt":"2026-03-27T18:45:32","slug":"sikede-son-dakika-serdal-adali-savunma-yapmayacak-besiktas-haberleri-83108","status":"publish","type":"post","link":"https:\/\/www.nationalturk.com\/tr\/sikede-son-dakika-serdal-adali-savunma-yapmayacak-besiktas-haberleri-83108\/","title":{"rendered":"\u015eikede son dakika!  Serdal Adal\u0131 savunma yapmayacak \/ Be\u015fikta\u015f Haberleri"},"content":{"rendered":"<h1>Tutuklu Bulunan Serdal Adal\u0131 savunma yapmayacak\u00a0 \/ Be\u015fikta\u015f Haberleri&#8230;<\/h1>\n<p>Avukat\u0131 \u00d6mer Durak arac\u0131l\u0131\u011f\u0131yla TFF&#8217;ye ba\u015fvuran Serdal Adal\u0131, savunma hakk\u0131ndan feragat etti. Be\u015fikta\u015f&#8217;\u0131n \u0130stanbul B\u00fcy\u00fck\u015fehir Belediyespor ile oynad\u0131\u011f\u0131 ve penalt\u0131larla kazand\u0131\u011f\u0131 \u0130stanbul B\u00fcy\u00fck\u015fehir Belediyespor ma\u00e7\u0131nda \u015fike giri\u015fiminde bulundu\u011fu iddias\u0131yla temmuz ay\u0131nda tutuklanan ve tutuklulu\u011fu adeta infaza d\u00f6n\u00fc\u015fen Serdal Adal\u0131, TFF&#8217;ye ba\u015fvurarak savunma yapmayaca\u011f\u0131n\u0131 bildirdi.<\/p>\n<p><img loading=\"lazy\" decoding=\"async\" class=\"alignleft size-medium wp-image-83109\" title=\"Serdal Adal\u0131 ve Ahmet Ate\u015f\" src=\"http:\/\/www.nationalturk.com\/tr\/wp-content\/uploads\/2011\/09\/serdal_adali_ahmet_ates-280x157.jpg\" alt=\"\" width=\"280\" height=\"157\" srcset=\"https:\/\/www.nationalturk.com\/tr\/wp-content\/uploads\/2011\/09\/serdal_adali_ahmet_ates-280x157.jpg 280w, https:\/\/www.nationalturk.com\/tr\/wp-content\/uploads\/2011\/09\/serdal_adali_ahmet_ates.jpg 423w\" sizes=\"auto, (max-width: 280px) 100vw, 280px\" \/>Serdal Adal\u0131, Profesyonel Futbol Disiplin Kurulu&#8217;nun kendisi hakk\u0131ndaki karar\u0131n\u0131 bir an \u00f6nce vermesini istedi. Hat\u0131rlanaca\u011f\u0131 gibi TFF, \u015fike soru\u015fturmas\u0131 kapsam\u0131nda tutuklanan ki\u015filerin savunma yapamayaca\u011f\u0131n\u0131 bahane olarak g\u00f6stererek Spor Toto S\u00fcper Lig&#8217;in belirlenen fikst\u00fcr ve tak\u0131mlarla ba\u015flamas\u0131na karar vermi\u015fti.<\/p>\n<blockquote class=\"wp-embedded-content\" data-secret=\"leY0JFFExh\"><p><a href=\"https:\/\/www.nationalturk.com\/tr\/uefa-besiktasi-avrupa-kupalarindan-men-cezasi-verdi\/\">UEFA Be\u015fikta\u015f&#8217;\u0131 Avrupa kupalar\u0131ndan men cezas\u0131 verdi.<\/a><\/p><\/blockquote>\n<p><iframe loading=\"lazy\" class=\"wp-embedded-content\" sandbox=\"allow-scripts\" security=\"restricted\" style=\"position: absolute; visibility: hidden;\" title=\"&#8220;UEFA Be\u015fikta\u015f&#8217;\u0131 Avrupa kupalar\u0131ndan men cezas\u0131 verdi.&#8221; &#8212; NationalTurk\" src=\"https:\/\/www.nationalturk.com\/tr\/uefa-besiktasi-avrupa-kupalarindan-men-cezasi-verdi\/embed\/#?secret=SU2LiDHSoi#?secret=leY0JFFExh\" data-secret=\"leY0JFFExh\" width=\"500\" height=\"282\" frameborder=\"0\" marginwidth=\"0\" marginheight=\"0\" scrolling=\"no\"><\/iframe><\/p>\n","protected":false},"excerpt":{"rendered":"<p>\u015eike soru\u015fturmas\u0131 kapsam\u0131nda tutuklanan Be\u015fikta\u015f Asba\u015fkan\u0131 Serdal Adal\u0131 T\u00fcrkiye Futbol Federasyonu&#8217;na ba\u015fvurarak savunma hakk\u0131ndan feragat etti\u011fini bildirdi. \/ Be\u015fikta\u015f Haberleri&#8230;<\/p>\n","protected":false},"author":4,"featured_media":187566,"comment_status":"open","ping_status":"open","sticky":false,"template":"","format":"standard","meta":{"_acf_changed":false,"footnotes":""},"categories":[6774,5005,349,6194],"tags":[81432,7801,26415,81433,75075,75076,21483,19436,6477],"class_list":["post-83108","post","type-post","status-publish","format-standard","has-post-thumbnail","hentry","category-futbol","category-manset","category-son-dakika","category-spor","tag-adali","tag-pfdk","tag-serdal-adali","tag-serdal-adali-savunma","tag-serdal-adali-sike","tag-serdal-adali-sike-sorusturmasi","tag-sike","tag-sike-sorusturmasi","tag-tff"],"acf":[],"_links":{"self":[{"href":"https:\/\/www.nationalturk.com\/tr\/wp-json\/wp\/v2\/posts\/83108","targetHints":{"allow":["GET"]}}],"collection":[{"href":"https:\/\/www.nationalturk.com\/tr\/wp-json\/wp\/v2\/posts"}],"about":[{"href":"https:\/\/www.nationalturk.com\/tr\/wp-json\/wp\/v2\/types\/post"}],"author":[{"embeddable":true,"href":"https:\/\/www.nationalturk.com\/tr\/wp-json\/wp\/v2\/users\/4"}],"replies":[{"embeddable":true,"href":"https:\/\/www.nationalturk.com\/tr\/wp-json\/wp\/v2\/comments?post=83108"}],"version-history":[{"count":2,"href":"https:\/\/www.nationalturk.com\/tr\/wp-json\/wp\/v2\/posts\/83108\/revisions"}],"predecessor-version":[{"id":308082,"href":"https:\/\/www.nationalturk.com\/tr\/wp-json\/wp\/v2\/posts\/83108\/revisions\/308082"}],"wp:featuredmedia":[{"embeddable":true,"href":"https:\/\/www.nationalturk.com\/tr\/wp-json\/wp\/v2\/media\/187566"}],"wp:attachment":[{"href":"https:\/\/www.nationalturk.com\/tr\/wp-json\/wp\/v2\/media?parent=83108"}],"wp:term":[{"taxonomy":"category","embeddable":true,"href":"https:\/\/www.nationalturk.com\/tr\/wp-json\/wp\/v2\/categories?post=83108"},{"taxonomy":"post_tag","embeddable":true,"href":"https:\/\/www.nationalturk.com\/tr\/wp-json\/wp\/v2\/tags?post=83108"}],"curies":[{"name":"wp","href":"https:\/\/api.w.org\/{rel}","templated":true}]}}