{"id":83538,"date":"2011-09-30T16:55:10","date_gmt":"2011-09-30T13:55:10","guid":{"rendered":"http:\/\/www.nationalturk.com\/?p=83538"},"modified":"2011-09-30T16:55:10","modified_gmt":"2011-09-30T13:55:10","slug":"antalya-goynuk-canli-bomba-patlama-83538","status":"publish","type":"post","link":"https:\/\/www.nationalturk.com\/tr\/antalya-goynuk-canli-bomba-patlama-83538\/","title":{"rendered":"Antalya G\u00f6yn\u00fck&#8217;te canl\u0131 bomba! 1 asker yaraland\u0131"},"content":{"rendered":"<h1><img loading=\"lazy\" decoding=\"async\" class=\"alignleft size-medium wp-image-83539\" title=\"\" src=\"http:\/\/www.nationalturk.com\/tr\/wp-content\/uploads\/2011\/09\/son-dakika-dikey26-206x220.jpg\" alt=\"\" width=\"206\" height=\"220\" srcset=\"https:\/\/www.nationalturk.com\/tr\/wp-content\/uploads\/2011\/09\/son-dakika-dikey26-206x220.jpg 206w, https:\/\/www.nationalturk.com\/tr\/wp-content\/uploads\/2011\/09\/son-dakika-dikey26.jpg 300w\" sizes=\"auto, (max-width: 206px) 100vw, 206px\" \/>Antalya G\u00f6yn\u00fck&#8217;te canl\u0131 bomba! 1 asker yaraland\u0131! Antalya&#8217;n\u0131n Kemer il\u00e7esine ba\u011fl\u0131 G\u00f6yn\u00fck beldesindeki Jandarma Komutanl\u0131\u011f\u0131&#8217;na canl\u0131 bomba taraf\u0131ndan sald\u0131r\u0131 d\u00fczenlendi.<\/h1>\n<p>Al\u0131nan bilgilere g\u00f6re saat 16:00 s\u0131ralar\u0131nda\u00a0G\u00f6yn\u00fck Jandarma Karakol Komutanl\u0131\u011f\u0131na girmeye \u00e7al\u0131\u015fan canl\u0131 bomba kontrol noktas\u0131ndan ge\u00e7emeyince \u00fczerindeki patlay\u0131c\u0131y\u0131 infilak ettirdi. B\u00fcy\u00fck bir g\u00fcr\u00fclt\u00fcyle meydana gelen patlaman\u0131n ard\u0131ndan ter\u00f6rist canl\u0131 bomba par\u00e7alanarak \u00f6l\u00fcrken kontrol noktas\u0131ndaki bir uzman \u00e7avu\u015f yaraland\u0131.<\/p>\n<p>Karakolun \u00f6n\u00fcndeki ara\u00e7lar ve bina b\u00fcy\u00fck hasar g\u00f6r\u00fcrken yaralanan uzman \u00e7avu\u015f hastanede tedavi alt\u0131na al\u0131nd\u0131.<\/p>\n<!-- Error, Advert is not available at this time due to schedule\/geolocation restrictions! -->\n<!-- Error, Advert is not available at this time due to schedule\/geolocation restrictions! -->\n","protected":false},"excerpt":{"rendered":"<p>Antalya G\u00f6yn\u00fck&#8217;te canl\u0131 bomba! 1 asker yaraland\u0131! Antalya&#8217;n\u0131n Kemer il\u00e7esine ba\u011fl\u0131 G\u00f6yn\u00fck beldesindeki Jandarma Komutanl\u0131\u011f\u0131&#8217;na canl\u0131 bomba taraf\u0131ndan sald\u0131r\u0131 d\u00fczenlendi. <\/p>\n","protected":false},"author":4,"featured_media":187495,"comment_status":"open","ping_status":"open","sticky":false,"template":"","format":"standard","meta":{"_acf_changed":false,"footnotes":""},"categories":[6155,5005,349,6805],"tags":[730,62055,62054,52248,1403],"class_list":["post-83538","post","type-post","status-publish","format-standard","has-post-thumbnail","hentry","category-gundem","category-manset","category-son-dakika","category-turkiye","tag-antalya","tag-antalya-patlama","tag-antalyada-patlama","tag-canli-bomba","tag-kemer"],"acf":[],"_links":{"self":[{"href":"https:\/\/www.nationalturk.com\/tr\/wp-json\/wp\/v2\/posts\/83538","targetHints":{"allow":["GET"]}}],"collection":[{"href":"https:\/\/www.nationalturk.com\/tr\/wp-json\/wp\/v2\/posts"}],"about":[{"href":"https:\/\/www.nationalturk.com\/tr\/wp-json\/wp\/v2\/types\/post"}],"author":[{"embeddable":true,"href":"https:\/\/www.nationalturk.com\/tr\/wp-json\/wp\/v2\/users\/4"}],"replies":[{"embeddable":true,"href":"https:\/\/www.nationalturk.com\/tr\/wp-json\/wp\/v2\/comments?post=83538"}],"version-history":[{"count":0,"href":"https:\/\/www.nationalturk.com\/tr\/wp-json\/wp\/v2\/posts\/83538\/revisions"}],"wp:featuredmedia":[{"embeddable":true,"href":"https:\/\/www.nationalturk.com\/tr\/wp-json\/wp\/v2\/media\/187495"}],"wp:attachment":[{"href":"https:\/\/www.nationalturk.com\/tr\/wp-json\/wp\/v2\/media?parent=83538"}],"wp:term":[{"taxonomy":"category","embeddable":true,"href":"https:\/\/www.nationalturk.com\/tr\/wp-json\/wp\/v2\/categories?post=83538"},{"taxonomy":"post_tag","embeddable":true,"href":"https:\/\/www.nationalturk.com\/tr\/wp-json\/wp\/v2\/tags?post=83538"}],"curies":[{"name":"wp","href":"https:\/\/api.w.org\/{rel}","templated":true}]}}