{"id":83618,"date":"2011-10-01T14:31:12","date_gmt":"2011-10-01T11:31:12","guid":{"rendered":"http:\/\/www.nationalturk.com\/?p=83618"},"modified":"2011-10-01T14:31:24","modified_gmt":"2011-10-01T11:31:24","slug":"yalovada-cete-operasyonu-22-gozalti-83618","status":"publish","type":"post","link":"https:\/\/www.nationalturk.com\/tr\/yalovada-cete-operasyonu-22-gozalti-83618\/","title":{"rendered":"Yalova&#8217;da \u00e7ete operasyonu: 22 g\u00f6zalt\u0131"},"content":{"rendered":"<h1><img loading=\"lazy\" decoding=\"async\" class=\"alignleft size-medium wp-image-83619\" title=\"\" src=\"http:\/\/www.nationalturk.com\/tr\/wp-content\/uploads\/2011\/10\/gozalti-267x220.jpg\" alt=\"\" width=\"267\" height=\"220\" srcset=\"https:\/\/www.nationalturk.com\/tr\/wp-content\/uploads\/2011\/10\/gozalti-267x220.jpg 267w, https:\/\/www.nationalturk.com\/tr\/wp-content\/uploads\/2011\/10\/gozalti.jpg 365w\" sizes=\"auto, (max-width: 267px) 100vw, 267px\" \/>Yalova Emniyet M\u00fcd\u00fcrl\u00fc\u011f\u00fc ekipleri, 4 ilde ger\u00e7ekle\u015ftirdi\u011fi e\u015f zamanl\u0131 operasyonda, e\u011flence merkezlerinden hara\u00e7 ald\u0131klar\u0131 ve uyu\u015fturucu sat\u0131\u015f\u0131 yapt\u0131klar\u0131 iddias\u0131yla 22 ki\u015fiyi g\u00f6zalt\u0131na ald\u0131.<\/h1>\n<p>Yalova Emniyet M\u00fcd\u00fcrl\u00fc\u011f\u00fc Ka\u00e7ak\u00e7\u0131l\u0131k ve Organize Su\u00e7larla M\u00fccadele \u015eubesi ekipleri, Yalova merkez ve \u00f6zellikle \u00c7\u0131narc\u0131k il\u00e7esinde e\u011flence merkezlerini hedef alan bir hara\u00e7 ve uyu\u015fturucu \u00e7etesini takibe ald\u0131. Yakla\u015f\u0131k 15 ay s\u00fcren bir \u00e7al\u0131\u015fman\u0131n ard\u0131ndan Yalova, Diyarbak\u0131r, \u0130stanbul ve Bursa&#8217;da e\u015f zamanl\u0131 d\u00fczenlenen operasyonda, ya\u015flar\u0131 23 ile 52 aras\u0131nda de\u011fi\u015fen 22 ki\u015fi g\u00f6zalt\u0131na al\u0131nd\u0131. Bu ki\u015filerin ev ve i\u015f yerlerinde yap\u0131lan aramalarda, 2 tabanca, \u015farj\u00f6r, 8 kilo 158 gram esrar, 6 gram kokain, 27 fi\u015fek, 2 senet ve 2 b\u0131\u00e7ak ele ge\u00e7irildi.<\/p>\n<p>Zanl\u0131lardan, \u00e7\u0131kar ama\u00e7l\u0131 su\u00e7 \u00f6rg\u00fct\u00fcn\u00fcn lideri oldu\u011fu belirtilen Z.K. ile M.\u00d6., \u00c7.A., S.P., B.K., O.B., E.A., B.E., \u0130.K. ve E.E. mahkemece tutukland\u0131.<\/p>\n<!-- Error, Advert is not available at this time due to schedule\/geolocation restrictions! -->\n<!-- Error, Advert is not available at this time due to schedule\/geolocation restrictions! -->\n","protected":false},"excerpt":{"rendered":"<p>Yalova Emniyet M\u00fcd\u00fcrl\u00fc\u011f\u00fc ekipleri, 4 ilde ger\u00e7ekle\u015ftirdi\u011fi e\u015f zamanl\u0131 operasyonda, e\u011flence merkezlerinden hara\u00e7 ald\u0131klar\u0131 ve uyu\u015fturucu sat\u0131\u015f\u0131 yapt\u0131klar\u0131 iddias\u0131yla 22 ki\u015fiyi g\u00f6zalt\u0131na ald\u0131.<\/p>\n","protected":false},"author":4,"featured_media":187481,"comment_status":"open","ping_status":"open","sticky":false,"template":"","format":"standard","meta":{"_acf_changed":false,"footnotes":""},"categories":[1],"tags":[845,1470,1011,10329],"class_list":["post-83618","post","type-post","status-publish","format-standard","has-post-thumbnail","hentry","category-nationalturk","tag-bursa","tag-diyarbakir","tag-istanbul","tag-yalova"],"acf":[],"_links":{"self":[{"href":"https:\/\/www.nationalturk.com\/tr\/wp-json\/wp\/v2\/posts\/83618","targetHints":{"allow":["GET"]}}],"collection":[{"href":"https:\/\/www.nationalturk.com\/tr\/wp-json\/wp\/v2\/posts"}],"about":[{"href":"https:\/\/www.nationalturk.com\/tr\/wp-json\/wp\/v2\/types\/post"}],"author":[{"embeddable":true,"href":"https:\/\/www.nationalturk.com\/tr\/wp-json\/wp\/v2\/users\/4"}],"replies":[{"embeddable":true,"href":"https:\/\/www.nationalturk.com\/tr\/wp-json\/wp\/v2\/comments?post=83618"}],"version-history":[{"count":0,"href":"https:\/\/www.nationalturk.com\/tr\/wp-json\/wp\/v2\/posts\/83618\/revisions"}],"wp:featuredmedia":[{"embeddable":true,"href":"https:\/\/www.nationalturk.com\/tr\/wp-json\/wp\/v2\/media\/187481"}],"wp:attachment":[{"href":"https:\/\/www.nationalturk.com\/tr\/wp-json\/wp\/v2\/media?parent=83618"}],"wp:term":[{"taxonomy":"category","embeddable":true,"href":"https:\/\/www.nationalturk.com\/tr\/wp-json\/wp\/v2\/categories?post=83618"},{"taxonomy":"post_tag","embeddable":true,"href":"https:\/\/www.nationalturk.com\/tr\/wp-json\/wp\/v2\/tags?post=83618"}],"curies":[{"name":"wp","href":"https:\/\/api.w.org\/{rel}","templated":true}]}}