{"id":83641,"date":"2011-10-01T15:38:26","date_gmt":"2011-10-01T12:38:26","guid":{"rendered":"http:\/\/www.nationalturk.com\/?p=83641"},"modified":"2011-10-01T15:45:20","modified_gmt":"2011-10-01T12:45:20","slug":"tbmmde-yeni-donem-basladi-video-83641","status":"publish","type":"post","link":"https:\/\/www.nationalturk.com\/tr\/tbmmde-yeni-donem-basladi-video-83641\/","title":{"rendered":"TBMM&#8217;de yeni d\u00f6nem ba\u015flad\u0131 (Video)"},"content":{"rendered":"<h1><img loading=\"lazy\" decoding=\"async\" class=\"alignleft size-full wp-image-83642\" src=\"http:\/\/www.nationalturk.com\/tr\/wp-content\/uploads\/2011\/10\/tbmm__genel.jpg\" alt=\"\" width=\"336\" height=\"224\" title=\"\" srcset=\"https:\/\/www.nationalturk.com\/tr\/wp-content\/uploads\/2011\/10\/tbmm__genel.jpg 420w, https:\/\/www.nationalturk.com\/tr\/wp-content\/uploads\/2011\/10\/tbmm__genel-280x186.jpg 280w\" sizes=\"auto, (max-width: 336px) 100vw, 336px\" \/>TBMM Genel Kurulu, yeni yasama y\u0131l\u0131na ba\u015flad\u0131. Ba\u015fkan Cemil \u00c7i\u00e7ek&#8217;in a\u00e7\u0131l\u0131\u015f konu\u015fmas\u0131n\u0131n ard\u0131ndan k\u00fcrs\u00fcy\u00fc Cumhurba\u015fkan\u0131 Abdullah G\u00fcl geldi ve \u00f6nemli mesajlar verdi. (Video)<\/h1>\n<p>24. d\u00f6nem 2. Yasama Y\u0131l\u0131 TBMM Ba\u015fkan\u0131 Cemil \u00c7i\u00e7ek&#8217;in sunu\u015f konu\u015fmas\u0131yla saat 15:00&#8217;te ba\u015flad\u0131. Saat 14&#8217;te ba\u015flayan a\u00e7\u0131l\u0131\u015f t\u00f6reninde BDP&#8217;yi Hasip Kaplan ve S\u0131rr\u0131 Sak\u0131k temsil etti.<\/p>\n<p>Cumhurba\u015fkan\u0131 Abdullah G\u00fcl yapt\u0131\u011f\u0131 konu\u015fmada \u00f6nemli mesajlar verdi. G\u00fcl,&#8221;Halk\u0131m\u0131z, 12 Haziran se\u00e7imlerinde y\u00fcksek kat\u0131l\u0131m oran\u0131yla siyaset kurumunu onurland\u0131rm\u0131\u015f, siyasetin t\u00fcm renk ve e\u011filimlerinin b\u00fcy\u00fck \u00f6l\u00e7\u00fcde Mecliste temsil edilmesini sa\u011flam\u0131\u015ft\u0131r. Y\u00fcce Meclise istisnas\u0131z b\u00fct\u00fcn sorunlar\u0131n \u00fczerine cesur bir \u015fekilde gitme g\u00fcc\u00fc vermi\u015ftir&#8221; dedi.<\/p>\n<p>Cumhurba\u015fkan\u0131 G\u00fcl, \u0130stiklal Mar\u015f\u0131\u2019n\u0131n okunmas\u0131n\u0131n ard\u0131ndan, TBMM 24.\u00a0D\u00f6nem ikinci yasama y\u0131l\u0131n\u0131n ba\u015flamas\u0131 nedeniyle Genel Kurulda yapt\u0131\u011f\u0131 konu\u015fmaya, 12 Haziran se\u00e7imlerinde ilk kez veya yeniden se\u00e7ilen milletvekillerini tebrik ederek, yeni yasama y\u0131l\u0131n\u0131n, \u00fclke ve millet i\u00e7in hay\u0131rl\u0131 ve verimli olmas\u0131 dile\u011finde bulunarak ba\u015flad\u0131.<\/p>\n<p>Bug\u00fcne kadar Mecliste Cumhurba\u015fkan\u0131 olarak yapt\u0131\u011f\u0131 b\u00fct\u00fcn konu\u015fmalarda TBMM\u2019nin anlam ve \u00f6nemi \u00fczerinde durdu\u011funu hat\u0131rlatan G\u00fcl, &#8220;TBMM\u2019nin temsil etti\u011fi de\u011ferlerin hat\u0131rlat\u0131lmas\u0131, hem demokrasimizin niteliklerinin korunmas\u0131 yolunda bug\u00fcne kadar sergilenen \u00e7abalara sahip \u00e7\u0131kmam\u0131z\u0131, hem de Meclisin \u00f6n\u00fcnde duran sorunlara b\u00fcy\u00fck bir \u00f6zg\u00fcvenle yakla\u015fmas\u0131n\u0131 sa\u011flayacakt\u0131r&#8221; dedi.<\/p>\n<p>TBMM\u2019nin; milletin kay\u0131ts\u0131z \u015farts\u0131z hakimiyetini temsil eden en kudretli kurum oldu\u011funu belirterek, \u00f6nemini \u015f\u00f6yle ifade etti: &#8220;Me\u015fruiyetini milletimizden alan, onun ad\u0131na di\u011fer kurumlara me\u015fruiyet veren mercidir. Millet olarak kurtulu\u015fumuzun karargah\u0131, devlet olarak kurulu\u015fumuzun kayna\u011f\u0131d\u0131r. Demokrasimizin oca\u011f\u0131, istiklal ve egemenli\u011fimizin nihai teminat\u0131d\u0131r. Halk\u0131m\u0131z\u0131n hak, hukuk, \u00f6zg\u00fcrl\u00fck, adalet, refaha ili\u015fkin talep ve \u00f6zlemlerinin dile geldi\u011fi; yerine getirildi\u011fi y\u00fcce makamd\u0131r. Milletimizin ortak haf\u0131zas\u0131 ve vicdan\u0131n\u0131n tecess\u00fcm etti\u011fi \u00e7at\u0131d\u0131r. \u00dclkemizi muas\u0131r medeniyet d\u00fczeyine ve ilerisine ta\u015f\u0131yacak irade ve azmin m\u00fc\u015fahhas ifadesidir. Milletimizin birlik ve beraberli\u011finin timsali, halk\u0131m\u0131z\u0131n gelece\u011fe y\u00f6nelik \u00fclk\u00fc ve \u00f6zlemlerinin tezah\u00fcr etti\u011fi kurumdur. T\u00fcm bu nedenlerle, mesuliyeti \u00e7ok a\u011f\u0131r, ancak, o denli de \u015ferefli bir m\u00fcessesedir.&#8221; G\u00fcl, bir demokrasi \u015f\u00f6leni ikliminde ger\u00e7ekle\u015ftirilen 12 Haziran se\u00e7imlerinin, halk\u0131n tercih ve \u00f6zlemlerini g\u00fc\u00e7l\u00fc bir \u015fekilde yans\u0131tan bir tablo ortaya koydu\u011funu kaydederek, se\u00e7im sonu\u00e7lar\u0131n\u0131n hi\u00e7bir teredd\u00fcte yer b\u0131rakmaks\u0131z\u0131n muazzam bir ba\u015far\u0131yla birka\u00e7 saat i\u00e7inde al\u0131nmas\u0131n\u0131n takdire \u015fayan oldu\u011funu vurgulad\u0131.<\/p>\n<p>Ge\u00e7en y\u0131l Meclisin a\u00e7\u0131l\u0131\u015f\u0131nda yapt\u0131\u011f\u0131 konu\u015fmada, demokrasinin hem temsili hem de kat\u0131l\u0131mc\u0131 y\u00f6n\u00fcyle birlikte i\u015flemesinin gerekti\u011fine i\u015faret etti\u011fini hat\u0131rlatan G\u00fcl, &#8220;Halk\u0131m\u0131z, 12 Haziran se\u00e7imlerinde y\u00fcksek kat\u0131l\u0131m oran\u0131yla siyaset kurumunu onurland\u0131rm\u0131\u015f, siyasetin t\u00fcm renk ve e\u011filimlerinin b\u00fcy\u00fck \u00f6l\u00e7\u00fcde Mecliste temsil edilmesini sa\u011flam\u0131\u015ft\u0131r. Y\u00fcce Meclise istisnas\u0131z b\u00fct\u00fcn sorunlar\u0131n \u00fczerine cesur bir \u015fekilde gitme g\u00fcc\u00fc vermi\u015ftir&#8221; dedi.<\/p>\n[media id=1401 width=610 height=340]\n<!-- Error, Advert is not available at this time due to schedule\/geolocation restrictions! -->\n<!-- Error, Advert is not available at this time due to schedule\/geolocation restrictions! -->\n","protected":false},"excerpt":{"rendered":"<p>TBMM Genel Kurulu, yeni yasama y\u0131l\u0131na ba\u015flad\u0131. Ba\u015fkan Cemil \u00c7i\u00e7ek&#8217;in a\u00e7\u0131l\u0131\u015f konu\u015fmas\u0131n\u0131n ard\u0131ndan k\u00fcrs\u00fcy\u00fc Cumhurba\u015fkan\u0131 Abdullah G\u00fcl geldi ve \u00f6nemli mesajlar verdi. (Video)<\/p>\n","protected":false},"author":4,"featured_media":83642,"comment_status":"open","ping_status":"open","sticky":false,"template":"","format":"standard","meta":{"_acf_changed":false,"footnotes":""},"categories":[6155,5005,6202,6805,342],"tags":[4343,11498,1080,11846,6871,15172],"class_list":["post-83641","post","type-post","status-publish","format-standard","has-post-thumbnail","hentry","category-gundem","category-manset","category-politika","category-turkiye","category-video","tag-abdullah-gul","tag-bdp","tag-cemil-cicek","tag-sirri-sakik","tag-tbmm","tag-tbmm-video"],"acf":[],"_links":{"self":[{"href":"https:\/\/www.nationalturk.com\/tr\/wp-json\/wp\/v2\/posts\/83641","targetHints":{"allow":["GET"]}}],"collection":[{"href":"https:\/\/www.nationalturk.com\/tr\/wp-json\/wp\/v2\/posts"}],"about":[{"href":"https:\/\/www.nationalturk.com\/tr\/wp-json\/wp\/v2\/types\/post"}],"author":[{"embeddable":true,"href":"https:\/\/www.nationalturk.com\/tr\/wp-json\/wp\/v2\/users\/4"}],"replies":[{"embeddable":true,"href":"https:\/\/www.nationalturk.com\/tr\/wp-json\/wp\/v2\/comments?post=83641"}],"version-history":[{"count":0,"href":"https:\/\/www.nationalturk.com\/tr\/wp-json\/wp\/v2\/posts\/83641\/revisions"}],"wp:featuredmedia":[{"embeddable":true,"href":"https:\/\/www.nationalturk.com\/tr\/wp-json\/wp\/v2\/media\/83642"}],"wp:attachment":[{"href":"https:\/\/www.nationalturk.com\/tr\/wp-json\/wp\/v2\/media?parent=83641"}],"wp:term":[{"taxonomy":"category","embeddable":true,"href":"https:\/\/www.nationalturk.com\/tr\/wp-json\/wp\/v2\/categories?post=83641"},{"taxonomy":"post_tag","embeddable":true,"href":"https:\/\/www.nationalturk.com\/tr\/wp-json\/wp\/v2\/tags?post=83641"}],"curies":[{"name":"wp","href":"https:\/\/api.w.org\/{rel}","templated":true}]}}