{"id":83703,"date":"2011-10-03T11:40:01","date_gmt":"2011-10-03T08:40:01","guid":{"rendered":"http:\/\/www.nationalturk.com\/?p=83703"},"modified":"2011-10-03T11:40:01","modified_gmt":"2011-10-03T08:40:01","slug":"arda-turan-biz-para-alamazken-yabancilar-helikopter-satin-aliyordu-83703","status":"publish","type":"post","link":"https:\/\/www.nationalturk.com\/tr\/arda-turan-biz-para-alamazken-yabancilar-helikopter-satin-aliyordu-83703\/","title":{"rendered":"Arda Turan: Biz para alamazken yabanc\u0131lar helikopter sat\u0131n al\u0131yordu"},"content":{"rendered":"<h1><img loading=\"lazy\" decoding=\"async\" class=\"alignleft size-medium wp-image-83704\" title=\"Arda Turan\" src=\"http:\/\/www.nationalturk.com\/tr\/wp-content\/uploads\/2011\/10\/arda_turan_santander-280x143.jpg\" alt=\"\" width=\"280\" height=\"143\" srcset=\"https:\/\/www.nationalturk.com\/tr\/wp-content\/uploads\/2011\/10\/arda_turan_santander-280x143.jpg 280w, https:\/\/www.nationalturk.com\/tr\/wp-content\/uploads\/2011\/10\/arda_turan_santander.jpg 520w\" sizes=\"auto, (max-width: 280px) 100vw, 280px\" \/>Galatasaray&#8217;dan Atletico Madrid&#8217;e transfer olan Arda Turan bombalad\u0131. TFF&#8217;nin dergisi Tam Saha&#8217;ya konu\u015fan Arda Turan Galatasaray taraftar\u0131n\u0131 sert s\u00f6zlerle ele\u015ftirerek T\u00fcrkiye&#8217;deki yabanc\u0131 hayranl\u0131\u011f\u0131na da tepki g\u00f6sterdi.<\/h1>\n<p>Arda Turan&#8217;\u0131n r\u00f6portaj\u0131;<\/p>\n<p><strong>T\u00fcrkiye \u00e7ok say\u0131da y\u0131ld\u0131z \u00fcreten ama \u00fcretti\u011fi y\u0131ld\u0131zlar\u0131 parlatamayan, b\u0131rak d\u00fczeyini y\u00fckseltmeyi ayn\u0131 seviyede durmas\u0131n\u0131 bile sa\u011flayamayan bir \u00fclke. Biz senin ba\u015f\u0131ndan beri Avrupa&#8217;da oynama iste\u011fini biliyoruz ama galiba bu gidi\u015fte biraz da \u00fclkenin bu atmosferi etkili de\u011fil mi?<\/strong><\/p>\n<p>Asl\u0131nda \u00fclkenin atmosferi etkenlerden sadece bir tanesi. Hatta e\u011fer gidi\u015fimle ilgili nedenleri 10 maddeyle s\u0131ralarsak bunlar\u0131n aras\u0131nda en son s\u0131rada yer al\u0131r. \u00c7\u00fcnk\u00fc ben, hi\u00e7bir zaman bir \u015feylerden korkup ka\u00e7acak, gidecek bir insan de\u011filim. Hayat\u0131m boyunca cesaretli ve y\u00fcrekli davrand\u0131m. Bu olayda da ayn\u0131 \u015fekilde karar verdim. Art\u0131k T\u00fcrkiye&#8217;yi Avrupa&#8217;da temsil etme zaman\u0131m\u0131n geldi\u011fini d\u00fc\u015f\u00fcnd\u00fcm. Kendi \u015fans\u0131m\u0131 denemek istedim. Bunun da en do\u011fal hakk\u0131m oldu\u011funu d\u00fc\u015f\u00fcn\u00fcyorum. T\u00fcrkiye&#8217;den de olabilecek en iyi \u015fekilde ayr\u0131ld\u0131\u011f\u0131m\u0131 d\u00fc\u015f\u00fcn\u00fcyorum. Herkese sayg\u0131l\u0131 bir \u015fekilde veda ettim. Kul\u00fcb\u00fcme de y\u00fckl\u00fc bir bonservis bedeli kazand\u0131rd\u0131m. T\u00fcrkiye&#8217;den Avrupa&#8217;ya giden en pahal\u0131 T\u00fcrk futbolcusu unvan\u0131na sahip oldum. Bunun gururu ve bana harcanan emeklerin kar\u015f\u0131l\u0131\u011f\u0131n\u0131 vermi\u015f olman\u0131n onuruyla bu konu\u015fmalar\u0131 yap\u0131yorum. Benim i\u00e7in yeni bir hayat ba\u015fl\u0131yor.<\/p>\n<p><strong>Peki, bu 10 maddelik nedenler s\u0131ralamas\u0131n\u0131n \u00fcst k\u0131sm\u0131nda neler var?<\/strong><\/p>\n<p>En ba\u015fta kendi kariyerim. Ba\u015fka bir deyi\u015fle, Avrupa&#8217;ya gitmek. Oradan s\u0131\u00e7rama yaparak daha da iyi bir tak\u0131ma transfer olmak. Atletico Madrid de \u015f\u00f6hretli bir tak\u0131m ama en \u015f\u00f6hretli olanlar\u0131na gidebilme ihtimalimi zorlamak. \u0130kincisi, kariyerle birlikte gelmesi olas\u0131 maddi imk\u00e2nlar. \u00dc\u00e7\u00fcnc\u00fcs\u00fc, aktif oyunculuk d\u00f6nemimi sonland\u0131rd\u0131ktan sonra futbola ba\u015fka a\u00e7\u0131lardan bakma iste\u011fim. D\u00f6rd\u00fcnc\u00fcs\u00fc, daha rahat bir ya\u015fam alan\u0131. Kendim ve \u00fclkemle ilgili d\u00fc\u015f\u00fcnd\u00fcklerimi daha rahat ifade edebilmek. Be\u015fincisi, bask\u0131dan kurtuldu\u011fumda yeteneklerimi daha \u00f6n plana \u00e7\u0131kartabilece\u011fime olan inanc\u0131m. Bir \u00e7\u0131rp\u0131da be\u015f madde sayabildim ama \u00fczerinde d\u00fc\u015f\u00fcnsek 10&#8217;u bile ge\u00e7ebilirim herhalde.<\/p>\n<p><strong>T\u00fcrkiye&#8217;de gen\u00e7 bir y\u0131ld\u0131z aday\u0131n\u0131 bekleyen tehlikeler neler? Bu badirenin i\u00e7inden yara bere i\u00e7inde ge\u00e7mi\u015f bir oyuncu olarak \u00fclkemizdeki bu atmosferi biraz anlat\u0131r m\u0131s\u0131n bize?<\/strong><\/p>\n<p>Hi\u00e7bir zaman hata yapmak i\u00e7in krediniz olmamas\u0131 ciddi bir tehlike. Gen\u00e7 futbolcu elbette bir tak\u0131m hatalar yapacak. Yeri gelecek k\u00f6t\u00fc oynayacak, yeri gelecek yanl\u0131\u015f konu\u015facak, belki istemeden kalp k\u0131racak. Gen\u00e7 futbolcu her t\u00fcrl\u00fc hatay\u0131 yapabilir. Ama biz, hata yapt\u0131ktan sonra oyuncuyu do\u011fru yola sevk etmiyoruz. Bir gen\u00e7 biraz parlad\u0131 m\u0131, &#8220;Bak bu yak\u0131nda m\u00fcthi\u015f patlayacak&#8221; derler. Ama hangi \u00f6zelli\u011fi ile patlayacak. &#8220;Hangi eksiklerinin \u00fczerine gidersek bu \u00e7ocuk T\u00fcrk futboluna daha iyi hizmet eder? diye d\u00fc\u015f\u00fcnmek yok. Psikolojik yard\u0131m sa\u011fl\u0131yor muyuz? \u00d6zel antrenman yapt\u0131r\u0131yor muyuz? Ama, &#8220;Hadi patlas\u0131n. Yetenekliyse \u00e7\u0131ks\u0131n oynas\u0131n&#8221; diyoruz. Sen onu sistematik \u015fekilde e\u011fitmez, futbolun hangi alan\u0131nda oynayaca\u011f\u0131 konusunda y\u00f6nlendirme yapmazsan olmaz. Ge\u00e7mi\u015fte \u00fclkemizdeki futbolun altyap\u0131 e\u011fitimiyle ilgili \u00e7e\u015fitli a\u00e7\u0131klamalar\u0131m olmu\u015ftu. Bunlar\u0131 da onlar\u0131n devam\u0131 olarak kabul edebilirsiniz. \u00c7ocu\u011fa gerekli donan\u0131mlar\u0131 vermeden her \u015feyi yapmas\u0131n\u0131 bekliyoruz. \u00d6nce bir \u015feyler vereceksiniz, y\u0131ld\u0131z\u0131n\u0131z\u0131 y\u0131ld\u0131z yapacaks\u0131n\u0131z ki o da size fayda sa\u011flas\u0131n. Bizde ise hep bir &#8220;ezme&#8221; durumu s\u00f6z konusu. Mesela Avrupa&#8217;ya gideli daha \u00e7ok uzun s\u00fcre olmamas\u0131na ra\u011fmen, oradaki orta halli bir futbolcuyu bile ne kadar el \u00fcst\u00fcnde tuttuklar\u0131n\u0131 g\u00f6rd\u00fcm. Bizde b\u00f6yle bir \u015fey olmuyor. Hep bir yad\u0131rgama durumu var. Ondan sonra da, &#8220;T\u00fcrk futbolu niye ileri gidemiyor?&#8221; deniyor. \u00c7\u00fcnk\u00fc disiplin yok. \u0130yi e\u011fitim yok. Bizim futbolcular\u0131m\u0131z herkesten daha yetenekli. Bunu her zaman iddia ederim. Ama niye Avrupa \u015eampiyonu olam\u0131yoruz? Alt\u0131nda bir \u015feyler yat\u0131yor demek ki. Bu durum sadece gen\u00e7 futbolcular\u0131n s\u0131k\u0131nt\u0131s\u0131 de\u011fil.<\/p>\n<p><strong>Mesela T\u00fcrkiye&#8217;de onca paray\u0131 kazanan bir oyuncunun k\u00fcl\u00fcst\u00fcr arabalara binmesi, sadece erkek arkada\u015flar\u0131yla gezip tozmas\u0131, yememesi, i\u00e7memesi ve hatta neredeyse giyinmemesi bile beklenebiliyor de\u011fil mi?<\/strong><\/p>\n<p>Futbolcunun \u00f6zel hayat\u0131 g\u00fcndeme d\u00fc\u015febilir ve bu da \u00e7ok do\u011fald\u0131r. Ama futbolcu bundan dolay\u0131 kimseye hesap vermez. Kimse babas\u0131n\u0131n paras\u0131yla arabaya binmiyor ki! E\u011fer illa birisini ele\u015ftirmek veya birisiyle dalga ge\u00e7mek isteniyorsa -ki buna hi\u00e7 haklar\u0131 yok- baba paras\u0131 ile ge\u00e7inen, hi\u00e7 \u00e7al\u0131\u015fmay\u0131p b\u00fct\u00fcn sene boyunca tatil yapanlar\u0131 g\u00fcndeme getirsinler. Bizler a\u011f\u0131r i\u015f\u00e7i gibi \u00e7al\u0131\u015f\u0131yoruz. Sabah antrenmana gidiyoruz. Ma\u00e7lar\u0131n, kamplar\u0131n bask\u0131s\u0131 ve stresini ya\u015f\u0131yoruz. Ailelerimizin \u00e7ekti\u011fi y\u00fcrek heyecan\u0131 da var. Ben, hayat\u0131n\u0131 ailesine adam\u0131\u015f biriyim. Her konuda onlara hizmet etmi\u015f, babam\u0131, annemi, karde\u015fimi rahat ettirmek i\u00e7in her \u015feyi yapm\u0131\u015f\u0131m. Ondan sonra benim ald\u0131\u011f\u0131m arabaya l\u00e2f edecekler ha? B\u00f6yle bir d\u00fcnya yok. Zaten benim surat\u0131ma kimse bunu s\u00f6yleyemez. Bu \u00fclkede bunlar\u0131 kimse beceremez de hep arkadan, gazete s\u00fctunlar\u0131ndan s\u00f6yleniyor. Art\u0131k delikanl\u0131l\u0131k b\u00f6yle demek ki!<\/p>\n<p><strong>Senin i\u00e7in en k\u0131r\u0131c\u0131 olan\u0131n kendi taraftar\u0131nca protesto edilmek oldu\u011funu biliyoruz. Ge\u00e7en sezon da Galatasaray k\u00f6t\u00fc bir sezon ge\u00e7irirken sen ele\u015ftiri odaklar\u0131ndan birisiydin.<\/strong><\/p>\n<p>Ben tak\u0131m kaptan\u0131yd\u0131m ama sakatt\u0131m. Oynamayan futbolcunun ba\u015far\u0131s\u0131zl\u0131kta ne kadar pay\u0131 olabilir? Maalesef taraftarlar bana gerekti\u011fi kadar sahip \u00e7\u0131kmad\u0131. Bunlar ge\u00e7mi\u015f konular tabii. Hi\u00e7 \u00f6nemli de\u011fil, ben her zaman bir Galatasaray taraftar\u0131y\u0131m. Benim Galatasarayl\u0131l\u0131\u011f\u0131m eksilmez. Benim bir k\u0131rg\u0131nl\u0131\u011f\u0131m var ama Galatasaray taraftar\u0131na sesleniyorum, ba\u015fkalar\u0131na da b\u00f6yle yapmas\u0131nlar. Tak\u0131m iyi oldu\u011fu zaman &#8220;Biz taraftar\u0131z&#8221; , tak\u0131m k\u00f6t\u00fc olursa &#8220;Hadi \u0131sl\u0131klayal\u0131m. Kimden ba\u015flayal\u0131m? Arda&#8217;dan ba\u015flayal\u0131m.&#8221; Bu mudur yani? Bu mudur Galatasarayl\u0131l\u0131k? Bunu yapanlar Galatasarayl\u0131ysa, o zaman ben Galatasarayl\u0131 de\u011filim. O t\u00fcr insanlar oldu\u011fu s\u00fcrece, bu k\u0131rg\u0131nl\u0131k asla tamir edilmeyecek. Benim Galatasaray&#8217;\u0131 sevmek i\u00e7in kimseye ihtiyac\u0131m yok ki. Zaten seviyorum. O y\u00fczden k\u0131rg\u0131nl\u0131\u011f\u0131 tamir etmek gibi bir ihtiyac\u0131m da yok. O \u0131sl\u0131klad\u0131klar\u0131 adam, kul\u00fcbe en \u00e7ok bonservis bedeli getirerek tak\u0131mdan ayr\u0131ld\u0131, \u0130spanya Ligi&#8217;ne gitti. Her sene milyarlarca para verilerek getirilen yabanc\u0131 futbolculardan daha fazla emek vererek oynad\u0131. \u00dcstelik onlardan daha az para alarak. Hi\u00e7bir zaman para konu\u015fmad\u0131, yeri geldi bo\u015f mukaveleye imza att\u0131. Yeri geldi, paras\u0131n\u0131 8 ay sonra ald\u0131 ama hi\u00e7bir zaman bir yerlere haber u\u00e7urmad\u0131, paras\u0131n\u0131 sormad\u0131. \u0130\u015fte o \u0131sl\u0131klad\u0131klar\u0131 adam benim. Beni \u0131sl\u0131klayanlara 4-4.5 milyon euroya gelip, paralar\u0131 pe\u015fin al\u0131p yatacak adam l\u00e2z\u0131m. Yabanc\u0131 Avrupa&#8217;da 500 bin euro al\u0131yor, buraya getirmek i\u00e7in 4 milyon euro veriyoruz. \u015eaka gibi ya. Sonra gelir gelmez, &#8220;Galatasaray, Fenerbah\u00e7e, Be\u015fikta\u015f \u00e7ok b\u00fcy\u00fck tak\u0131mlar&#8221; diyorlar. O kadar paray\u0131 al\u0131nca derler tabii. Biz Sivas&#8217;a deplasmana giderken, 50-100 bin dolar alaca\u011f\u0131m\u0131z \u00f6denmezken, baz\u0131 yabanc\u0131lar sat\u0131n alacak helikopter bak\u0131yorlard\u0131. Bunlar\u0131 taraftar bilmez ama. Bug\u00fcnlere sesimizi \u00e7\u0131kartmayarak geldik. Bunlar T\u00fcrk futbolunun genel sorunlar\u0131. Bak\u0131n \u0130spanya&#8217;da ne g\u00f6rd\u00fcm\u2026 &#8220;\u00d6nce kendi insan\u0131m\u0131z&#8221; diyorlar. Kendi altyap\u0131s\u0131ndan yeti\u015ftirdi\u011fi futbolcu yani. Daha sonra ba\u015fkalar\u0131. Do\u011frusu bu \u00e7\u00fcnk\u00fc.<\/p>\n<p><strong>Fatih Terim&#8217;in geli\u015fiyle birlikte Galatasaray&#8217;da kald\u0131\u011f\u0131n gibi hava olu\u015fmu\u015ftu. Sonras\u0131nda ne oldu da Atletico Madridli Arda oluverdin?<\/strong><\/p>\n<p>Ben her zaman i\u00e7in Galatasaray&#8217;da kalmaktan yanayd\u0131m ama Avrupa hayalim de vard\u0131. Sonunda olaylar bu \u015fekilde geli\u015fti. Kariyerimde her zaman \u00f6ncelikli olarak Avrupa&#8217;ya gitmek vard\u0131. Bu olmazsa, Fatih Hoca i\u00e7in kalaca\u011f\u0131m\u0131 s\u00f6ylemi\u015ftim. Transfer teklifi kul\u00fcb\u00fcn menfaatlerine de uyunca ben de Avrupa&#8217;da oynamak istedi\u011fimi belirttim. Galatasaray da transferden mutlu olunca bir sorun kalmad\u0131.<\/p>\n<p><strong>T\u00fcrkiye&#8217;den ayr\u0131l\u0131rken Fatih Terim&#8217;le vedala\u015fma f\u0131rsat\u0131 bulamam\u0131\u015ft\u0131n ama Madrid&#8217;de bir araya geldiniz. Neler konu\u015ftunuz aran\u0131zda? Bir k\u0131rg\u0131nl\u0131k var m\u0131yd\u0131?<\/strong><\/p>\n<p>Hi\u00e7bir problem yok. Telefonla da g\u00f6r\u00fc\u015f\u00fcyoruz. Tak\u0131m Madrid&#8217;e geldi\u011finde de g\u00f6r\u00fc\u015ft\u00fck. Bayramda da arad\u0131m, konu\u015ftuk. Benim Fatih Hocaya sevgim ve sayg\u0131m sonsuzdur. Arada k\u0131rg\u0131nl\u0131k gibi bir durum kesinlikle hissetmedim. Fatih Hocan\u0131n da k\u0131rg\u0131n oldu\u011funu zannetmiyorum \u00e7\u00fcnk\u00fc ben giderken herkese sayg\u0131l\u0131, d\u00fcr\u00fcst ve do\u011fru \u015fekilde davrand\u0131m. Ayr\u0131l\u0131k ikimiz i\u00e7in de zor olabilir ama hayat b\u00f6yle i\u015fte&#8230;<\/p>\n<p><strong>Kaptanl\u0131\u011f\u0131n\u0131 yapt\u0131\u011f\u0131n tak\u0131m\u0131n kamp\u0131na Madrid&#8217;de bu defa &#8220;ziyaret\u00e7i&#8221; olarak girdin. Senin \u00e7ok iyi bir Galatasarayl\u0131 oldu\u011funu bildi\u011fim i\u00e7in soruyorum, o anda neler hissettin?<\/strong><\/p>\n<p>Zor bir durumdu. Bir de ben yap\u0131 olarak \u00e7ok duygusal\u0131m, biliyorsunuz. Galatasaray benim evim gibiydi, \u00e7\u00fcnk\u00fc 12 ya\u015f\u0131mdan beri oraday\u0131m. Ma\u00e7\u0131 stattan izledi\u011fimde, h\u00e2l\u00e2 sahada gibiydim. Yan\u0131mdakilere s\u00f6ylenip durdum hatta. Ama sonra Atletico Madrid futbolcusu oldu\u011fumu fark ettim. Bu arada, baz\u0131 \u015feyler de insana koyuyor. Kimi yabanc\u0131 futbolcular\u0131n ne \u015fekilde \u00fclkemizden ayr\u0131ld\u0131\u011f\u0131n\u0131 g\u00f6r\u00fcyoruz. Sen altyap\u0131dan yeti\u015fmi\u015fsin, b\u00fcy\u00fck paralar b\u0131rak\u0131p gidiyorsun, seni sadece tesis personeli u\u011furlamaya geliyor. Sa\u011f olsun tesis personeli bana bir tane plaket yapt\u0131rm\u0131\u015f. \u00dczerinde &#8220;Bize yapt\u0131klar\u0131n i\u00e7in te\u015fekk\u00fcr ederiz. Seni seviyoruz&#8221; diye bir ifade yer al\u0131yor. Benim i\u00e7in hayattaki en de\u011ferli \u00f6d\u00fcl odur. Bunu, onlar\u0131 k\u00fc\u00e7\u00fcmsemek i\u00e7in s\u00f6ylemiyorum. Avrupa \u015eampiyonas\u0131&#8217;nda ald\u0131\u011f\u0131m &#8220;ma\u00e7\u0131n adam\u0131&#8221; \u00f6d\u00fcl\u00fcnden bile daha yukar\u0131 koydum onu. O \u00f6d\u00fcl benim ba\u015f tac\u0131md\u0131r. Ama isterdim ki Galatasaray Kul\u00fcb\u00fc&#8217;nden de bir y\u00f6netici plaket versin. \u0130nsan bekliyor tabii, hele de yabanc\u0131lar\u0131 g\u00f6r\u00fcnce\u2026<\/p>\n<p><strong>T\u00fcrkiye&#8217;deki yo\u011fun bask\u0131dan kurtulup \u0130spanya&#8217;da oynamak belki yeteneklerini de daha rahat sergilemeni ve futbol kaliteni bir basamak daha yukar\u0131 ta\u015f\u0131man\u0131 sa\u011flayabilir. Sen de bu d\u00fc\u015f\u00fcncede misin?<\/strong><\/p>\n<p>Ben sa\u011fl\u0131kl\u0131 oldu\u011fum her zaman kaliteli oynad\u0131\u011f\u0131m\u0131 d\u00fc\u015f\u00fcn\u00fcyorum. Bunu herkesle tart\u0131\u015fabilirim. Otural\u0131m b\u00fct\u00fcn ma\u00e7lar\u0131m\u0131 seyredelim. Mill\u00ee Tak\u0131m ve Galatasaray&#8217;daki performans\u0131m\u0131 inceleyelim. Kalitesiz oynayan Arda&#8217;ya bir bakal\u0131m. K\u00f6t\u00fc performans vermi\u015f oldu\u011fum bir d\u00f6nem olabilir ama bak\u0131ld\u0131\u011f\u0131nda ma\u00e7lar\u0131n b\u00fcy\u00fck b\u00f6l\u00fcm\u00fcnde \u00e7ok m\u00fccadele etti\u011fim ve y\u00fcksek performans sergiledi\u011fim g\u00f6r\u00fclecektir. \u015eu anda kendimi o kadar rahat hissediyorum ki, bunu \u0130spanya&#8217;ya gidince anlad\u0131m. Bir birey oldu\u011fumu, insan oldu\u011fumu hat\u0131rlad\u0131m. Vermi\u015f oldu\u011fum bu karardan hayat\u0131m boyunca pi\u015fmanl\u0131k duymayaca\u011f\u0131m. T\u00fcrkiye&#8217;deyken kendimi o kadar kontrol mekanizmas\u0131n\u0131n i\u00e7ine s\u0131k\u0131\u015ft\u0131rm\u0131\u015f\u0131m ki\u2026 &#8220;Aman o \u00fcz\u00fclmesin, aman \u015funun kalbini k\u0131rmayay\u0131m&#8221; demekten benli\u011fimden uzakla\u015fm\u0131\u015f\u0131m.<\/p>\n<p><strong>Bir\u00e7ok transfer teklifi ald\u0131\u011f\u0131n\u0131 biliyoruz, bunlar\u0131n i\u00e7inde Atletico Madrid&#8217;i tercih etmenin sebebi neydi?<\/strong><\/p>\n<p>Beni isteyen ba\u015fka kul\u00fcpler de vard\u0131 ama Atletico Madrid benimle \u00e7ok uzun s\u00fcre ilgilendi ve bana olan g\u00fcvenini hissettirdi. Sonu\u00e7ta, kul\u00fcp potansiyeliyle ve beni kabul etme \u015fekliyle, beni cezbetti. Kendimi Atleticolu Arda olarak \u00e7ok iyi hissediyorum.<\/p>\n<p><strong>Atletico Madridlilerle transfer s\u0131ras\u0131nda aran\u0131zda ge\u00e7en konu\u015fmalarda senden beklentileri hakk\u0131nda neler s\u00f6ylediler?<\/strong><\/p>\n<p>Ciddi bir potansiyelim oldu\u011funu inan\u0131yorlar. \u00c7ok abart\u0131l\u0131 bir beklentileri yok. Bir adaptasyon s\u00fcreci ge\u00e7irece\u011fimin fark\u0131ndalar. \u00d6ncelikle tak\u0131m\u0131n bir par\u00e7as\u0131 olmam isteniyor.<\/p>\n<p><strong>Biz yabanc\u0131 oyuncular\u0131n \u00fclkemize ilk geldiklerinde stadyumlarda imza atmas\u0131na al\u0131\u015fk\u0131n\u0131z. \u0130lk kez T\u00fcrkiye&#8217;den giden bir oyuncu i\u00e7in statta imza t\u00f6reni d\u00fczenlendi. Bu konuda neler d\u00fc\u015f\u00fcn\u00fcyorsun?<\/strong><\/p>\n<p>G\u00fczel bir tan\u0131t\u0131md\u0131 ve heyecan vericiydi. Her \u015fey gayet profesyonel \u015fekilde haz\u0131rlanm\u0131\u015ft\u0131.<br \/>\n\u0130spanya&#8217;da ba\u015flang\u0131\u00e7ta al\u0131\u015famad\u0131\u011f\u0131n bir \u015feyler var m\u0131? Lisan sorunu, yemekler ya da sosyal ya\u015famdaki bir \u015feyler gibi&#8230;<br \/>\nYok, al\u0131\u015famad\u0131\u011f\u0131m herhangi bir nokta yok. Bahsettikleriniz de zamanla halledilir. \u0130spanyolcay\u0131 da k\u0131sa zamanda halledebilece\u011fimi d\u00fc\u015f\u00fcn\u00fcyorum.<\/p>\n<p><strong>\u0130spanya Ligi, Premier Lig&#8217;le yar\u0131\u015fan, d\u00fcnyan\u0131n en iyi iki liginden biri. Bu ligde seni en fazla cezbeden \u015feyler neler?<\/strong><\/p>\n<p>Bir kere herkes oynamay\u0131 d\u00fc\u015f\u00fcn\u00fcyor. Bir \u015feyler yapmak istiyor. Temel plan oynatmamak \u00fczerine kurulu de\u011fil. \u0130nsan\u0131 as\u0131l cezbeden buras\u0131.<\/p>\n<p><strong>Bu sezon sona erdi\u011finde Arda Turan hakk\u0131nda neler konu\u015fturacaks\u0131n? K\u0131sa vadede bu sezon sonu i\u00e7in hedeflerin neler?<\/strong><\/p>\n<p>Hem tak\u0131m\u0131 ile \u00f6nemli i\u015fler ba\u015farm\u0131\u015f hem de A Mill\u00ee Tak\u0131m ile birlikte Avrupa \u015eampiyonas\u0131 finallerine gitmi\u015f bir Arda olmak istiyorum. Uzun vadede de Mill\u00ee Tak\u0131m&#8217;la Avrupa \u015eampiyonlu\u011fu ya\u015famak istiyorum.<\/p>\n<p><strong>Madrid&#8217;deki hayat\u0131ndan s\u00f6z eder misin bize? Olduk\u00e7a y\u00fcksek bir bedelle g\u00fczel bir ev tuttu\u011funu \u00f6\u011frendik. Bu ev tek ba\u015f\u0131na ya\u015famak i\u00e7in \u00e7ok b\u00fcy\u00fck de\u011fil mi?<\/strong><\/p>\n<p>\u00d6nemli olan insan\u0131n ya\u015fad\u0131\u011f\u0131 yerde kendini mutlu hissetmesi ve i\u00e7ine sinmesi. Ben de bunlar\u0131 d\u00fc\u015f\u00fcnerek evimi tuttum. Evim \u00e7ok geni\u015f \u00e7\u00fcnk\u00fc benim arkada\u015f\u0131m \u00e7ok. Madrid&#8217;de s\u0131k s\u0131k misafir a\u011f\u0131rlayaca\u011f\u0131m\u0131 da hesap ettim. Hep beraber kalabilece\u011fimiz bir yer olmas\u0131 gerekliydi.<\/p>\n<p><strong>Madrid&#8217;i gezme f\u0131rsat\u0131 buldun mu? \u0130stanbul&#8217;la bir k\u0131yaslama yaparsan, Madrid hakk\u0131nda neler s\u00f6ylersin?<\/strong><\/p>\n<p>G\u00f6rd\u00fc\u011f\u00fcm kadar\u0131yla \u00e7ok g\u00fczel ve tarihi bir \u015fehir. \u0130stanbul&#8217;la k\u0131yaslama yapmam zor, \u00e7\u00fcnk\u00fc \u0130stanbul kadar g\u00fczeli zor bulunur.<\/p>\n<!-- Error, Advert is not available at this time due to schedule\/geolocation restrictions! -->\n<!-- Error, Advert is not available at this time due to schedule\/geolocation restrictions! -->\n","protected":false},"excerpt":{"rendered":"<p>Galatasaray&#8217;dan Atletico Madrid&#8217;e transfer olan Arda Turan bombalad\u0131. TFF&#8217;nin dergisi Tam Saha&#8217;ya konu\u015fan Arda Turan Galatasaray taraftar\u0131n\u0131 sert s\u00f6zlerle ele\u015ftirerek T\u00fcrkiye&#8217;deki yabanc\u0131 hayranl\u0131\u011f\u0131na da tepki g\u00f6sterdi.<\/p>\n","protected":false},"author":4,"featured_media":187466,"comment_status":"open","ping_status":"open","sticky":false,"template":"","format":"standard","meta":{"_acf_changed":false,"footnotes":""},"categories":[6774,5005,6194],"tags":[6335,6337,4114,62731],"class_list":["post-83703","post","type-post","status-publish","format-standard","has-post-thumbnail","hentry","category-futbol","category-manset","category-spor","tag-arda-turan","tag-arda-turan-roportaji","tag-galatasaray","tag-tam-saha"],"acf":[],"_links":{"self":[{"href":"https:\/\/www.nationalturk.com\/tr\/wp-json\/wp\/v2\/posts\/83703","targetHints":{"allow":["GET"]}}],"collection":[{"href":"https:\/\/www.nationalturk.com\/tr\/wp-json\/wp\/v2\/posts"}],"about":[{"href":"https:\/\/www.nationalturk.com\/tr\/wp-json\/wp\/v2\/types\/post"}],"author":[{"embeddable":true,"href":"https:\/\/www.nationalturk.com\/tr\/wp-json\/wp\/v2\/users\/4"}],"replies":[{"embeddable":true,"href":"https:\/\/www.nationalturk.com\/tr\/wp-json\/wp\/v2\/comments?post=83703"}],"version-history":[{"count":0,"href":"https:\/\/www.nationalturk.com\/tr\/wp-json\/wp\/v2\/posts\/83703\/revisions"}],"wp:featuredmedia":[{"embeddable":true,"href":"https:\/\/www.nationalturk.com\/tr\/wp-json\/wp\/v2\/media\/187466"}],"wp:attachment":[{"href":"https:\/\/www.nationalturk.com\/tr\/wp-json\/wp\/v2\/media?parent=83703"}],"wp:term":[{"taxonomy":"category","embeddable":true,"href":"https:\/\/www.nationalturk.com\/tr\/wp-json\/wp\/v2\/categories?post=83703"},{"taxonomy":"post_tag","embeddable":true,"href":"https:\/\/www.nationalturk.com\/tr\/wp-json\/wp\/v2\/tags?post=83703"}],"curies":[{"name":"wp","href":"https:\/\/api.w.org\/{rel}","templated":true}]}}