{"id":83728,"date":"2011-10-03T15:34:23","date_gmt":"2011-10-03T12:34:23","guid":{"rendered":"http:\/\/www.nationalturk.com\/?p=83728"},"modified":"2011-10-03T15:34:23","modified_gmt":"2011-10-03T12:34:23","slug":"amerikadan-kubaya-zeytin-dali-83728","status":"publish","type":"post","link":"https:\/\/www.nationalturk.com\/tr\/amerikadan-kubaya-zeytin-dali-83728\/","title":{"rendered":"Amerika&#8217;dan K\u00fcba&#8217;ya dikenli zeytin dal\u0131"},"content":{"rendered":"<figure id=\"attachment_83738\" aria-describedby=\"caption-attachment-83738\" style=\"width: 245px\" class=\"wp-caption alignleft\"><img loading=\"lazy\" decoding=\"async\" class=\"size-full wp-image-83738\" title=\"kuba-amerika-ambargo-nationalturk-0934\" src=\"http:\/\/www.nationalturk.com\/tr\/wp-content\/uploads\/2011\/10\/kuba-amerika-ambargo-nationalturk-0934.jpg\" alt=\"ABD : K\u00fcba i\u00e7in de\u011fi\u015fim vakti geldi \" width=\"245\" height=\"176\" \/><figcaption id=\"caption-attachment-83738\" class=\"wp-caption-text\">ABD : K\u00fcba i\u00e7in de\u011fi\u015fim vakti geldi<\/figcaption><\/figure>\n<h1>Amerika Birle\u015fik Devletleri Ba\u015fkan\u0131 Barack Obama, ABD&#8217;nin K\u00fcba&#8217;ya uygulad\u0131\u011f\u0131 kat\u0131 politikay\u0131 de\u011fi\u015ftirme ve K\u00fcba ambargosunu kald\u0131rma karar\u0131 almas\u0131n\u0131 sa\u011flayacak ad\u0131mlar\u0131n K\u00fcba taraf\u0131ndan hen\u00fcz at\u0131lmad\u0131\u011f\u0131n\u0131 s\u00f6yledi.<\/h1>\n<p>Ba\u015fkan Obama &#8216;So\u011fuk Sava\u015f zihniyetine tak\u0131l\u0131p kalmak istemedi\u011fini&#8217; belirtti\u011fi konu\u015fmas\u0131nda, ABD K\u00fcba ili\u015fkilerde \u00fclkesinin bir tak\u0131m kural de\u011fi\u015fikli\u011fine gitme iste\u011finde oldu\u011funu, ancak bunlar\u0131n hayata ge\u00e7irilmesin ger\u00e7ekle\u015fmesinin K\u00fcba&#8217;n\u0131n siyasi tutuklular\u0131n serbest b\u0131rak\u0131lmas\u0131 ve temel insan haklar\u0131n\u0131n garanti alt\u0131na al\u0131nmas\u0131 gibi konularda olumlu sinyaller g\u00f6stermesi gerekti\u011fini ve ABD h\u00fck\u00fcmetinin bunlar\u0131 bekledi\u011fini a\u00e7\u0131klad\u0131.<\/p>\n<h2>ABD : K\u00fcba i\u00e7in de\u011fi\u015fim vakti geldi !<\/h2>\n<p>K\u00fcba&#8217;ya, Arap d\u00fcnyas\u0131ndaki de\u011fi\u015fim r\u00fczgar\u0131na kat\u0131lma \u00e7a\u011fr\u0131s\u0131nda bulunan ABD Ba\u015fkan\u0131, &#8221;Ayn\u0131 de\u011fi\u015fimin bu \u00fclkede de ya\u015fanma zaman\u0131 geldi&#8221; \u015feklinde konu\u015ftu.Ba\u015fkan Obama, K\u00fcba&#8217;dan olumlu bir yakla\u015f\u0131m g\u00f6rmesi durumunda, ABD&#8217;nin de ayn\u0131 \u015fekilde cevap verece\u011fini s\u00f6zlerine ekledi.<\/p>\n<p>\u00d6te yandan K\u00fcba, halen ABD hapishanelerinde bulunan K\u00fcba Be\u015flisinden Gerardo Hernandez&#8217;in davas\u0131nda \u00f6nemli bir delil olan 24 \u015eubat 1996 tarihli uydu g\u00f6r\u00fcnt\u00fclerinin ABD h\u00fck\u00fcmeti taraf\u0131ndan mahkemeye verilmedi\u011fini a\u00e7\u0131klayarak bu karar\u0131 k\u0131nad\u0131\u011f\u0131n\u0131 belirtti.<\/p>\n<h3>Birle\u015fmi\u015f Milletler K\u00fcba&#8217;dan ABD &#8216;ye tarihi cevap<\/h3>\n<p>K\u00fcba, Amerika Birle\u015fik Devletleri&#8217;ni ge\u00e7ti\u011fimiz ay\u0131n sonunda yap\u0131lan Birle\u015fmi\u015f Milletler Genel Kurul toplant\u0131s\u0131nda a\u00e7\u0131k\u00e7a protesto etmi\u015f ve toplant\u0131n\u0131n \u0131n 4. G\u00fcn oturumunda, 20 y\u0131ld\u0131r genel kurul toplant\u0131lar\u0131nda bir \u00e7ok \u00fclke taraf\u0131ndan dile getirilen K\u00fcba\u2019ya kar\u015f\u0131 ABD ambargosunun kald\u0131r\u0131lmas\u0131 talebini 2011&#8217;de daha da g\u00fc\u00e7l\u00fc bir \u015fekilde g\u00fcndeme getirmi\u015fti.<\/p>\n<!-- Error, Advert is not available at this time due to schedule\/geolocation restrictions! -->\n<!-- Error, Advert is not available at this time due to schedule\/geolocation restrictions! -->\n","protected":false},"excerpt":{"rendered":"<p>Amerika Birle\u015fik Devletleri Ba\u015fkan\u0131 Barack Obama, ABD&#8217;nin K\u00fcba&#8217;ya uygulad\u0131\u011f\u0131 kat\u0131 politikay\u0131 de\u011fi\u015ftirme ve K\u00fcba ambargosunu kald\u0131rma karar\u0131 almas\u0131n\u0131 sa\u011flayacak ad\u0131mlar\u0131n K\u00fcba taraf\u0131ndan hen\u00fcz at\u0131lmad\u0131\u011f\u0131n\u0131 s\u00f6yledi<\/p>\n","protected":false},"author":683,"featured_media":83738,"comment_status":"open","ping_status":"open","sticky":false,"template":"","format":"standard","meta":{"_acf_changed":false,"footnotes":""},"categories":[6768,6665,6155,6771,5005,6202,349],"tags":[6552,2225,81882,50678,50676,2509,67073,14,7703,81881,13541],"class_list":["post-83728","post","type-post","status-publish","format-standard","has-post-thumbnail","hentry","category-amerika","category-dunya","category-gundem","category-latin-amerika","category-manset","category-politika","category-son-dakika","tag-abd-kuba","tag-amerika-birlesik-devletleri","tag-amerika-birlesik-devletleri-baskani-barack-obama","tag-amerika-kuba","tag-amerika-kuba-ambargosu","tag-barack-obama","tag-baskan-barack-obama","tag-kuba","tag-kuba-abd","tag-kuba-amerika","tag-kuba-beslisi"],"acf":[],"_links":{"self":[{"href":"https:\/\/www.nationalturk.com\/tr\/wp-json\/wp\/v2\/posts\/83728","targetHints":{"allow":["GET"]}}],"collection":[{"href":"https:\/\/www.nationalturk.com\/tr\/wp-json\/wp\/v2\/posts"}],"about":[{"href":"https:\/\/www.nationalturk.com\/tr\/wp-json\/wp\/v2\/types\/post"}],"author":[{"embeddable":true,"href":"https:\/\/www.nationalturk.com\/tr\/wp-json\/wp\/v2\/users\/683"}],"replies":[{"embeddable":true,"href":"https:\/\/www.nationalturk.com\/tr\/wp-json\/wp\/v2\/comments?post=83728"}],"version-history":[{"count":0,"href":"https:\/\/www.nationalturk.com\/tr\/wp-json\/wp\/v2\/posts\/83728\/revisions"}],"wp:featuredmedia":[{"embeddable":true,"href":"https:\/\/www.nationalturk.com\/tr\/wp-json\/wp\/v2\/media\/83738"}],"wp:attachment":[{"href":"https:\/\/www.nationalturk.com\/tr\/wp-json\/wp\/v2\/media?parent=83728"}],"wp:term":[{"taxonomy":"category","embeddable":true,"href":"https:\/\/www.nationalturk.com\/tr\/wp-json\/wp\/v2\/categories?post=83728"},{"taxonomy":"post_tag","embeddable":true,"href":"https:\/\/www.nationalturk.com\/tr\/wp-json\/wp\/v2\/tags?post=83728"}],"curies":[{"name":"wp","href":"https:\/\/api.w.org\/{rel}","templated":true}]}}