{"id":83860,"date":"2011-10-04T14:39:55","date_gmt":"2011-10-04T11:39:55","guid":{"rendered":"http:\/\/www.nationalturk.com\/?p=83860"},"modified":"2011-10-04T14:40:23","modified_gmt":"2011-10-04T11:40:23","slug":"somali-de-intihar-saldirisi-65-olu-83860","status":"publish","type":"post","link":"https:\/\/www.nationalturk.com\/tr\/somali-de-intihar-saldirisi-65-olu-83860\/","title":{"rendered":"Somali &#8216;de intihar sald\u0131r\u0131s\u0131 : 65 \u00d6l\u00fc"},"content":{"rendered":"<h1><a href=\"http:\/\/www.nationalturk.com\/tr\/wp-content\/uploads\/2011\/10\/somali-intihar-saldirisi-nationalturk.jpg\"><img loading=\"lazy\" decoding=\"async\" class=\"size-full wp-image-83869 alignleft\" title=\"Somali &#039;de \u0130ntihar Sald\u0131r\u0131s\u0131\" src=\"http:\/\/www.nationalturk.com\/tr\/wp-content\/uploads\/2011\/10\/somali-intihar-saldirisi-nationalturk.jpg\" alt=\"\" width=\"274\" height=\"154\" srcset=\"https:\/\/www.nationalturk.com\/tr\/wp-content\/uploads\/2011\/10\/somali-intihar-saldirisi-nationalturk.jpg 304w, https:\/\/www.nationalturk.com\/tr\/wp-content\/uploads\/2011\/10\/somali-intihar-saldirisi-nationalturk-280x157.jpg 280w\" sizes=\"auto, (max-width: 274px) 100vw, 274px\" \/><\/a>Somali &#8216;nin ba\u015fkenti Mogadi\u015fu &#8216;da intihar eyleminden kaynaklad\u0131\u011f\u0131 d\u00fc\u015f\u00fcn\u00fclen patlama sonucunda en az 65 ki\u015finin hayat\u0131n\u0131 kaybetti\u011fi kaydedildi.<\/h1>\n<p>Somali &#8216;de ya\u015fanan intihar sald\u0131r\u0131s\u0131n\u0131n g\u00f6rg\u00fc tan\u0131klar\u0131, patlay\u0131c\u0131 dolu bir kamyonun bir bakanl\u0131k binas\u0131n\u0131n yak\u0131nlar\u0131nda infilak etti\u011fini s\u00f6yledi. Olay yerinden yap\u0131lan a\u00e7\u0131klamalarda her yerde cesetler oldu\u011fu ve askerlerin havaya ate\u015f a\u00e7t\u0131klar\u0131 aktar\u0131l\u0131rken bunun \u015fimdiye kadar b\u00f6lgede g\u00f6r\u00fclen en b\u00fcy\u00fck sald\u0131r\u0131 oldu\u011fu belirtiliyor.<\/p>\n<p>Ali Ruse adl\u0131 bir hastane g\u00f6revlisi \u015fimdiye kadar 65 ceset getirildi\u011fini, 50 ki\u015finin de yaraland\u0131\u011f\u0131n\u0131 a\u00e7\u0131klad\u0131.<\/p>\n<p><span class=\"Apple-style-span\" style=\"font-size: 20px; font-weight: bold;\">Sald\u0131r\u0131n\u0131n sorumlulu\u011funu\u00a0\u00a0E\u015f-\u015eebab \u00f6rg\u00fct\u00fc \u00fcstlendi<\/span><\/p>\n<p>Sald\u0131r\u0131n\u0131n sorumlulu\u011funu radikal \u0130slamc\u0131 E\u015f-\u015eebab \u00f6rg\u00fct\u00fc \u00fcstlendi. \u00d6rg\u00fct\u00fcn El Kaide ile ba\u011flant\u0131s\u0131 oldu\u011fu bildiriliyor.\u00a0E\u015f-\u015eebab \u00f6rg\u00fct\u00fc, Somali&#8217;nin orta ve g\u00fcney kesimlerinde b\u00fcy\u00fck bir b\u00f6lgeyi denetimi alt\u0131nda tutuyor.<\/p>\n<!-- Error, Advert is not available at this time due to schedule\/geolocation restrictions! -->\n","protected":false},"excerpt":{"rendered":"<p>Somali &#8216;de intihar sald\u0131r\u0131s\u0131 : 65 \u00d6l\u00fc \/ Somali &#8216;nin ba\u015fkenti Mogadi\u015fu &#8216;da intihar eyleminden kaynaklad\u0131\u011f\u0131 d\u00fc\u015f\u00fcn\u00fclen patlama sonucunda en az 65 ki\u015finin hayat\u0131n\u0131 kaybetti\u011fi kaydedildi.<\/p>\n","protected":false},"author":651,"featured_media":83869,"comment_status":"open","ping_status":"open","sticky":false,"template":"","format":"standard","meta":{"_acf_changed":false,"footnotes":""},"categories":[6767,6665,6155,5005,349],"tags":[8942,61837,81993,8761,81991],"class_list":["post-83860","post","type-post","status-publish","format-standard","has-post-thumbnail","hentry","category-afrika","category-dunya","category-gundem","category-manset","category-son-dakika","tag-el-kaide","tag-mogadisu","tag-mogadisu-saldiri","tag-somali","tag-somali-saldiri"],"acf":[],"_links":{"self":[{"href":"https:\/\/www.nationalturk.com\/tr\/wp-json\/wp\/v2\/posts\/83860","targetHints":{"allow":["GET"]}}],"collection":[{"href":"https:\/\/www.nationalturk.com\/tr\/wp-json\/wp\/v2\/posts"}],"about":[{"href":"https:\/\/www.nationalturk.com\/tr\/wp-json\/wp\/v2\/types\/post"}],"author":[{"embeddable":true,"href":"https:\/\/www.nationalturk.com\/tr\/wp-json\/wp\/v2\/users\/651"}],"replies":[{"embeddable":true,"href":"https:\/\/www.nationalturk.com\/tr\/wp-json\/wp\/v2\/comments?post=83860"}],"version-history":[{"count":0,"href":"https:\/\/www.nationalturk.com\/tr\/wp-json\/wp\/v2\/posts\/83860\/revisions"}],"wp:featuredmedia":[{"embeddable":true,"href":"https:\/\/www.nationalturk.com\/tr\/wp-json\/wp\/v2\/media\/83869"}],"wp:attachment":[{"href":"https:\/\/www.nationalturk.com\/tr\/wp-json\/wp\/v2\/media?parent=83860"}],"wp:term":[{"taxonomy":"category","embeddable":true,"href":"https:\/\/www.nationalturk.com\/tr\/wp-json\/wp\/v2\/categories?post=83860"},{"taxonomy":"post_tag","embeddable":true,"href":"https:\/\/www.nationalturk.com\/tr\/wp-json\/wp\/v2\/tags?post=83860"}],"curies":[{"name":"wp","href":"https:\/\/api.w.org\/{rel}","templated":true}]}}