{"id":83930,"date":"2011-10-05T12:24:26","date_gmt":"2011-10-05T09:24:26","guid":{"rendered":"http:\/\/www.nationalturk.com\/?p=83930"},"modified":"2011-10-05T12:30:18","modified_gmt":"2011-10-05T09:30:18","slug":"fidel-castro-obama-1549","status":"publish","type":"post","link":"https:\/\/www.nationalturk.com\/tr\/fidel-castro-obama-1549\/","title":{"rendered":"Fidel Castro : Obama ne kadar da zeki !"},"content":{"rendered":"<h2><a href=\"http:\/\/www.nationalturk.com\/tr\/wp-content\/uploads\/2011\/10\/fidel-castro-obama.jpg\"><img loading=\"lazy\" decoding=\"async\" class=\"alignleft size-medium wp-image-83964\" title=\"Fidel Castro\" src=\"http:\/\/www.nationalturk.com\/tr\/wp-content\/uploads\/2011\/10\/fidel-castro-obama-280x217.jpg\" alt=\"\" width=\"280\" height=\"217\" srcset=\"https:\/\/www.nationalturk.com\/tr\/wp-content\/uploads\/2011\/10\/fidel-castro-obama-280x217.jpg 280w, https:\/\/www.nationalturk.com\/tr\/wp-content\/uploads\/2011\/10\/fidel-castro-obama.jpg 457w\" sizes=\"auto, (max-width: 280px) 100vw, 280px\" \/><\/a><\/h2>\n<h2>K\u00fcba Devrimi Lideri Fidel Castro son yazd\u0131\u011f\u0131 makalesinde ABD ba\u015fkan\u0131 Obama &#8216;y\u0131 ele\u015ftirdi.<\/h2>\n<p>Castro, Obama &#8216;n\u0131n kayda de\u011fer siyasi ve sosyal de\u011fi\u015fimler yarat\u0131ld\u0131k\u00e7a K\u00fcba ile aralar\u0131ndaki siyaseti de\u011fi\u015ftirece\u011fini s\u00f6ylemesini ele\u015ftirdi.<\/p>\n<p>&#8220;Ne kadar iyi bir adam! Ne kadar da zeki! 50 y\u0131ll\u0131k ablukan\u0131n ve anayurdumuza kar\u015f\u0131 i\u015flenen say\u0131s\u0131z su\u00e7un bizi dizlerimizin \u00fczerine \u00e7\u00f6kt\u00fcremeyece\u011fini sonunda anlam\u0131\u015f. K\u00fcba\u2019da \u00e7ok \u015fey de\u011fi\u015fir, ancak bunlar bizim \u00e7abam\u0131zla de\u011fi\u015fir, ABD istedi diye de\u011fil. Belki de imparatorlu\u011fun \u00f6nce \u00e7\u00f6kmesi gerekir.&#8221; diyen efsane lider, Marti\u2019nin s\u00f6zleriyle yaz\u0131s\u0131na devam etti;<\/p>\n<p>\u201c\u00d6nce \u00f6zg\u00fcr ve zengin bir \u00fclke i\u00e7in \u00e7al\u0131\u015faca\u011f\u0131z, sonra g\u00fcney ve kuzey denizleri birle\u015fecek, sonunda ise kartal yuvas\u0131ndaki yumurtadan bir y\u0131lan \u00e7\u0131kacak.\u201d<\/p>\n<p>Castro son makalesinde K\u00fcba Be\u015flisi Gerardo Hern\u00e1ndez, Antonio Guerrero, Ram\u00f3n Laba\u00f1ino, Fernando Gonz\u00e1lez ve Ren\u00e9 Gonz\u00e1lez &#8216;e de de\u011findi.<\/p>\n<p>&#8220;K\u00fcbal\u0131 anti-ter\u00f6rist Rene Gonzalez\u2019in kendisine y\u00fcklenen haks\u0131z hapis cezas\u0131n\u0131 \u00e7ektikten sonra K\u00fcba\u2019ya ailesinin yan\u0131na d\u00f6nmesine kar\u015f\u0131 \u00e7\u0131kan Florida Mahkemelerinin Yanki h\u00e2kimlerinin karar\u0131 bekleniyor olsa da ac\u0131mas\u0131zcayd\u0131.&#8221; diyen Fidel Castro, &#8220;\u0130\u00e7inde masum yolcularla dolu yolcu u\u00e7aklar\u0131n\u0131 patlatan CIA ajanlar\u0131 olan Posada Carriles ve Orlando Bosch gibi katilleri yaratan ABD h\u00fck\u00fcmeti haks\u0131z yere 13 y\u0131l boyunca hapislerde k\u00f6t\u00fc muamelelere maruz kalan Rene\u2019nin orada kalmas\u0131nda diretiyor.<\/p>\n<p>ABD\u2019de g\u00fcya \u201c\u00f6zg\u00fcr\u201d bir \u015fekilde \u00fc\u00e7 y\u0131l daha ceza almadan elini kolunu sallayarak gezen katillerin insaf\u0131na b\u0131rak\u0131l\u0131yor. Daha uzun s\u00fcreli ceza alan 3 K\u00fcbal\u0131 ve iki kez \u00f6m\u00fcr boyu hapis cezas\u0131na \u00e7arpt\u0131r\u0131lm\u0131\u015f be\u015finci K\u00fcbal\u0131 ise hala ABD hapishanelerinde. &#8221; diyerek yaz\u0131s\u0131na devam etti.<\/p>\n<p>D\u00fcnya &#8216;daki sava\u015flar, ABD &#8216;nin d\u00fcnyan\u0131n d\u00f6rt bir yan\u0131n\u0131 \u00fcsleriyle donatmas\u0131, k\u00fcresel \u0131s\u0131nma, Somali, Kenya ve Etiyopya gibi \u00fclkelerdeki sorunlara kay\u0131ts\u0131z kal\u0131nmas\u0131 ve K\u00fcba ambargosunu ele\u015ftiren Fidel Castro makalesinde d\u00fcnya bar\u0131\u015f\u0131 ve huzuru ad\u0131na \u00f6nemli mesajlar verdi.<\/p>\n<!-- Error, Advert is not available at this time due to schedule\/geolocation restrictions! -->\n<p>&nbsp;<\/p>\n","protected":false},"excerpt":{"rendered":"<p>K\u00fcba Devrimi Lideri Fidel Castro son yazd\u0131\u011f\u0131 makalesinde ABD ba\u015fkan\u0131 Obama y\u0131 ele\u015ftirdi.<\/p>\n","protected":false},"author":3,"featured_media":187431,"comment_status":"open","ping_status":"open","sticky":false,"template":"","format":"standard","meta":{"_acf_changed":false,"footnotes":""},"categories":[6768,6665,6155,6771,5005],"tags":[1887,11235,2509,38371,11236,82065,931,39274,24363,33143,11233,11234,13540],"class_list":["post-83930","post","type-post","status-publish","format-standard","has-post-thumbnail","hentry","category-amerika","category-dunya","category-gundem","category-latin-amerika","category-manset","tag-abd","tag-antonio-guerrero","tag-barack-obama","tag-castro","tag-fernando-gonzalez","tag-fidel","tag-fidel-castro","tag-fidel-castro-makalesi","tag-fidel-castro-obama","tag-fidel-castro-son-makalesi","tag-gerardo-hernandez","tag-ramon-labanino","tag-rene-gonzalez"],"acf":[],"_links":{"self":[{"href":"https:\/\/www.nationalturk.com\/tr\/wp-json\/wp\/v2\/posts\/83930","targetHints":{"allow":["GET"]}}],"collection":[{"href":"https:\/\/www.nationalturk.com\/tr\/wp-json\/wp\/v2\/posts"}],"about":[{"href":"https:\/\/www.nationalturk.com\/tr\/wp-json\/wp\/v2\/types\/post"}],"author":[{"embeddable":true,"href":"https:\/\/www.nationalturk.com\/tr\/wp-json\/wp\/v2\/users\/3"}],"replies":[{"embeddable":true,"href":"https:\/\/www.nationalturk.com\/tr\/wp-json\/wp\/v2\/comments?post=83930"}],"version-history":[{"count":0,"href":"https:\/\/www.nationalturk.com\/tr\/wp-json\/wp\/v2\/posts\/83930\/revisions"}],"wp:featuredmedia":[{"embeddable":true,"href":"https:\/\/www.nationalturk.com\/tr\/wp-json\/wp\/v2\/media\/187431"}],"wp:attachment":[{"href":"https:\/\/www.nationalturk.com\/tr\/wp-json\/wp\/v2\/media?parent=83930"}],"wp:term":[{"taxonomy":"category","embeddable":true,"href":"https:\/\/www.nationalturk.com\/tr\/wp-json\/wp\/v2\/categories?post=83930"},{"taxonomy":"post_tag","embeddable":true,"href":"https:\/\/www.nationalturk.com\/tr\/wp-json\/wp\/v2\/tags?post=83930"}],"curies":[{"name":"wp","href":"https:\/\/api.w.org\/{rel}","templated":true}]}}