{"id":84228,"date":"2011-10-07T14:10:43","date_gmt":"2011-10-07T11:10:43","guid":{"rendered":"http:\/\/www.nationalturk.com\/?p=84228"},"modified":"2011-10-07T14:10:43","modified_gmt":"2011-10-07T11:10:43","slug":"ahmet-turk-icin-35-yil-hapis-istendi-84228","status":"publish","type":"post","link":"https:\/\/www.nationalturk.com\/tr\/ahmet-turk-icin-35-yil-hapis-istendi-84228\/","title":{"rendered":"Ahmet T\u00fcrk i\u00e7in 35 y\u0131l hapis istendi"},"content":{"rendered":"<h1><img loading=\"lazy\" decoding=\"async\" class=\"alignleft size-full wp-image-84229\" title=\"Ahmet T\u00fcrk\" src=\"http:\/\/www.nationalturk.com\/tr\/wp-content\/uploads\/2011\/10\/ahmet_turk_aciklama-e1317985768104.jpg\" alt=\"\" width=\"293\" height=\"180\" srcset=\"https:\/\/www.nationalturk.com\/tr\/wp-content\/uploads\/2011\/10\/ahmet_turk_aciklama-e1317985768104.jpg 293w, https:\/\/www.nationalturk.com\/tr\/wp-content\/uploads\/2011\/10\/ahmet_turk_aciklama-e1317985768104-280x172.jpg 280w\" sizes=\"auto, (max-width: 293px) 100vw, 293px\" \/>BDP Mardin Milletvekili Ahmet T\u00fcrk&#8217;\u00fcn, milletvekilli\u011fi d\u00fc\u015f\u00fcr\u00fclmeden \u00f6nce yapt\u0131\u011f\u0131 7 konu\u015fmada ter\u00f6r \u00f6rg\u00fct\u00fc propogandas\u0131 yapt\u0131\u011f\u0131 gerek\u00e7esiyle yarg\u0131land\u0131\u011f\u0131 davada 35 y\u0131l hapsi istendi. Mahkeme dosyay\u0131 dokunulmazl\u0131k kapsam\u0131nda g\u00f6rmedi.<\/h1>\n<p>Mardin ba\u011f\u0131ms\u0131z milletvekili ve DTK Genel Ba\u015fkan\u0131 Ahmet T\u00fcrk hakk\u0131nda, yapt\u0131\u011f\u0131 7 ayr\u0131 konu\u015fmada \u00f6rg\u00fct propagandas\u0131 yapt\u0131\u011f\u0131 gerek\u00e7esiyle yarg\u0131land\u0131\u011f\u0131 davada, savc\u0131 35 y\u0131la kadar hapis cezas\u0131 istedi. \u00a0Diyarbak\u0131r 6. A\u011f\u0131r Ceza Mahkemesi&#8217;nde g\u00f6r\u00fclen davaya san\u0131k Ahmet T\u00fcrk kat\u0131lmazken\u00a0avukat\u0131 Fethi G\u00fcm\u00fc\u015f, m\u00fcvekkilinin milletvekili se\u00e7ildi\u011fini, Anayasa&#8217;n\u0131n 83. maddesi kapsam\u0131nda de\u011ferlendirilerek, yarg\u0131laman\u0131n durdurulmas\u0131n\u0131 talep etti. M\u00fcvekkilinin yapt\u0131\u011f\u0131 konu\u015fmalar\u0131n &#8216;\u00f6rg\u00fct propagandas\u0131&#8217; su\u00e7u kapsam\u0131nda kald\u0131\u011f\u0131n\u0131 ileri s\u00fcren G\u00fcm\u00fc\u015f, T\u00fcrk hakk\u0131ndaki kamu davas\u0131n\u0131n durdurulmas\u0131n\u0131 istedi.<\/p>\n<p>Mahkeme ise, Anayasa&#8217;n\u0131n 83. ve 14. maddeleri ile Yarg\u0131tay&#8217;\u0131n i\u00e7tihatlar\u0131na at\u0131f yaparak, T\u00fcrk hakk\u0131ndaki su\u00e7lar\u0131n ter\u00f6rle m\u00fccadele yasas\u0131 kapsam\u0131nda kald\u0131\u011f\u0131n\u0131 bildirdi.<\/p>\n<!-- Error, Advert is not available at this time due to schedule\/geolocation restrictions! -->\n","protected":false},"excerpt":{"rendered":"<p>BDP Mardin Milletvekili Ahmet T\u00fcrk&#8217;\u00fcn, milletvekilli\u011fi d\u00fc\u015f\u00fcr\u00fclmeden \u00f6nce yapt\u0131\u011f\u0131 7 konu\u015fmada ter\u00f6r \u00f6rg\u00fct\u00fc propogandas\u0131 yapt\u0131\u011f\u0131 gerek\u00e7esiyle yarg\u0131land\u0131\u011f\u0131 davada 35 y\u0131l hapsi istendi. Mahkeme dosyay\u0131 dokunulmazl\u0131k kapsam\u0131nda g\u00f6rmedi.<\/p>\n","protected":false},"author":4,"featured_media":187405,"comment_status":"open","ping_status":"open","sticky":false,"template":"","format":"standard","meta":{"_acf_changed":false,"footnotes":""},"categories":[6155,5005,6202,6805],"tags":[8871,17242,11498,1470,33893,2204],"class_list":["post-84228","post","type-post","status-publish","format-standard","has-post-thumbnail","hentry","category-gundem","category-manset","category-politika","category-turkiye","tag-ahmet-turk","tag-ahmet-turk-mahkeme","tag-bdp","tag-diyarbakir","tag-kck","tag-mardin"],"acf":[],"_links":{"self":[{"href":"https:\/\/www.nationalturk.com\/tr\/wp-json\/wp\/v2\/posts\/84228","targetHints":{"allow":["GET"]}}],"collection":[{"href":"https:\/\/www.nationalturk.com\/tr\/wp-json\/wp\/v2\/posts"}],"about":[{"href":"https:\/\/www.nationalturk.com\/tr\/wp-json\/wp\/v2\/types\/post"}],"author":[{"embeddable":true,"href":"https:\/\/www.nationalturk.com\/tr\/wp-json\/wp\/v2\/users\/4"}],"replies":[{"embeddable":true,"href":"https:\/\/www.nationalturk.com\/tr\/wp-json\/wp\/v2\/comments?post=84228"}],"version-history":[{"count":0,"href":"https:\/\/www.nationalturk.com\/tr\/wp-json\/wp\/v2\/posts\/84228\/revisions"}],"wp:featuredmedia":[{"embeddable":true,"href":"https:\/\/www.nationalturk.com\/tr\/wp-json\/wp\/v2\/media\/187405"}],"wp:attachment":[{"href":"https:\/\/www.nationalturk.com\/tr\/wp-json\/wp\/v2\/media?parent=84228"}],"wp:term":[{"taxonomy":"category","embeddable":true,"href":"https:\/\/www.nationalturk.com\/tr\/wp-json\/wp\/v2\/categories?post=84228"},{"taxonomy":"post_tag","embeddable":true,"href":"https:\/\/www.nationalturk.com\/tr\/wp-json\/wp\/v2\/tags?post=84228"}],"curies":[{"name":"wp","href":"https:\/\/api.w.org\/{rel}","templated":true}]}}