{"id":84449,"date":"2011-10-10T11:37:37","date_gmt":"2011-10-10T08:37:37","guid":{"rendered":"http:\/\/www.nationalturk.com\/?p=84449"},"modified":"2011-10-10T11:37:37","modified_gmt":"2011-10-10T08:37:37","slug":"antalyada-sel-6-kisi-kayip-84449","status":"publish","type":"post","link":"https:\/\/www.nationalturk.com\/tr\/antalyada-sel-6-kisi-kayip-84449\/","title":{"rendered":"Antalya&#8217;da sel: 6 ki\u015fi kay\u0131p"},"content":{"rendered":"<h1><img loading=\"lazy\" decoding=\"async\" class=\"alignleft size-medium wp-image-84450\" title=\"Antalya\" src=\"http:\/\/www.nationalturk.com\/tr\/wp-content\/uploads\/2011\/10\/antalyayagmurr-280x197.jpg\" alt=\"\" width=\"280\" height=\"197\" srcset=\"https:\/\/www.nationalturk.com\/tr\/wp-content\/uploads\/2011\/10\/antalyayagmurr-280x197.jpg 280w, https:\/\/www.nationalturk.com\/tr\/wp-content\/uploads\/2011\/10\/antalyayagmurr.jpg 500w\" sizes=\"auto, (max-width: 280px) 100vw, 280px\" \/>Antalya&#8217;da sel: 6 ki\u015fi kay\u0131p! D\u00fcn sabah saatlerinden itibaren rekor ya\u011f\u0131\u015fa maruz kalan Antalya&#8217;da 6 ki\u015finin kayboldu\u011fu a\u00e7\u0131kland\u0131. \u00a0\/ Antalya&#8217;da sel&#8230;<\/h1>\n<p>Gebiz beldesine ba\u011fl\u0131 k\u00f6ylerde incelemelerde bulunan Antalya Valisi Ahmet Alt\u0131parmak Hask\u0131z\u0131l\u00f6ren k\u00f6y\u00fcnde 3 evin yan\u0131 s\u0131ra 3 k\u00f6pr\u00fc ve 2 menfezin y\u0131k\u0131ld\u0131\u011f\u0131n\u0131 belirterek ayn\u0131 k\u00f6yden 6 ki\u015finin kayboldu\u011funu a\u00e7\u0131klad\u0131. K\u00f6pr\u00fclerin y\u0131k\u0131lmas\u0131 nedeniyle k\u00f6ye karadan ula\u015f\u0131m\u0131n kesildi\u011fini aktaran Vali Alt\u0131parmak &#8220;K\u00f6pr\u00fcleri onarmaya \u00e7al\u0131\u015f\u0131yoruz.\u00a0Orman B\u00f6lge M\u00fcd\u00fcrl\u00fc\u011f\u00fc ve Sahil G\u00fcvenli\u011fe ait 2 helikopter de vatanda\u015flar\u0131m\u0131za yard\u0131m g\u00f6t\u00fcr\u00fcyor. \u015eu ana kadar b\u00f6lgede 25 ki\u015fi kurtar\u0131ld\u0131. 1000 dekar alan sular alt\u0131nda&#8221; dedi<\/p>\n<p>Abdurrahmanlar k\u00f6y\u00fc Azaplar mahallesinde ise mahsur kalan 22 ki\u015fi vatanda\u015flar\u0131n yard\u0131m\u0131yla kurtar\u0131ld\u0131.<\/p>\n<!-- Error, Advert is not available at this time due to schedule\/geolocation restrictions! -->\n<!-- Error, Advert is not available at this time due to schedule\/geolocation restrictions! -->\n","protected":false},"excerpt":{"rendered":"<p>Antalya&#8217;da sel: 6 ki\u015fi kay\u0131p! D\u00fcn sabah saatlerinden itibaren rekor ya\u011f\u0131\u015fa maruz kalan Antalya&#8217;da 6 ki\u015finin kayboldu\u011fu a\u00e7\u0131kland\u0131.  \/ Antalya&#8217;da sel&#8230;<\/p>\n","protected":false},"author":4,"featured_media":187371,"comment_status":"open","ping_status":"open","sticky":false,"template":"","format":"standard","meta":{"_acf_changed":false,"footnotes":""},"categories":[6155,5005,349,6805],"tags":[1796,730,11688,82390,1772,82389,82388],"class_list":["post-84449","post","type-post","status-publish","format-standard","has-post-thumbnail","hentry","category-gundem","category-manset","category-son-dakika","category-turkiye","tag-ahmet-altiparmak","tag-antalya","tag-antalya-sel","tag-antalya-sel-yagmur","tag-antalya-valiligi","tag-antalya-yagis-rekoru","tag-antalya-yagmur"],"acf":[],"_links":{"self":[{"href":"https:\/\/www.nationalturk.com\/tr\/wp-json\/wp\/v2\/posts\/84449","targetHints":{"allow":["GET"]}}],"collection":[{"href":"https:\/\/www.nationalturk.com\/tr\/wp-json\/wp\/v2\/posts"}],"about":[{"href":"https:\/\/www.nationalturk.com\/tr\/wp-json\/wp\/v2\/types\/post"}],"author":[{"embeddable":true,"href":"https:\/\/www.nationalturk.com\/tr\/wp-json\/wp\/v2\/users\/4"}],"replies":[{"embeddable":true,"href":"https:\/\/www.nationalturk.com\/tr\/wp-json\/wp\/v2\/comments?post=84449"}],"version-history":[{"count":0,"href":"https:\/\/www.nationalturk.com\/tr\/wp-json\/wp\/v2\/posts\/84449\/revisions"}],"wp:featuredmedia":[{"embeddable":true,"href":"https:\/\/www.nationalturk.com\/tr\/wp-json\/wp\/v2\/media\/187371"}],"wp:attachment":[{"href":"https:\/\/www.nationalturk.com\/tr\/wp-json\/wp\/v2\/media?parent=84449"}],"wp:term":[{"taxonomy":"category","embeddable":true,"href":"https:\/\/www.nationalturk.com\/tr\/wp-json\/wp\/v2\/categories?post=84449"},{"taxonomy":"post_tag","embeddable":true,"href":"https:\/\/www.nationalturk.com\/tr\/wp-json\/wp\/v2\/tags?post=84449"}],"curies":[{"name":"wp","href":"https:\/\/api.w.org\/{rel}","templated":true}]}}