{"id":84521,"date":"2011-10-10T17:09:09","date_gmt":"2011-10-10T14:09:09","guid":{"rendered":"http:\/\/www.nationalturk.com\/?p=84521"},"modified":"2011-10-10T17:09:09","modified_gmt":"2011-10-10T14:09:09","slug":"akp-bdp-ile-on-sartsiz-anlasmaya-vardi-84521","status":"publish","type":"post","link":"https:\/\/www.nationalturk.com\/tr\/akp-bdp-ile-on-sartsiz-anlasmaya-vardi-84521\/","title":{"rendered":"AKP BDP ile \u00f6n \u015farts\u0131z anla\u015fmaya vard\u0131"},"content":{"rendered":"<h1><img loading=\"lazy\" decoding=\"async\" class=\"alignleft size-full wp-image-84522\" title=\"\" src=\"http:\/\/www.nationalturk.com\/tr\/wp-content\/uploads\/2011\/10\/akp__heyeti1.jpg\" alt=\"\" width=\"320\" height=\"190\" srcset=\"https:\/\/www.nationalturk.com\/tr\/wp-content\/uploads\/2011\/10\/akp__heyeti1.jpg 320w, https:\/\/www.nationalturk.com\/tr\/wp-content\/uploads\/2011\/10\/akp__heyeti1-280x166.jpg 280w\" sizes=\"auto, (max-width: 320px) 100vw, 320px\" \/>AK Parti Genel Ba\u015fkan Yard\u0131mc\u0131s\u0131 \u00d6mer \u00c7elik, Bar\u0131\u015f ve Demokrasi Partisi (BDP) ile Uzla\u015fma Komisyonu&#8217;nun \u00f6n \u015farts\u0131z toplanmas\u0131 konusunda tam mutabakata vard\u0131klar\u0131n\u0131 a\u00e7\u0131klad\u0131.<\/h1>\n<p>BDP Genel Ba\u015fkan Yard\u0131mc\u0131s\u0131 Meral Dan\u0131\u015f Be\u015fta\u015f da komisyonun toplanmas\u0131 konusunda bir \u00f6n \u015fartlar\u0131n\u0131n bulunmad\u0131\u011f\u0131n\u0131 belirtti.<\/p>\n<p>AK Parti heyeti, yeni anayasa konusunda BDP Genel Merkezi&#8217;nde partililerle bir araya geldi. Yakla\u015f\u0131k 1.5 saat s\u00fcren g\u00f6r\u00fc\u015fmenin ard\u0131ndan a\u00e7\u0131klama yapan \u00c7elik, Meclis&#8217;te grubu bulunan siyasi partileri ziyaretin BDP ile tamamland\u0131\u011f\u0131n\u0131 ifade etti. Yeni bir anayasa yap\u0131lmas\u0131 hususunda halk\u0131n g\u00f6sterdi\u011fi iradenin tam olarak BDP&#8217;de de g\u00f6rd\u00fcklerini anlatan \u00c7elik, anayasa yapma konusunda temel zeminin Meclis oldu\u011funu vurgulad\u0131. Y\u00fcce Meclis&#8217;in g\u00fcndemine hakim oldu\u011funu dile getiren \u00c7elik, de\u011fi\u015fikli\u011fin Uzla\u015fma Komisyonu taraf\u0131ndan yap\u0131laca\u011f\u0131n\u0131 belirtti. G\u00f6r\u00fc\u015fmede anayasan\u0131n i\u00e7eri\u011fine ili\u015fkin tart\u0131\u015fmaya girmediklerini s\u00f6yleyen \u00c7elik, i\u00e7eri\u011fin Uzla\u015fma Komisyonu taraf\u0131ndan g\u00f6r\u00fc\u015f\u00fclece\u011fini ifade etti. &#8220;T\u00fcrkiye yeni bir T\u00fcrkiye&#8217;dir, bamba\u015fka bir T\u00fcrkiye&#8217;dir.&#8221; diyen \u00c7elik, kendi anayasam\u0131z\u0131 yapacak tecr\u00fcbenin \u00e7ok zengin oldu\u011funu, 150 y\u0131ll\u0131k bir ge\u00e7mi\u015fi bulundu\u011funu kaydetti. Uzla\u015fma Komisyonu&#8217;na gereken deste\u011fin verilece\u011fini anlatan \u00c7elik, 1924 y\u0131l\u0131ndan bu yana ilk sivil anayasan\u0131n haz\u0131rlanaca\u011f\u0131n\u0131 s\u00f6yledi. Do\u011frudan vatanda\u015flar\u0131n g\u00f6r\u00fc\u015flerinin al\u0131naca\u011f\u0131 bir mekanizman\u0131n kurulaca\u011f\u0131n\u0131 dile getiren \u00c7elik, konuya ili\u015fkin tekliflerin Uzla\u015fma Komisyonu&#8217;na bildirilece\u011fini belirtti. Milletin anayasa yapma \u015ferefini Meclis&#8217;i olu\u015fturan siyasi partilere vererek \u015fereflendirdi\u011fini dile getiren \u00c7elik, \u015f\u00fckran bor\u00e7lu olduklar\u0131n\u0131 belirtti. G\u00f6r\u00fc\u015fmelere parti olarak devam edeceklerini, anayasa yapma g\u00f6revinin art\u0131k Uzla\u015fma Komisyonu&#8217;na ait oldu\u011funu vurgulayan \u00c7elik, yeni bir s\u00fcrecin, tam bir mutabakat ile Meclis zemininde ba\u015flamas\u0131ndan dolay\u0131 \u00e7ok mutlu olduklar\u0131n\u0131 ifade etti.<\/p>\n<p>Bir soru \u00fczerine \u00c7elik, i\u00e7eride pek \u00e7ok konunun konu\u015fuldu\u011funu, Uzla\u015fma Komisyonu&#8217;nun \u00f6n \u015farts\u0131z toplanmas\u0131 konusunda mutabakata vard\u0131klar\u0131n\u0131n alt\u0131n\u0131 \u00e7izdi. \u00c7elik, g\u00fczel bir g\u00f6r\u00fc\u015fme oldu\u011funu dile getirdi.<\/p>\n<p>BDP Genel Ba\u015fkan Yard\u0131mc\u0131s\u0131 Meral Dan\u0131\u015f Be\u015fta\u015f ise Uzla\u015fma Komisyonu i\u00e7in bug\u00fcn ak\u015fam saat be\u015f itibariyle \u00fcyelerin isimlerini Meclis Ba\u015fkanl\u0131\u011f\u0131&#8217;na bildireceklerini s\u00f6yledi. Anayasan\u0131n i\u00e7eri\u011fine ili\u015fkin \u015fart konulmas\u0131n\u0131n s\u00fcrece zarar verece\u011fine inand\u0131klar\u0131n\u0131 anlatan Be\u015fta\u015f, g\u00f6r\u00fc\u015fmede nas\u0131l bir y\u00f6ntemle y\u00fcr\u00fct\u00fclmesinin konu\u015fuldu\u011funu ifade etti.<br \/>\nMeclis&#8217;te grubu bulunmayan partiler, sivil toplum kurulu\u015flar\u0131n\u0131n da kat\u0131lmas\u0131 i\u00e7in Anayasa Meclisi \u00f6nerdiklerini dile getiren Be\u015fta\u015f, bunlar\u0131n \u00f6nermelerinin de Uzla\u015fma Komisyonu&#8217;nun dikkate almas\u0131 gerekti\u011fini istediklerini kaydetti. S\u00fcrecin takvim ba\u015fta olmak \u00fczere \u015feffaf olarak y\u00fcr\u00fct\u00fclmesi gerekti\u011fini isteyen Be\u015fta\u015f, toplumun yar\u0131s\u0131n\u0131 olu\u015fturan kad\u0131nlar\u0131n Uzla\u015fma Komisyonu&#8217;nda temsil edilmemesi, di\u011fer partilerin kad\u0131n \u00fcye vermemesini kabul etmediklerini belirtti. Cinsiyet kotas\u0131 konarak temsilin sa\u011flanmas\u0131 gerekti\u011fini dile getiren Be\u015fta\u015f, yol temizli\u011fi dedikleri baz\u0131 yasal d\u00fczenlemelerin de bu s\u00fcre\u00e7te yap\u0131lmas\u0131n\u0131 talep etti.<\/p>\n<p>Ter\u00f6r \u00f6rg\u00fct\u00fc PKK&#8217;n\u0131n \u015fehir yap\u0131lanmas\u0131 KCK&#8217;ya y\u00f6nelik operasyonlar\u0131 hat\u0131rlatan Be\u015fta\u015f, bir \u00e7ok yasal d\u00fczenlemelerin tart\u0131\u015fmay\u0131 ortadan kald\u0131raca\u011f\u0131n\u0131 savundu. D\u00fc\u015f\u00fcnce ve ifade \u00f6zg\u00fcrl\u00fc\u011f\u00fc, \u00f6rg\u00fctlenme \u00f6zg\u00fcrl\u00fc\u011f\u00fcn\u00fc engelleyen kanunlar\u0131n ortadan kald\u0131r\u0131lmas\u0131 gerekti\u011fini belirten Be\u015fta\u015f, yeni anayasan\u0131n yap\u0131m\u0131 i\u00e7in uygun bir ortam konusunda ciddi s\u0131k\u0131nt\u0131lar bulundu\u011funu ileri s\u00fcrd\u00fc. Toplumsal bar\u0131\u015f konusunda da uzla\u015fma olmas\u0131 gerekti\u011fini dile getiren Be\u015fta\u015f, her g\u00fcn \u00f6l\u00fcmlerin oldu\u011fu bir ortamda yeni bir anayasa tart\u0131\u015fmalar\u0131n\u0131n zorlu\u011funa dikkat \u00e7ekti. K\u00fcrt sorununun demokratik olarak \u00e7\u00f6z\u00fclememesi geldi\u011fini ifade eden Be\u015fta\u015f, bunlar\u0131n \u00f6n \u015fart olmad\u0131\u011f\u0131n\u0131, ancak anayasal s\u00fcrecin sa\u011fl\u0131kl\u0131 i\u015flemesi i\u00e7in bunlar\u0131n paralel y\u00fcr\u00fct\u00fclmesi gerekti\u011fine inand\u0131klar\u0131n\u0131 kaydetti. Be\u015fta\u015f, Uzla\u015fma Komisyonu&#8217;nda kad\u0131nlar ad\u0131na Ayla Akat&#8217;\u0131n g\u00f6rev alaca\u011f\u0131n\u0131 a\u00e7\u0131klad\u0131.<\/p>\n<!-- Error, Advert is not available at this time due to schedule\/geolocation restrictions! -->\n<!-- Error, Advert is not available at this time due to schedule\/geolocation restrictions! -->\n","protected":false},"excerpt":{"rendered":"<p>AK Parti Genel Ba\u015fkan Yard\u0131mc\u0131s\u0131 \u00d6mer \u00c7elik, Bar\u0131\u015f ve Demokrasi Partisi (BDP) ile Uzla\u015fma Komisyonu&#8217;nun \u00f6n \u015farts\u0131z toplanmas\u0131 konusunda tam mutabakata vard\u0131klar\u0131n\u0131 a\u00e7\u0131klad\u0131.<\/p>\n","protected":false},"author":4,"featured_media":84522,"comment_status":"open","ping_status":"open","sticky":false,"template":"","format":"standard","meta":{"_acf_changed":false,"footnotes":""},"categories":[6155,5005,6202,6805],"tags":[9476,39615,14995,11498,81580,8730,15031,18480,10400,46157],"class_list":["post-84521","post","type-post","status-publish","format-standard","has-post-thumbnail","hentry","category-gundem","category-manset","category-politika","category-turkiye","tag-akp","tag-akp-bdp","tag-ayla-akat-ata","tag-bdp","tag-bdp-yeni-anayasa","tag-besir-atalay","tag-meral-danis-bestas","tag-omer-celik","tag-sadullah-ergin","tag-yeni-anayasa"],"acf":[],"_links":{"self":[{"href":"https:\/\/www.nationalturk.com\/tr\/wp-json\/wp\/v2\/posts\/84521","targetHints":{"allow":["GET"]}}],"collection":[{"href":"https:\/\/www.nationalturk.com\/tr\/wp-json\/wp\/v2\/posts"}],"about":[{"href":"https:\/\/www.nationalturk.com\/tr\/wp-json\/wp\/v2\/types\/post"}],"author":[{"embeddable":true,"href":"https:\/\/www.nationalturk.com\/tr\/wp-json\/wp\/v2\/users\/4"}],"replies":[{"embeddable":true,"href":"https:\/\/www.nationalturk.com\/tr\/wp-json\/wp\/v2\/comments?post=84521"}],"version-history":[{"count":0,"href":"https:\/\/www.nationalturk.com\/tr\/wp-json\/wp\/v2\/posts\/84521\/revisions"}],"wp:featuredmedia":[{"embeddable":true,"href":"https:\/\/www.nationalturk.com\/tr\/wp-json\/wp\/v2\/media\/84522"}],"wp:attachment":[{"href":"https:\/\/www.nationalturk.com\/tr\/wp-json\/wp\/v2\/media?parent=84521"}],"wp:term":[{"taxonomy":"category","embeddable":true,"href":"https:\/\/www.nationalturk.com\/tr\/wp-json\/wp\/v2\/categories?post=84521"},{"taxonomy":"post_tag","embeddable":true,"href":"https:\/\/www.nationalturk.com\/tr\/wp-json\/wp\/v2\/tags?post=84521"}],"curies":[{"name":"wp","href":"https:\/\/api.w.org\/{rel}","templated":true}]}}