{"id":84850,"date":"2011-10-13T10:21:52","date_gmt":"2011-10-13T07:21:52","guid":{"rendered":"http:\/\/www.nationalturk.com\/?p=84850"},"modified":"2011-10-13T10:21:52","modified_gmt":"2011-10-13T07:21:52","slug":"isa-gok-sinirimden-agladim-84850","status":"publish","type":"post","link":"https:\/\/www.nationalturk.com\/tr\/isa-gok-sinirimden-agladim-84850\/","title":{"rendered":"\u0130sa G\u00f6k: Sinirimden a\u011flad\u0131m!"},"content":{"rendered":"<h1><img loading=\"lazy\" decoding=\"async\" class=\"alignleft size-medium wp-image-84852\" title=\"\u0130sa G\u00f6k\" src=\"http:\/\/www.nationalturk.com\/tr\/wp-content\/uploads\/2011\/10\/isa_gok_basintoplantisi-280x157.jpg\" alt=\"\" width=\"280\" height=\"157\" srcset=\"https:\/\/www.nationalturk.com\/tr\/wp-content\/uploads\/2011\/10\/isa_gok_basintoplantisi-280x157.jpg 280w, https:\/\/www.nationalturk.com\/tr\/wp-content\/uploads\/2011\/10\/isa_gok_basintoplantisi.jpeg 606w\" sizes=\"auto, (max-width: 280px) 100vw, 280px\" \/>CHP&#8217;nin yemin etmeyen tek milletvekili olan \u0130sa G\u00f6k, Habert\u00fcrk&#8217;te kat\u0131ld\u0131\u011f\u0131 programda ilgin\u00e7 a\u00e7\u0131klamalar yapt\u0131. \u0130sa G\u00f6k Ba\u015fbakan Erdo\u011fan&#8217;\u0131n kendisini sinirden a\u011flatt\u0131\u011f\u0131n\u0131 s\u00f6yledi.<\/h1>\n<p>Habert\u00fcrk&#8217;te Bal\u00e7i\u00e7ek \u0130lter&#8217;in sundu\u011fu S\u00f6z Sende&#8217;ye konuk olan CHP Mersin Milletvekili \u0130sa G\u00f6k Ba\u015fbakan Recep Tayyip Erdo\u011fan&#8217;\u0131n &#8216;T\u00fck\u00fcrd\u00fcklerini yalayacaklar&#8217; s\u00f6zlerine at\u0131fta bulunarak Erdo\u011fan&#8217;a tepki g\u00f6sterdi.\u00a0Erdo\u011fan&#8217;\u0131n &#8220;T\u00fck\u00fcrd\u00fcklerini yalayacaklar, gelip yemin edecekler&#8221; s\u00f6zlerinin a\u011fr\u0131na gitti\u011fini ifade eden \u0130sa G\u00f6k &#8220;81 ya\u015f\u0131ndaki babam o g\u00fcn ekran ba\u015f\u0131nda a\u011flam\u0131\u015f. Babam gibi ben de sinirden a\u011flad\u0131m. Bir Ba\u015fbakan \u00e7\u0131km\u0131\u015f a\u00e7\u0131k a\u00e7\u0131k k\u00fcfrediyor. O s\u00f6zler kur\u015fun gibi i\u015fledi ban. O g\u00fcnden sonra yemin etmem m\u00fcmk\u00fcn de\u011fildi&#8221; dedi.<\/p>\n<!-- Error, Advert is not available at this time due to schedule\/geolocation restrictions! -->\n<!-- Error, Advert is not available at this time due to schedule\/geolocation restrictions! -->\n","protected":false},"excerpt":{"rendered":"<p>CHP&#8217;nin yemin etmeyen tek milletvekili olan \u0130sa G\u00f6k, Habert\u00fcrk&#8217;te kat\u0131ld\u0131\u011f\u0131 programda ilgin\u00e7 a\u00e7\u0131klamalar yapt\u0131. \u0130sa G\u00f6k Ba\u015fbakan Erdo\u011fan&#8217;\u0131n kendisini sinirden a\u011flatt\u0131\u011f\u0131n\u0131 s\u00f6yledi.<\/p>\n","protected":false},"author":4,"featured_media":187318,"comment_status":"open","ping_status":"open","sticky":false,"template":"","format":"standard","meta":{"_acf_changed":false,"footnotes":""},"categories":[6155,5005,6202,6805],"tags":[82722,3888,4110,23810,75241,787],"class_list":["post-84850","post","type-post","status-publish","format-standard","has-post-thumbnail","hentry","category-gundem","category-manset","category-politika","category-turkiye","tag-balcicek-ilter","tag-basbakan-erdogan","tag-haberturk","tag-isa-gok","tag-isa-gok-yemin","tag-recep-tayyip-erdogan"],"acf":[],"_links":{"self":[{"href":"https:\/\/www.nationalturk.com\/tr\/wp-json\/wp\/v2\/posts\/84850","targetHints":{"allow":["GET"]}}],"collection":[{"href":"https:\/\/www.nationalturk.com\/tr\/wp-json\/wp\/v2\/posts"}],"about":[{"href":"https:\/\/www.nationalturk.com\/tr\/wp-json\/wp\/v2\/types\/post"}],"author":[{"embeddable":true,"href":"https:\/\/www.nationalturk.com\/tr\/wp-json\/wp\/v2\/users\/4"}],"replies":[{"embeddable":true,"href":"https:\/\/www.nationalturk.com\/tr\/wp-json\/wp\/v2\/comments?post=84850"}],"version-history":[{"count":0,"href":"https:\/\/www.nationalturk.com\/tr\/wp-json\/wp\/v2\/posts\/84850\/revisions"}],"wp:featuredmedia":[{"embeddable":true,"href":"https:\/\/www.nationalturk.com\/tr\/wp-json\/wp\/v2\/media\/187318"}],"wp:attachment":[{"href":"https:\/\/www.nationalturk.com\/tr\/wp-json\/wp\/v2\/media?parent=84850"}],"wp:term":[{"taxonomy":"category","embeddable":true,"href":"https:\/\/www.nationalturk.com\/tr\/wp-json\/wp\/v2\/categories?post=84850"},{"taxonomy":"post_tag","embeddable":true,"href":"https:\/\/www.nationalturk.com\/tr\/wp-json\/wp\/v2\/tags?post=84850"}],"curies":[{"name":"wp","href":"https:\/\/api.w.org\/{rel}","templated":true}]}}