{"id":84896,"date":"2011-10-13T14:20:02","date_gmt":"2011-10-13T11:20:02","guid":{"rendered":"http:\/\/www.nationalturk.com\/?p=84896"},"modified":"2011-10-13T14:20:02","modified_gmt":"2011-10-13T11:20:02","slug":"venezuela-filistin-isbirligi-84896","status":"publish","type":"post","link":"https:\/\/www.nationalturk.com\/tr\/venezuela-filistin-isbirligi-84896\/","title":{"rendered":"Venezuela Filistin i\u015fbirli\u011fi g\u00fc\u00e7leniyor"},"content":{"rendered":"<h2><a href=\"http:\/\/www.nationalturk.com\/tr\/wp-content\/uploads\/2011\/10\/venezuela-filistin-isbirligi.jpg\"><img loading=\"lazy\" decoding=\"async\" class=\"alignleft size-medium wp-image-84913\" title=\"Venezuela Filistin i\u015fbirli\u011fi g\u00fc\u00e7leniyor\" src=\"http:\/\/www.nationalturk.com\/tr\/wp-content\/uploads\/2011\/10\/venezuela-filistin-isbirligi-280x141.jpg\" alt=\"\" width=\"280\" height=\"141\" srcset=\"https:\/\/www.nationalturk.com\/tr\/wp-content\/uploads\/2011\/10\/venezuela-filistin-isbirligi-280x141.jpg 280w, https:\/\/www.nationalturk.com\/tr\/wp-content\/uploads\/2011\/10\/venezuela-filistin-isbirligi.jpg 285w\" sizes=\"auto, (max-width: 280px) 100vw, 280px\" \/><\/a><\/h2>\n<h2>Venezuela ve Filistin, farkl\u0131 sekt\u00f6rlerdeki i\u015fbirli\u011fi projelerini artt\u0131r\u0131yor.<\/h2>\n<p>Ortak bir komisyonu hayata ge\u00e7irme do\u011frultusunda anla\u015fmaya varan Venezuela ve Filistin &#8216;in bu i\u015fbirli\u011fi, Miraflores Saray\u0131&#8217;nda Filistin Ulusal Y\u00f6netimi (PNA) Ba\u015fkan\u0131 Mahmud Abbas&#8217;la yap\u0131lan toplant\u0131 sonunda Venezuela Devlet Ba\u015fkan\u0131 Hugo Chavez taraf\u0131ndan ilan edildi.<\/p>\n<p>Hugo Chavez, olu\u015fturulan komisyonun, Arap topraklar\u0131nda, fiziksel ve zihinsel engelli ki\u015filere yard\u0131mc\u0131 olmak i\u00e7in bir hastanenin in\u015fa edilmesinden sorumlu olaca\u011f\u0131n\u0131 s\u00f6yledi.<\/p>\n<p>Chavez yapt\u0131\u011f\u0131 a\u00e7\u0131klamaya g\u00f6re, komisyonun anla\u015fmaya vard\u0131\u011f\u0131 konular aras\u0131nda, Filistin&#8217;de tar\u0131msal \u00fcretimi ve iki \u00fclke aras\u0131nda kar\u015f\u0131l\u0131kl\u0131 ticareti art\u0131rman\u0131n yan\u0131nda Filistin&#8217;den Salvador Allende, Latin Amerika T\u0131p Okulu&#8217;na daha fazla \u00f6\u011frenci g\u00f6nderilmesi de bulunuyor.<\/p>\n<p>Filistin ile \u0130srail aras\u0131ndaki \u00e7at\u0131\u015fman\u0131n k\u00f6keni ve temellerini iyi anlamak gerekti\u011fini s\u00f6yleyen Hugo Chavez, 1967 s\u0131n\u0131rlar\u0131na d\u00f6n\u00fclmesini ve Do\u011fu Kud\u00fcs&#8217;\u00fcn ba\u015fkent oldu\u011fu ba\u011f\u0131ms\u0131z bir Filistin arzulad\u0131\u011f\u0131n\u0131 s\u00f6yledi.<\/p>\n<p>Filistin davas\u0131na deste\u011fi nedeniyle Venezuela&#8217;ya te\u015fekk\u00fcr eden Mahmud Abbas, g\u00f6r\u00fc\u015fmelerin verimli ge\u00e7ti\u011fini s\u00f6yledi.<\/p>\n<p>Filistin Ulusal Y\u00f6netimi\u00a0\u00a0Ba\u015fkan\u0131 Abbas, Dominik Cumhuriyeti, Ekvador ve Kolombiya&#8217;n\u0131n ard\u0131ndan, BM&#8217;nin \u00fcyesi olabilmek i\u00e7in \u00e7\u0131kt\u0131\u011f\u0131 uluslararas\u0131 destek kampanyas\u0131nda Portekiz ve Fransa&#8217;ya bir dizi ziyaretlerde bulunacak.<\/p>\n<!-- Error, Advert is not available at this time due to schedule\/geolocation restrictions! -->\n","protected":false},"excerpt":{"rendered":"<p>Venezuela Filistin i\u015fbirli\u011fi g\u00fc\u00e7leniyor. Venezuela ve Filistin, farkl\u0131 sekt\u00f6rlerdeki i\u015fbirli\u011fi projelerini artt\u0131r\u0131yor.<\/p>\n","protected":false},"author":3,"featured_media":187311,"comment_status":"open","ping_status":"open","sticky":false,"template":"","format":"standard","meta":{"_acf_changed":false,"footnotes":""},"categories":[6665,6155,6771,5005,1,6772],"tags":[7362,31327,7013,13834,82755,13835],"class_list":["post-84896","post","type-post","status-publish","format-standard","has-post-thumbnail","hentry","category-dunya","category-gundem","category-latin-amerika","category-manset","category-nationalturk","category-ortadogu","tag-filistin","tag-mahmud-abbas","tag-venezuela","tag-venezuela-devlet-baskani-hugo-chavez","tag-venezuela-filistin","tag-venezuela-hugo-chavez"],"acf":[],"_links":{"self":[{"href":"https:\/\/www.nationalturk.com\/tr\/wp-json\/wp\/v2\/posts\/84896","targetHints":{"allow":["GET"]}}],"collection":[{"href":"https:\/\/www.nationalturk.com\/tr\/wp-json\/wp\/v2\/posts"}],"about":[{"href":"https:\/\/www.nationalturk.com\/tr\/wp-json\/wp\/v2\/types\/post"}],"author":[{"embeddable":true,"href":"https:\/\/www.nationalturk.com\/tr\/wp-json\/wp\/v2\/users\/3"}],"replies":[{"embeddable":true,"href":"https:\/\/www.nationalturk.com\/tr\/wp-json\/wp\/v2\/comments?post=84896"}],"version-history":[{"count":0,"href":"https:\/\/www.nationalturk.com\/tr\/wp-json\/wp\/v2\/posts\/84896\/revisions"}],"wp:featuredmedia":[{"embeddable":true,"href":"https:\/\/www.nationalturk.com\/tr\/wp-json\/wp\/v2\/media\/187311"}],"wp:attachment":[{"href":"https:\/\/www.nationalturk.com\/tr\/wp-json\/wp\/v2\/media?parent=84896"}],"wp:term":[{"taxonomy":"category","embeddable":true,"href":"https:\/\/www.nationalturk.com\/tr\/wp-json\/wp\/v2\/categories?post=84896"},{"taxonomy":"post_tag","embeddable":true,"href":"https:\/\/www.nationalturk.com\/tr\/wp-json\/wp\/v2\/tags?post=84896"}],"curies":[{"name":"wp","href":"https:\/\/api.w.org\/{rel}","templated":true}]}}