{"id":84897,"date":"2011-10-13T14:23:10","date_gmt":"2011-10-13T11:23:10","guid":{"rendered":"http:\/\/www.nationalturk.com\/?p=84897"},"modified":"2011-10-13T14:23:10","modified_gmt":"2011-10-13T11:23:10","slug":"iran-uzay-maymunu-telef-oldu-84897","status":"publish","type":"post","link":"https:\/\/www.nationalturk.com\/tr\/iran-uzay-maymunu-telef-oldu-84897\/","title":{"rendered":"\u0130ran uzay maymunu telef oldu"},"content":{"rendered":"<figure id=\"attachment_84917\" aria-describedby=\"caption-attachment-84917\" style=\"width: 333px\" class=\"wp-caption alignleft\"><img loading=\"lazy\" decoding=\"async\" class=\"size-full wp-image-84917\" title=\"iran-space-program-monkey-nationalturk-0345\" src=\"http:\/\/www.nationalturk.com\/tr\/wp-content\/uploads\/2011\/10\/iran-space-program-monkey-nationalturk-0345.jpg\" alt=\"\u0130ran uzay maymunu telef oldu\" width=\"333\" height=\"248\" srcset=\"https:\/\/www.nationalturk.com\/tr\/wp-content\/uploads\/2011\/10\/iran-space-program-monkey-nationalturk-0345.jpg 333w, https:\/\/www.nationalturk.com\/tr\/wp-content\/uploads\/2011\/10\/iran-space-program-monkey-nationalturk-0345-280x208.jpg 280w\" sizes=\"auto, (max-width: 333px) 100vw, 333px\" \/><figcaption id=\"caption-attachment-84917\" class=\"wp-caption-text\">\u0130ran uzay maymunu telef oldu<\/figcaption><\/figure>\n<h1>\u0130ran uzay program\u0131, uzaya canl\u0131 g\u00f6nderme denemesinde ba\u015far\u0131s\u0131zl\u0131k ya\u015fad\u0131, \u0130ran&#8217;\u0131n uzaya yollad\u0131\u011f\u0131 maymun ise \u00f6ld\u00fc.<\/h1>\n<p>\u0130ran Bilim Bakan\u0131 Yard\u0131mc\u0131s\u0131 Muhammed Mehdinejad Nuri, \u0130sna&#8217;ya yapt\u0131\u011f\u0131 a\u00e7\u0131klamada, maymunun bulundu\u011fu kaps\u00fcl\u00fc ta\u015f\u0131yan Kavo\u015fgar-5 roketinin ge\u00e7ti\u011fimiz A\u011fustos ay\u0131nda f\u0131rlat\u0131ld\u0131\u011f\u0131n\u0131, ancak roket hedefine ula\u015fmad\u0131\u011f\u0131 i\u00e7in denemenin duyurulmad\u0131\u011f\u0131n\u0131 belirtti.<\/p>\n<p>Ba\u015far\u0131s\u0131z operasyonda maymun hedefine ula\u015famayan kaps\u00fcl i\u00e7inde telef oldu.<\/p>\n<h2>\u0130ran Uzay Program\u0131 on y\u0131l i\u00e7inde insanl\u0131 uzay yolculu\u011funa haz\u0131rlan\u0131yor<\/h2>\n<p>\u0130ran, ay ba\u015f\u0131nda uzaya canl\u0131 g\u00f6nderme planlar\u0131n\u0131n \u015fimdilik ertelendi\u011fini bildirmi\u015f, ancak bunun nedenini a\u00e7\u0131klamam\u0131\u015ft\u0131.<\/p>\n<p>Cumhurba\u015fkan\u0131 Mahmud Ahmedinejad, A\u011fustos&#8217;ta yapt\u0131\u011f\u0131 a\u00e7\u0131klamada, \u00fclkesinin 2017&#8217;ye kadar uzaya insan g\u00f6ndermeyi planlad\u0131\u011f\u0131n\u0131 s\u00f6ylemi\u015fti.Tahran, uzaya hayvan g\u00f6nderme projesinin ba\u015far\u0131l\u0131 olmas\u0131 halinde 2020 y\u0131l\u0131nda atmosfer d\u0131\u015f\u0131na ilk insanl\u0131 u\u00e7u\u015fu yapmay\u0131 planl\u0131yor. \u0130ranl\u0131 bilim insanlar\u0131, Mart ay\u0131nda maymun ta\u015f\u0131mas\u0131 i\u00e7in tasarlanan Kavo\u015fgar-4 roketinin ba\u015far\u0131yla denendi\u011fini duyurmu\u015ftu.<\/p>\n<!-- Error, Advert is not available at this time due to schedule\/geolocation restrictions! -->\n<!-- Error, Advert is not available at this time due to schedule\/geolocation restrictions! -->\n","protected":false},"excerpt":{"rendered":"<p>\u0130ran uzay program\u0131, uzaya canl\u0131 g\u00f6nderme denemesinde ba\u015far\u0131s\u0131zl\u0131k ya\u015fad\u0131, \u0130ran&#8217;\u0131n uzaya yollad\u0131\u011f\u0131 maymun ise \u00f6ld\u00fc.<\/p>\n","protected":false},"author":683,"featured_media":84917,"comment_status":"open","ping_status":"open","sticky":false,"template":"","format":"standard","meta":{"_acf_changed":false,"footnotes":""},"categories":[6768,6769,6665,6155,5005,6772,349,6224],"tags":[61992],"class_list":["post-84897","post","type-post","status-publish","format-standard","has-post-thumbnail","hentry","category-amerika","category-asya","category-dunya","category-gundem","category-manset","category-ortadogu","category-son-dakika","category-teknoloji","tag-iran-uzay-programi"],"acf":[],"_links":{"self":[{"href":"https:\/\/www.nationalturk.com\/tr\/wp-json\/wp\/v2\/posts\/84897","targetHints":{"allow":["GET"]}}],"collection":[{"href":"https:\/\/www.nationalturk.com\/tr\/wp-json\/wp\/v2\/posts"}],"about":[{"href":"https:\/\/www.nationalturk.com\/tr\/wp-json\/wp\/v2\/types\/post"}],"author":[{"embeddable":true,"href":"https:\/\/www.nationalturk.com\/tr\/wp-json\/wp\/v2\/users\/683"}],"replies":[{"embeddable":true,"href":"https:\/\/www.nationalturk.com\/tr\/wp-json\/wp\/v2\/comments?post=84897"}],"version-history":[{"count":0,"href":"https:\/\/www.nationalturk.com\/tr\/wp-json\/wp\/v2\/posts\/84897\/revisions"}],"wp:featuredmedia":[{"embeddable":true,"href":"https:\/\/www.nationalturk.com\/tr\/wp-json\/wp\/v2\/media\/84917"}],"wp:attachment":[{"href":"https:\/\/www.nationalturk.com\/tr\/wp-json\/wp\/v2\/media?parent=84897"}],"wp:term":[{"taxonomy":"category","embeddable":true,"href":"https:\/\/www.nationalturk.com\/tr\/wp-json\/wp\/v2\/categories?post=84897"},{"taxonomy":"post_tag","embeddable":true,"href":"https:\/\/www.nationalturk.com\/tr\/wp-json\/wp\/v2\/tags?post=84897"}],"curies":[{"name":"wp","href":"https:\/\/api.w.org\/{rel}","templated":true}]}}