{"id":85035,"date":"2011-10-14T16:07:25","date_gmt":"2011-10-14T13:07:25","guid":{"rendered":"http:\/\/www.nationalturk.com\/?p=85035"},"modified":"2011-10-14T16:07:25","modified_gmt":"2011-10-14T13:07:25","slug":"pazar-gunu-metrobus-calismayacak-85035","status":"publish","type":"post","link":"https:\/\/www.nationalturk.com\/tr\/pazar-gunu-metrobus-calismayacak-85035\/","title":{"rendered":"Pazar g\u00fcn\u00fc Metrob\u00fcs \u00e7al\u0131\u015fmayacak"},"content":{"rendered":"<h1><img loading=\"lazy\" decoding=\"async\" class=\"alignleft size-medium wp-image-85041\" title=\"\" src=\"http:\/\/www.nationalturk.com\/tr\/wp-content\/uploads\/2011\/10\/metttrobus-280x175.jpg\" alt=\"\" width=\"280\" height=\"175\" srcset=\"https:\/\/www.nationalturk.com\/tr\/wp-content\/uploads\/2011\/10\/metttrobus-280x175.jpg 280w, https:\/\/www.nationalturk.com\/tr\/wp-content\/uploads\/2011\/10\/metttrobus.jpg 550w\" sizes=\"auto, (max-width: 280px) 100vw, 280px\" \/>16 Ekim Pazar g\u00fcn\u00fc ko\u015fulacak Avrasya Maratonu nedeniyle Zincirlikuyu S\u00f6\u011f\u00fctl\u00fc\u00e7e\u015fme aras\u0131nda metrob\u00fcs \u00e7al\u0131\u015fmayacak.<\/h1>\n<p>\u0130stanbul B\u00fcy\u00fck\u015fehir Belediyesi&#8217;nden yap\u0131lan a\u00e7\u0131klamada\u00a0&#8220;Avrasya maratonu nedeniyle Bo\u011fazi\u00e7i k\u00f6pr\u00fcs\u00fc trafi\u011fe kapat\u0131laca\u011f\u0131ndan 16 Ekim Pazar g\u00fcn\u00fc sabah 06:00\u2019dan itibaren k\u00f6pr\u00fcn\u00fcn trafi\u011fe a\u00e7\u0131laca\u011f\u0131 saate kadar Zincirlikuyu-S\u00f6\u011f\u00fctl\u00fc\u00e7e\u015fme hatt\u0131nda metrob\u00fcs seferleri yap\u0131lamayacak. Bu g\u00fczergah\u0131 kullanacak \u0130stanbullular\u0131n belirtilen saatlerde Fatih Sultan Mehmet K\u00f6pr\u00fcs\u00fc veya deniz ula\u015f\u0131m\u0131n\u0131 tercih etmeleri \u00f6nemle duyurulur&#8221; ifadeleri kullan\u0131ld\u0131.<\/p>\n<!-- Error, Advert is not available at this time due to schedule\/geolocation restrictions! -->\n<!-- Error, Advert is not available at this time due to schedule\/geolocation restrictions! -->\n","protected":false},"excerpt":{"rendered":"<p>16 Ekim Pazar g\u00fcn\u00fc ko\u015fulacak Avrasya Maratonu nedeniyle Zincirlikuyu S\u00f6\u011f\u00fctl\u00fc\u00e7e\u015fme aras\u0131nda metrob\u00fcs \u00e7al\u0131\u015fmayacak.<\/p>\n","protected":false},"author":4,"featured_media":187287,"comment_status":"open","ping_status":"open","sticky":false,"template":"","format":"standard","meta":{"_acf_changed":false,"footnotes":""},"categories":[6155,5005,6805],"tags":[49518,1711],"class_list":["post-85035","post","type-post","status-publish","format-standard","has-post-thumbnail","hentry","category-gundem","category-manset","category-turkiye","tag-avrasya-maratonu","tag-metrobus"],"acf":[],"_links":{"self":[{"href":"https:\/\/www.nationalturk.com\/tr\/wp-json\/wp\/v2\/posts\/85035","targetHints":{"allow":["GET"]}}],"collection":[{"href":"https:\/\/www.nationalturk.com\/tr\/wp-json\/wp\/v2\/posts"}],"about":[{"href":"https:\/\/www.nationalturk.com\/tr\/wp-json\/wp\/v2\/types\/post"}],"author":[{"embeddable":true,"href":"https:\/\/www.nationalturk.com\/tr\/wp-json\/wp\/v2\/users\/4"}],"replies":[{"embeddable":true,"href":"https:\/\/www.nationalturk.com\/tr\/wp-json\/wp\/v2\/comments?post=85035"}],"version-history":[{"count":0,"href":"https:\/\/www.nationalturk.com\/tr\/wp-json\/wp\/v2\/posts\/85035\/revisions"}],"wp:featuredmedia":[{"embeddable":true,"href":"https:\/\/www.nationalturk.com\/tr\/wp-json\/wp\/v2\/media\/187287"}],"wp:attachment":[{"href":"https:\/\/www.nationalturk.com\/tr\/wp-json\/wp\/v2\/media?parent=85035"}],"wp:term":[{"taxonomy":"category","embeddable":true,"href":"https:\/\/www.nationalturk.com\/tr\/wp-json\/wp\/v2\/categories?post=85035"},{"taxonomy":"post_tag","embeddable":true,"href":"https:\/\/www.nationalturk.com\/tr\/wp-json\/wp\/v2\/tags?post=85035"}],"curies":[{"name":"wp","href":"https:\/\/api.w.org\/{rel}","templated":true}]}}