{"id":85036,"date":"2011-10-14T16:02:25","date_gmt":"2011-10-14T13:02:25","guid":{"rendered":"http:\/\/www.nationalturk.com\/?p=85036"},"modified":"2019-03-28T13:31:54","modified_gmt":"2019-03-28T10:31:54","slug":"bizimki-baska-bir-sey-1569","status":"publish","type":"post","link":"https:\/\/www.nationalturk.com\/tr\/bizimki-baska-bir-sey-1569\/","title":{"rendered":"Bizimki ba\u015fka bir \u015fey"},"content":{"rendered":"<h3><a href=\"http:\/\/www.nationalturk.com\/tr\/wp-content\/uploads\/2011\/07\/mg-anasayfa1.jpg\"><img loading=\"lazy\" decoding=\"async\" class=\"alignleft size-medium wp-image-76075\" title=\"M\u00fcsl\u00fcm G\u00fclhan\" src=\"http:\/\/www.nationalturk.com\/tr\/wp-content\/uploads\/2011\/07\/mg-anasayfa1-206x220.jpg\" alt=\"\" width=\"206\" height=\"220\" srcset=\"https:\/\/www.nationalturk.com\/tr\/wp-content\/uploads\/2011\/07\/mg-anasayfa1-206x220.jpg 206w, https:\/\/www.nationalturk.com\/tr\/wp-content\/uploads\/2011\/07\/mg-anasayfa1.jpg 300w\" sizes=\"auto, (max-width: 206px) 100vw, 206px\" \/><\/a><\/h3>\n<h3>NationalTurk yorumcusu M\u00fcsl\u00fcm G\u00fclhan \u2018\u0131n bu haftaki \u201d Bizimki ba\u015fka bir \u015fey \u201d adl\u0131 makalesini sizlerle payla\u015f\u0131yoruz.<\/h3>\n<p>Ligler ba\u015flad\u0131 ba\u015flamas\u0131na da kimsenin pek ilgilendi\u011fini sanm\u0131yorum.<\/p>\n<p>Ulusal ma\u00e7lar\u0131n oynanmas\u0131 biraz olsun insanlar\u0131n futbola do\u011fru kafa uzatmalar\u0131na neden oldu.<\/p>\n<p>Belki \u015fike olaylar\u0131n\u0131n d\u0131\u015f\u0131nda oynand\u0131 ma\u00e7lar, fakat bu seferde kendimizle y\u00fczle\u015fme zorunlulu\u011fu ortaya \u00e7\u0131kt\u0131.<\/p>\n<p>Biz futbolu oynayam\u0131yoruz&#8230;<\/p>\n<p>Kenardan da futbol oynat\u0131lam\u0131yor, yerli veya yabanc\u0131 fark etmiyor.<br \/>\nY\u00f6netim sorunu,<br \/>\nTeknik adam sorunu,<br \/>\nFutbolcu sorunu,<br \/>\nMedya sorunu bunlar\u0131n hepsi bizim mevcut futbol anlay\u0131\u015f\u0131n\u0131n d\u0131\u015f\u0131nda kalmam\u0131za neden oluyor.<br \/>\nEn iyi \u00f6rnek son ulusal ma\u00e7lar&#8230;<\/p>\n<p>Mahmut Bey&#8217;in (\u00d6zgener) TFF Ba\u015fkanl\u0131\u011f\u0131 ile ortya \u00e7\u0131kan kaos; Fatih Terim&#8217;in istifas\u0131ndan sonra Hiddink ile yap\u0131lan 11 milyon avroluk anla\u015fma;<br \/>\nba\u015far\u0131z (Rusya&#8217;n\u0131n D\u00fcnya Kupas\u0131 elemelerinden elenmesi) bir teknik adama sunulacak emekli ikramiyesinden(60 Ya\u015f) ba\u015fka bir \u015fey olamazd\u0131.<\/p>\n<p>\u00dcstelik Fatih Terim&#8217;in yard\u0131mc\u0131s\u0131 olan fakat ne hikmetse onunla istifa etmeyip, Terim&#8217;in istifas\u0131ndan sonra onu ele\u015ftiren ve TFF&#8217;ye &#8220;Benim onunla ilgim yok&#8221; mesaj\u0131 veren;<br \/>\nO\u011fuz \u00c7etin&#8217;in katk\u0131lar\u0131n\u0131na g\u00f6z ard\u0131 etmemek laz\u0131m!!<br \/>\nHiddink&#8217;in hakl\u0131 oldu\u011fu tek konu var:Bizim futbolcu yap\u0131m\u0131z sistematik oynamaya elveri\u015fli de\u011fil.<br \/>\nY\u0131llard\u0131r kenardaki &#8216;Kutsal abi&#8217; kavram\u0131 i\u00e7ine s\u0131k\u0131\u015f\u0131p kalan futbolcular\u0131m\u0131z ancak; &#8220;\u00f6lmeye \u00f6lmeye geldik&#8221; veya &#8220;vur k\u0131r par\u00e7ala bu ma\u00e7\u0131 kazan&#8221; sloganlar\u0131 e\u015fli\u011finde, &#8216;gazla&#8217; ma\u00e7 kazanma k\u00fclt\u00fcr\u00fcne (!) Sahip olabilmi\u015flerdir.<br \/>\nAlmanya ma\u00e7\u0131ndaki kadro se\u00e7imi ve oyun anlay\u0131\u015f\u0131; ancak bizim arabesk yap\u0131m\u0131z kadard\u0131&#8230;<br \/>\nO orta sahan\u0131n merkezinde oynat\u0131lan \u00fc\u00e7l\u00fc ancak bu kadar olabilirdi&#8230;<br \/>\nBudesliga&#8217;da oynayan Mehmet Ekici, \u00d6mer ve G\u00f6khan&#8217;\u0131n Almanya ma\u00e7\u0131nda oynat\u0131lmamas\u0131 da ba\u015fka bir taktik zafiyetti.<\/p>\n<p>San\u0131r\u0131m bunlar\u0131n patenti O\u011fuz \u00c7etin&#8217;e aitti.<br \/>\nAzerbeycan ma\u00e7\u0131nda Sinan, Mehmet Topal ve Hamit&#8217;in oynad\u0131klar\u0131 mevkilere g\u00f6re, sistamatik taktik anlay\u0131\u015flar\u0131n\u0131 sahaya yans\u0131tmalar\u0131; teknik heyetten de\u011fil, oynad\u0131klar\u0131 tak\u0131m\u0131n ve liglerindeki anlay\u0131\u015flarlar\u0131n\u0131n sayesindeydi&#8230;<br \/>\nHi\u00e7 bir su\u00e7u olmayan! Sabri&#8217;den sol bek, orta saha merkez, sa\u011f bek, sa\u011f \u00f6n oynatmaya \u00e7al\u0131\u015fmak;\u00e7 \u0131plak ayakla Everest&#8217;e \u00e7\u0131kmak gibi bir \u015fey&#8230;<\/p>\n<p>Hele hele Aurelio&#8217;dan medet ummak inan\u0131l\u0131r gibi de\u011fil.<\/p>\n<p>U\u011fur Meleke ile Bilgin G\u00f6kberk&#8217;in Hiddink i\u00e7in &#8221; en\u00e7 oyuncu kazand\u0131rd\u0131&#8230;&#8221; yakla\u015f\u0131m\u0131 i\u00e7in, Aurelio&#8217;nun Almanya kar\u015f\u0131s\u0131nda oynat\u0131l\u0131p, Necip&#8217;in U21&#8217;e g\u00f6nderilmesi yeterli cevap olur san\u0131r\u0131m.<br \/>\nAzerbeycan ma\u00e7\u0131nda 5-0&#8217;l\u0131k skor laz\u0131mken; \u00e7ift \u00f6n liberolu, korku dolu oyun oynatmak ancak kayg\u0131lar\u0131n\u0131 gidermek i\u00e7in bu mesle\u011fi yapmaktan ba\u015fka bir \u015fey ifade etmez.<\/p>\n<p>Futbol her zaman ikinci planda kal\u0131yor; \u00f6ncelik ise ki\u015fisel kayg\u0131lar\u0131n giderilmesi oluyor.<br \/>\nSay\u0131n S\u0131rr\u0131 S\u00fcreyya \u00d6nder&#8217;in TBMM&#8217;de yapy\u0131\u011f\u0131 konu\u015fmada Einstein&#8217;\u0131n bir s\u00f6z\u00fcn\u00fc \u00f6rnek olarak s\u00f6ylemesi gibi,&#8221;Hep ayn\u0131 \u015feyi yap\u0131p farkl\u0131 sonu\u00e7 beklemek salakl\u0131kt\u0131r! Hem de daniskas\u0131d\u0131r.&#8221;<\/p>\n<p><strong>M\u00fcsl\u00fcm G\u00dcLHAN<\/strong><\/p>\n<!-- Error, Advert is not available at this time due to schedule\/geolocation restrictions! -->\n","protected":false},"excerpt":{"rendered":"<p>NationalTurk yorumcusu M\u00fcsl\u00fcm G\u00fclhan \u2018\u0131n bu haftaki \u201d Bizimki ba\u015fka bir \u015fey \u201d adl\u0131 makalesini sizlerle payla\u015f\u0131yoruz.<\/p>\n","protected":false},"author":9192211,"featured_media":187288,"comment_status":"open","ping_status":"open","sticky":false,"template":"","format":"standard","meta":{"_acf_changed":false,"footnotes":""},"categories":[6774,6194],"tags":[9096,55257,5891,9728,43536,17201,1685,48577,54614,10683,39694,45150,62527,82860,82861],"class_list":["post-85036","post","type-post","status-publish","format-standard","has-post-thumbnail","hentry","category-futbol","category-spor","tag-bilgin-gokberk","tag-einstein","tag-fatih-terim","tag-gokhan","tag-hamit","tag-hiddink","tag-mahmut-ozgener","tag-mahmut-ozgener-tff","tag-mehmet-ekici","tag-mehmet-topal","tag-oguz-cetin","tag-omer","tag-ozgener","tag-tff-baskanligi","tag-ugur-meleke"],"acf":[],"_links":{"self":[{"href":"https:\/\/www.nationalturk.com\/tr\/wp-json\/wp\/v2\/posts\/85036","targetHints":{"allow":["GET"]}}],"collection":[{"href":"https:\/\/www.nationalturk.com\/tr\/wp-json\/wp\/v2\/posts"}],"about":[{"href":"https:\/\/www.nationalturk.com\/tr\/wp-json\/wp\/v2\/types\/post"}],"author":[{"embeddable":true,"href":"https:\/\/www.nationalturk.com\/tr\/wp-json\/wp\/v2\/users\/9192211"}],"replies":[{"embeddable":true,"href":"https:\/\/www.nationalturk.com\/tr\/wp-json\/wp\/v2\/comments?post=85036"}],"version-history":[{"count":0,"href":"https:\/\/www.nationalturk.com\/tr\/wp-json\/wp\/v2\/posts\/85036\/revisions"}],"wp:featuredmedia":[{"embeddable":true,"href":"https:\/\/www.nationalturk.com\/tr\/wp-json\/wp\/v2\/media\/187288"}],"wp:attachment":[{"href":"https:\/\/www.nationalturk.com\/tr\/wp-json\/wp\/v2\/media?parent=85036"}],"wp:term":[{"taxonomy":"category","embeddable":true,"href":"https:\/\/www.nationalturk.com\/tr\/wp-json\/wp\/v2\/categories?post=85036"},{"taxonomy":"post_tag","embeddable":true,"href":"https:\/\/www.nationalturk.com\/tr\/wp-json\/wp\/v2\/tags?post=85036"}],"curies":[{"name":"wp","href":"https:\/\/api.w.org\/{rel}","templated":true}]}}