{"id":85408,"date":"2011-10-18T15:38:52","date_gmt":"2011-10-18T12:38:52","guid":{"rendered":"http:\/\/www.nationalturk.com\/?p=85408"},"modified":"2011-10-18T15:50:21","modified_gmt":"2011-10-18T12:50:21","slug":"cinde-insanligin-olum-anlar-85408","status":"publish","type":"post","link":"https:\/\/www.nationalturk.com\/tr\/cinde-insanligin-olum-anlar-85408\/","title":{"rendered":"\u00c7in&#8217;de insanl\u0131\u011f\u0131n \u00f6l\u00fcm anlar\u0131"},"content":{"rendered":"<figure id=\"attachment_85417\" aria-describedby=\"caption-attachment-85417\" style=\"width: 610px\" class=\"wp-caption alignnone\"><img loading=\"lazy\" decoding=\"async\" class=\"size-full wp-image-85417\" title=\"cin-kiz-ezildi-nationalturk-0356\" src=\"http:\/\/www.nationalturk.com\/tr\/wp-content\/uploads\/2011\/10\/cin-kiz-ezildi-nationalturk-0356.jpg\" alt=\"\u00c7in'de insanl\u0131k ay\u0131b\u0131\" width=\"610\" height=\"340\" \/><figcaption id=\"caption-attachment-85417\" class=\"wp-caption-text\">\u00c7in&#39;de insanl\u0131k ay\u0131b\u0131<\/figcaption><\/figure>\n<h1>\u00c7in&#8217;in Guangdong eyaletinde 2 ya\u015f\u0131ndaki minik k\u0131z \u00e7ocu\u011funa \u00e7arpan kamyon \u00e7ucu\u011fun \u00fczerinden ge\u00e7ti. Zavall\u0131 \u00e7ocu\u011fun dram\u0131 hen\u00fcz yeni ba\u015flam\u0131\u015ft\u0131, zira \u00c7in halk\u0131 insanl\u0131\u011f\u0131 unutmu\u015ftu.<\/h1>\n<p>\u00c7arp\u0131\u015fmadan sonra zalim \u015f\u00f6f\u00f6r olay yerinden uzakla\u015ft\u0131. Ancak kameralara yans\u0131yan g\u00f6r\u00fcnt\u00fcler \u00c7in&#8217;i ve t\u00fcm d\u00fcnyay\u0131 \u015foke etti. \u00c7ocuk \u00f6l\u00fcmc\u00fcl bir \u015fekilde ezildi\u011fi dar yolda yaralanm\u0131\u015f halde can ceki\u015firken yoldan ge\u00e7en 19 ki\u015fi \u00e7ocu\u011fu g\u00f6rmezden geldi. \u00dcst\u00fcne sokaktan ge\u00e7en bir ba\u015fka ara\u00e7 da yaral\u0131 \u00e7ocu\u011fu ezdi.<\/p>\n<p>7 dakika kadar kimsenin g\u00f6rmezden geldi\u011fi \u00e7ocu\u011fu ordan ge\u00e7en ve \u00e7\u00f6p\u00e7\u00fc oldu\u011fu s\u00f6ylenen 47 ya\u015f\u0131ndaki bir kad\u0131n buldu, kad\u0131n\u0131n yard\u0131m \u00e7a\u011fr\u0131s\u0131na da cevap vermeyen \u00c7inliler&#8217;e zul\u00fcm vidyosunu seyretmeyi ba\u015faranlar nefret ya\u011fd\u0131rd\u0131. Ya\u015fl\u0131 kad\u0131n\u0131n isyan\u0131n\u0131 en sonunda k\u0131z\u0131n annesi duydu ve yavrusunun derhal hastaneye kald\u0131r\u0131lmas\u0131n\u0131 sa\u011flad\u0131. Ancak hastaneye geldi\u011finde kendi ba\u015f\u0131na nefes alamayan k\u0131z yo\u011fun bak\u0131m \u00fcnitesine al\u0131nd\u0131. Gaetelerde t\u00fcm \u00e7abalara ra\u011fmen k\u00fc\u00e7\u00fck \u00e7ocuk vurdum duymazl\u0131\u011f\u0131n kurban\u0131 olarak hayata g\u00f6zlerini yumdu\u011fu haberlerinin ise do\u011fru olmad\u0131\u011f\u0131 \u00f6\u011frenildi. Ad\u0131n\u0131n YueYue oldu\u011fu anne ve babas\u0131 taraf\u0131ndan a\u00e7\u0131klanan minik \u00c7inli bebek yo\u011fun bak\u0131mda ya\u015fam sava\u015f\u0131ndan galip ayr\u0131lmak mi\u00e7in m\u00fccadele ediyor.<\/p>\n<h2>\u00c7in halk\u0131 ahlaki de\u011ferleri unuttu, para i\u00e7in ruhunu satmaya haz\u0131r hale geldi<\/h2>\n<p>Olay\u0131n ve videonun pop\u00fcler olmas\u0131ndan sonra t\u00fcm d\u00fcnya \u00c7in toplumunun ahlaki \u00e7\u00f6k\u00fc\u015f\u00fcn\u00fcn nedenlerini aramaya ve sorgulamaya ba\u015flad\u0131. \u00c7in halk\u0131 da \u00f6z ele\u015ftirilerini \u00c7in&#8217;in Twitter&#8217;\u0131 olan Weibo \u00fczerinde yapmaya ba\u015flad\u0131.\u00a0\u00c7in \u015fimdi,\u00a0&#8221; Maalesef para i\u00e7in ruhumuzu satan bir toplum olduk&#8221;, &#8221; Bu kadar umarsamazl\u0131k olamaz, olmamal\u0131&#8221;, &#8221;Umursamazl\u0131\u011fa son ver&#8221; gibi ele\u015ftirilerle, toplumundaki ahlaki hi\u00e7li\u011fe g\u00f6ndermelerde bulunarak bu sosyal yaran\u0131n daha da b\u00fcy\u00fcmesinin \u00f6n\u00fcne ge\u00e7meye \u00e7al\u0131\u015f\u0131yor.<\/p>\n<h3>\u00c7in&#8217;de ezilen sadece k\u00fc\u00e7\u00fck bir k\u0131z \u00e7ocu\u011fu olmad\u0131. \u0130nsanl\u0131k onuru da ayaklar alt\u0131nda kald\u0131<\/h3>\n<p>\u00c7in&#8217;de bu t\u00fcr durumlarla kar\u015f\u0131la\u015fan halk\u0131n, kaza ge\u00e7iren ki\u015filere yard\u0131m etmemesinin alt\u0131nda, yard\u0131ma ko\u015fan ki\u015filerin kaza ge\u00e7irenler taraf\u0131ndan su\u00e7lu olarak g\u00f6sterilmesi yat\u0131yor. \u00c7in&#8217;de ge\u00e7ti\u011fimiz hafta bir g\u00f6le atlay\u0131p intihar etmeye kalk\u0131\u015fan gen\u00e7 bir k\u0131z\u0131, Amerikal\u0131 bir turist kurtarm\u0131\u015f, \u00c7inliler duyars\u0131zl\u0131klar\u0131yla hayrete d\u00fc\u015f\u00fcrm\u00fc\u015ft\u00fc. Bundan bir hafta \u00f6nce ise bir otob\u00fcste fenala\u015fan kad\u0131na yard\u0131m eden \u015fof\u00f6r kad\u0131n taraf\u0131ndan su\u00e7lanm\u0131\u015f, kad\u0131na zararverdi\u011fi g\u00f6rg\u00fc tan\u0131\u011f\u0131 diye ge\u00e7inen d\u00f6rt yolcu taraf\u0131ndan da onaylanm\u0131\u015ft\u0131.<\/p>\n<!-- Error, Advert is not available at this time due to schedule\/geolocation restrictions! -->\n<span style=\"font-weight: bold; color: #f00;\">Error, group does not exist! Check your syntax! (ID: 61)<\/span>\n","protected":false},"excerpt":{"rendered":"<p>\u00c7in&#8217;in Guangdong eyaletinde 2 ya\u015f\u0131ndaki minik k\u0131z \u00e7ocu\u011funa \u00e7arpan kamyon \u00e7ucu\u011fun \u00fczerinden ge\u00e7ti. Zavall\u0131 \u00e7ocu\u011fun dram\u0131 hen\u00fcz yeni ba\u015flam\u0131\u015ft\u0131, zira \u00c7in halk\u0131 insanl\u0131\u011f\u0131 unutmu\u015ftu<\/p>\n","protected":false},"author":683,"featured_media":85417,"comment_status":"open","ping_status":"open","sticky":false,"template":"","format":"standard","meta":{"_acf_changed":false,"footnotes":""},"categories":[6769,6155,5005,349,6662],"tags":[],"class_list":["post-85408","post","type-post","status-publish","format-standard","has-post-thumbnail","hentry","category-asya","category-gundem","category-manset","category-son-dakika","category-yasam"],"acf":[],"_links":{"self":[{"href":"https:\/\/www.nationalturk.com\/tr\/wp-json\/wp\/v2\/posts\/85408","targetHints":{"allow":["GET"]}}],"collection":[{"href":"https:\/\/www.nationalturk.com\/tr\/wp-json\/wp\/v2\/posts"}],"about":[{"href":"https:\/\/www.nationalturk.com\/tr\/wp-json\/wp\/v2\/types\/post"}],"author":[{"embeddable":true,"href":"https:\/\/www.nationalturk.com\/tr\/wp-json\/wp\/v2\/users\/683"}],"replies":[{"embeddable":true,"href":"https:\/\/www.nationalturk.com\/tr\/wp-json\/wp\/v2\/comments?post=85408"}],"version-history":[{"count":0,"href":"https:\/\/www.nationalturk.com\/tr\/wp-json\/wp\/v2\/posts\/85408\/revisions"}],"wp:featuredmedia":[{"embeddable":true,"href":"https:\/\/www.nationalturk.com\/tr\/wp-json\/wp\/v2\/media\/85417"}],"wp:attachment":[{"href":"https:\/\/www.nationalturk.com\/tr\/wp-json\/wp\/v2\/media?parent=85408"}],"wp:term":[{"taxonomy":"category","embeddable":true,"href":"https:\/\/www.nationalturk.com\/tr\/wp-json\/wp\/v2\/categories?post=85408"},{"taxonomy":"post_tag","embeddable":true,"href":"https:\/\/www.nationalturk.com\/tr\/wp-json\/wp\/v2\/tags?post=85408"}],"curies":[{"name":"wp","href":"https:\/\/api.w.org\/{rel}","templated":true}]}}