{"id":85501,"date":"2011-10-19T13:07:10","date_gmt":"2011-10-19T10:07:10","guid":{"rendered":"http:\/\/www.nationalturk.com\/?p=85501"},"modified":"2011-10-19T13:07:10","modified_gmt":"2011-10-19T10:07:10","slug":"pkk-kamplari-havadan-vuruluyor-85501","status":"publish","type":"post","link":"https:\/\/www.nationalturk.com\/tr\/pkk-kamplari-havadan-vuruluyor-85501\/","title":{"rendered":"PKK kamplar\u0131 havadan vuruluyor"},"content":{"rendered":"<h1><img loading=\"lazy\" decoding=\"async\" class=\"alignleft size-medium wp-image-85502\" title=\"\" src=\"http:\/\/www.nationalturk.com\/tr\/wp-content\/uploads\/2011\/10\/f16-280x179.jpg\" alt=\"\" width=\"280\" height=\"179\" srcset=\"https:\/\/www.nationalturk.com\/tr\/wp-content\/uploads\/2011\/10\/f16-280x179.jpg 280w, https:\/\/www.nationalturk.com\/tr\/wp-content\/uploads\/2011\/10\/f16.jpg 500w\" sizes=\"auto, (max-width: 280px) 100vw, 280px\" \/>Ter\u00f6r \u00f6rg\u00fct\u00fc PKK\u2019n\u0131n, T\u00fcrkiye-Irak s\u0131n\u0131r\u0131ndaki Hakk\u00e2ri\u2019nin \u00c7ukurca il\u00e7esine d\u00fczenledi\u011fi sald\u0131r\u0131larda 26 asker \u015fehit oldu, 22 asker de yaraland\u0131. Ka\u00e7an 150 kadar ter\u00f6ristin pe\u015fine d\u00fc\u015f\u00fcl\u00fcrken Kuzey Irak&#8217;a da hava harekat\u0131 ba\u015flad\u0131.<\/h1>\n<p>Sald\u0131r\u0131n\u0131n ard\u0131ndan sabah 08.00 sular\u0131nda s\u0131cak takip ba\u015flad\u0131. PKK\u2019l\u0131lar\u0131n pe\u015fine d\u00fc\u015fen \u00f6zel birlikler Irak s\u0131n\u0131r\u0131ndan i\u00e7eri girdi. Sava\u015f u\u00e7aklar\u0131 da \u00f6rg\u00fct kamplar\u0131n\u0131 bombalamaya ba\u015flad\u0131.<\/p>\n<p>Al\u0131nan bilgilere g\u00f6re ter\u00f6ristler, sald\u0131r\u0131y\u0131 gece saat 01.00 sular\u0131nda ger\u00e7ekle\u015ftirdi. Yakla\u015f\u0131k 150 ki\u015filik PKK\u2019l\u0131 grup, \u00c7ukurca il\u00e7e merkezine 3 kilometre uzakl\u0131ktaki Kekliktepe karakolu ba\u015fta olmak \u00fczere, Kekliktepe ileri g\u00f6zetleme noktas\u0131, Haksel Tepesi, TOK\u0130 Polis Lojmanlar\u0131, Kinyastepe, Asayi\u015ftepe ve Kav\u015fak ileri g\u00f6zetleme b\u00f6lgelerine e\u015f zamanl\u0131 olarak sald\u0131rd\u0131. Kekliktepe\u2019deki sald\u0131r\u0131da 18 asker \u015fehit oldu. Di\u011fer noktalarda da 6 asker hayat\u0131n\u0131 kaybetti. \u00c7at\u0131\u015fmalarda 24 asker de yaraland\u0131. Hastaneye kald\u0131r\u0131lan yaral\u0131lardan 2\u2019sinin daha vefat etmesi \u00fczerine \u015fehit say\u0131s\u0131 26\u2019ya \u00e7\u0131kt\u0131.<\/p>\n<p>IRAK\u2019A KA\u00c7TILAR<\/p>\n<p>Sabah\u0131n ilk \u0131\u015f\u0131klar\u0131na kadar s\u00fcren \u00e7at\u0131\u015fmadan sonra Irak\u2019a ka\u00e7t\u0131klar\u0131 belirlenen ter\u00f6ristlerin etkisiz hale getirilmesi i\u00e7in geni\u015f \u00e7apl\u0131 operasyon ba\u015flat\u0131ld\u0131. PKK\u2019l\u0131lar\u0131n Kuzey Irak\u2019a ka\u00e7t\u0131klar\u0131 y\u00f6n\u00fcndeki istihbarat \u00fczerine askeri birlikler s\u0131n\u0131r\u0131 ge\u00e7ti. S\u0131cak takip yapan jandarma komando birliklerinin ilerlemesi s\u00fcr\u00fcyor.<\/p>\n<p>F-16\u2019LAR KAMPLARI VURUYOR<\/p>\n<p>Diyarbak\u0131r\u2019dan kalkan sava\u015f u\u00e7aklar\u0131 da Kuzey Irak\u2019taki PKK kamplar\u0131n\u0131 bombalamaya ba\u015flad\u0131. T\u00fcrkiye\u2019ye en yak\u0131n kamp olan Zap ba\u015fta olmak \u00fczere Kandil, Hakurk ve Hinere F-16\u2019lar taraf\u0131ndan ate\u015f alt\u0131na al\u0131nd\u0131. Diyarbak\u0131r 2. Taktik 8. Jet Ana \u00dcs Komutanl\u0131\u011f\u0131&#8217;ndan havalanan F-16\u2019lar, istihbarat bilgilerin al\u0131nd\u0131\u011f\u0131 b\u00f6lgeleri tek tek imha ediyor.<\/p>\n<p>KOMUTANLAR B\u00d6LGEDE<br \/>\nGenelkurmay Ba\u015fkan\u0131 Orgeneral Necdet \u00d6zel ile kuvvet komutanlar\u0131 da sald\u0131r\u0131 haberinin ard\u0131ndan sabah saatlerinde askeri bir u\u00e7akla Van\u2019da geldi. Komutanlar buradan helikopterle Hakk\u00e2ri\u2019ye ge\u00e7ti.<\/p>\n<!-- Error, Advert is not available at this time due to schedule\/geolocation restrictions! -->\n<!-- Error, Advert is not available at this time due to schedule\/geolocation restrictions! -->\n","protected":false},"excerpt":{"rendered":"<p>Ter\u00f6r \u00f6rg\u00fct\u00fc PKK\u2019n\u0131n, T\u00fcrkiye-Irak s\u0131n\u0131r\u0131ndaki Hakk\u00e2ri\u2019nin \u00c7ukurca il\u00e7esine d\u00fczenledi\u011fi sald\u0131r\u0131larda 26 asker \u015fehit oldu, 22 asker de yaraland\u0131. Ka\u00e7an 150 kadar ter\u00f6ristin pe\u015fine d\u00fc\u015f\u00fcl\u00fcrken Kuzey Irak&#8217;a da hava harekat\u0131 ba\u015flad\u0131.<\/p>\n","protected":false},"author":4,"featured_media":187215,"comment_status":"open","ping_status":"open","sticky":false,"template":"","format":"standard","meta":{"_acf_changed":false,"footnotes":""},"categories":[6155,5005,6805],"tags":[77697,11020,18007,83144,78533,83142,79755,9759,83154,80083],"class_list":["post-85501","post","type-post","status-publish","format-standard","has-post-thumbnail","hentry","category-gundem","category-manset","category-turkiye","tag-cukurca-operasyon","tag-hakkari","tag-hakkari-cukurca","tag-hakkari-cukurca-24-sehit","tag-hakkari-cukurca-catisma","tag-hakkari-cukurca-saldiri","tag-kara-harekati","tag-kuzey-irak","tag-kuzey-irak-hava-harekati","tag-kuzey-irak-kara-harekati"],"acf":[],"_links":{"self":[{"href":"https:\/\/www.nationalturk.com\/tr\/wp-json\/wp\/v2\/posts\/85501","targetHints":{"allow":["GET"]}}],"collection":[{"href":"https:\/\/www.nationalturk.com\/tr\/wp-json\/wp\/v2\/posts"}],"about":[{"href":"https:\/\/www.nationalturk.com\/tr\/wp-json\/wp\/v2\/types\/post"}],"author":[{"embeddable":true,"href":"https:\/\/www.nationalturk.com\/tr\/wp-json\/wp\/v2\/users\/4"}],"replies":[{"embeddable":true,"href":"https:\/\/www.nationalturk.com\/tr\/wp-json\/wp\/v2\/comments?post=85501"}],"version-history":[{"count":0,"href":"https:\/\/www.nationalturk.com\/tr\/wp-json\/wp\/v2\/posts\/85501\/revisions"}],"wp:featuredmedia":[{"embeddable":true,"href":"https:\/\/www.nationalturk.com\/tr\/wp-json\/wp\/v2\/media\/187215"}],"wp:attachment":[{"href":"https:\/\/www.nationalturk.com\/tr\/wp-json\/wp\/v2\/media?parent=85501"}],"wp:term":[{"taxonomy":"category","embeddable":true,"href":"https:\/\/www.nationalturk.com\/tr\/wp-json\/wp\/v2\/categories?post=85501"},{"taxonomy":"post_tag","embeddable":true,"href":"https:\/\/www.nationalturk.com\/tr\/wp-json\/wp\/v2\/tags?post=85501"}],"curies":[{"name":"wp","href":"https:\/\/api.w.org\/{rel}","templated":true}]}}