{"id":85516,"date":"2011-10-19T14:41:38","date_gmt":"2011-10-19T11:41:38","guid":{"rendered":"http:\/\/www.nationalturk.com\/?p=85516"},"modified":"2011-10-19T14:41:38","modified_gmt":"2011-10-19T11:41:38","slug":"sehit-birol-elmas-85516","status":"publish","type":"post","link":"https:\/\/www.nationalturk.com\/tr\/sehit-birol-elmas-85516\/","title":{"rendered":"\u015eehit Birol Elmas&#8217;\u0131n evine ac\u0131 haber ula\u015ft\u0131"},"content":{"rendered":"<figure id=\"attachment_85517\" aria-describedby=\"caption-attachment-85517\" style=\"width: 373px\" class=\"wp-caption alignleft\"><img loading=\"lazy\" decoding=\"async\" class=\"size-large wp-image-85517 \" title=\"Birol Elmas\" src=\"http:\/\/www.nationalturk.com\/tr\/wp-content\/uploads\/2011\/10\/birol_elmas-533x400.jpg\" alt=\"\" width=\"373\" height=\"280\" srcset=\"https:\/\/www.nationalturk.com\/tr\/wp-content\/uploads\/2011\/10\/birol_elmas-533x400.jpg 533w, https:\/\/www.nationalturk.com\/tr\/wp-content\/uploads\/2011\/10\/birol_elmas-280x210.jpg 280w, https:\/\/www.nationalturk.com\/tr\/wp-content\/uploads\/2011\/10\/birol_elmas.jpg 720w\" sizes=\"auto, (max-width: 373px) 100vw, 373px\" \/><figcaption id=\"caption-attachment-85517\" class=\"wp-caption-text\">\u015eehit Birol Elmas (En sa\u011fdaki)<\/figcaption><\/figure>\n<h1>Hakkari \u00c7ukurca\u2019da d\u00fczenlenen hain sald\u0131r\u0131da \u015fehit olan askerlerden Birol Elmas&#8217;\u0131n Sakarya&#8217;daki evine ac\u0131 haber ula\u015ft\u0131.<\/h1>\n<p>\u015eehit Birol\u00a0Elmas\u2019\u0131n, Adapazar\u0131 il\u00e7esi Karakam\u0131\u015f mahallesindeki evine ac\u0131 haber Sakarya Merkez Komutan\u0131 Albay Kutluay \u00d6nay taraf\u0131ndan anne M\u00fcbyen Elmas\u2019a verildi. \u00a0Sinir krizi ge\u00e7iren M\u00fcbyen Elmas&#8217;a haz\u0131r bekletilen sa\u011fl\u0131k ekipleri m\u00fcdahale etti. Anne Elmas hastaneye g\u00f6t\u00fcr\u00fclerek kontrol alt\u0131na al\u0131nd\u0131. \u00a0Birol Elmas&#8217;\u0131n Kocaeli&#8217;de \u00e7ift\u00e7ilik yapt\u0131\u011f\u0131 ve askerli\u011finin bitmesine 120 g\u00fcn kald\u0131\u011f\u0131 \u00f6\u011frenildi.<\/p>\n","protected":false},"excerpt":{"rendered":"<p>Hakkari \u00c7ukurca\u2019da d\u00fczenlenen hain sald\u0131r\u0131da \u015fehit olan askerlerden Birol Elmas&#8217;\u0131n Sakarya&#8217;daki evine ac\u0131 haber ula\u015ft\u0131.<\/p>\n","protected":false},"author":4,"featured_media":187212,"comment_status":"open","ping_status":"open","sticky":false,"template":"","format":"standard","meta":{"_acf_changed":false,"footnotes":""},"categories":[1],"tags":[18547,7370,32536],"class_list":["post-85516","post","type-post","status-publish","format-standard","has-post-thumbnail","hentry","category-nationalturk","tag-adapazari","tag-sakarya","tag-sehitler"],"acf":[],"_links":{"self":[{"href":"https:\/\/www.nationalturk.com\/tr\/wp-json\/wp\/v2\/posts\/85516","targetHints":{"allow":["GET"]}}],"collection":[{"href":"https:\/\/www.nationalturk.com\/tr\/wp-json\/wp\/v2\/posts"}],"about":[{"href":"https:\/\/www.nationalturk.com\/tr\/wp-json\/wp\/v2\/types\/post"}],"author":[{"embeddable":true,"href":"https:\/\/www.nationalturk.com\/tr\/wp-json\/wp\/v2\/users\/4"}],"replies":[{"embeddable":true,"href":"https:\/\/www.nationalturk.com\/tr\/wp-json\/wp\/v2\/comments?post=85516"}],"version-history":[{"count":0,"href":"https:\/\/www.nationalturk.com\/tr\/wp-json\/wp\/v2\/posts\/85516\/revisions"}],"wp:featuredmedia":[{"embeddable":true,"href":"https:\/\/www.nationalturk.com\/tr\/wp-json\/wp\/v2\/media\/187212"}],"wp:attachment":[{"href":"https:\/\/www.nationalturk.com\/tr\/wp-json\/wp\/v2\/media?parent=85516"}],"wp:term":[{"taxonomy":"category","embeddable":true,"href":"https:\/\/www.nationalturk.com\/tr\/wp-json\/wp\/v2\/categories?post=85516"},{"taxonomy":"post_tag","embeddable":true,"href":"https:\/\/www.nationalturk.com\/tr\/wp-json\/wp\/v2\/tags?post=85516"}],"curies":[{"name":"wp","href":"https:\/\/api.w.org\/{rel}","templated":true}]}}