{"id":85905,"date":"2011-10-22T15:32:55","date_gmt":"2011-10-22T12:32:55","guid":{"rendered":"http:\/\/www.nationalturk.com\/?p=85905"},"modified":"2011-10-22T15:32:55","modified_gmt":"2011-10-22T12:32:55","slug":"aziz-yildirimi-putlastiriyorsunuz-fenerbahce-haberleri-85905","status":"publish","type":"post","link":"https:\/\/www.nationalturk.com\/tr\/aziz-yildirimi-putlastiriyorsunuz-fenerbahce-haberleri-85905\/","title":{"rendered":"&#8220;Aziz Y\u0131ld\u0131r\u0131m&#8217;\u0131 putla\u015ft\u0131r\u0131yorsunuz&#8221; dedi salon kar\u0131\u015ft\u0131 \/ Fenerbah\u00e7e Haberleri"},"content":{"rendered":"<h1><img loading=\"lazy\" decoding=\"async\" class=\"alignleft size-medium wp-image-85906\" title=\"Aziz Y\u0131ld\u0131r\u0131m\" src=\"http:\/\/www.nationalturk.com\/tr\/wp-content\/uploads\/2011\/10\/aziz_yildirimmmm_poliss-280x157.jpg\" alt=\"\" width=\"280\" height=\"157\" srcset=\"https:\/\/www.nationalturk.com\/tr\/wp-content\/uploads\/2011\/10\/aziz_yildirimmmm_poliss-280x157.jpg 280w, https:\/\/www.nationalturk.com\/tr\/wp-content\/uploads\/2011\/10\/aziz_yildirimmmm_poliss.jpg 600w\" sizes=\"auto, (max-width: 280px) 100vw, 280px\" \/>Fenerbah\u00e7e Kul\u00fcb\u00fc&#8217;nde bug\u00fcn yap\u0131lan divan kurulu toplant\u0131s\u0131 gergin ge\u00e7ti. Yeni \u00fcyelerden Semih Erg\u00fcder&#8217;in &#8216;Aziz Y\u0131ld\u0131r\u0131m\u0131 putla\u015ft\u0131r\u0131yorsunuz&#8217; s\u00f6zleri salonda tart\u0131\u015fmalara neden oldu. \/ Fenerbah\u00e7e Haberleri&#8230;<\/h1>\n<p>Faruk Ilgaz Tesisleri&#8217;nde ger\u00e7ekle\u015ftirilen Fenerbah\u00e7e Kul\u00fcb\u00fc Y\u00fcksek Divan Kurulu ola\u011fan toplant\u0131s\u0131nda s\u00f6z alan \u00fcye Semih Erg\u00fcder konu\u015fmas\u0131 s\u0131ras\u0131nda sert ifadeler kulland\u0131 ve zaman zaman tart\u0131\u015fmalara yol a\u00e7t\u0131. \u00dcyelere y\u00fcksek kurulda Fenerbah\u00e7e Kul\u00fcb\u00fc \u00fcst\u00fcnde bir g\u00fc\u00e7 olup olmad\u0131\u011f\u0131n\u0131 soran Semih Erg\u00fcder \u00fcyelerden&#8221;taraftar&#8221; yan\u0131t\u0131n\u0131 al\u0131nca &#8216;peki onun \u00fczerinde ba\u015fka bir g\u00fc\u00e7 var m\u0131? sorusunu y\u00f6neltti.<\/p>\n<p>Semih Erg\u00fcder daha sonra &#8220;Fark\u0131nda m\u0131s\u0131n\u0131z? K\u0131zmay\u0131n bana biraz ac\u0131taca\u011f\u0131m. \u015eu an Aziz ba\u015fkan\u0131 putla\u015ft\u0131r\u0131yorsunuz. \u015eu an Aziz Y\u0131ld\u0131r\u0131m Fenerbah\u00e7e Kul\u00fcb\u00fc&#8217;n\u00fcn \u00fczerine \u00e7\u0131kt\u0131&#8221; ifadelerini kulland\u0131.<\/p>\n<p>Salondaki \u00fcyelerden tepki g\u00f6ren Erguder, kendini &#8220;Bu benim g\u00f6r\u00fc\u015f\u00fcmd\u00fcr. Ac\u0131t\u0131yor ama dinleyeceksiniz&#8221; diye ilave ettikten sonra Divan Kurulu Ba\u015fkan\u0131 Y\u00fcksel G\u00fcnay, Erguder&#8217;e kelimeleri se\u00e7ip konu\u015fmas\u0131 y\u00f6n\u00fcnde uyar\u0131larda bulundu.<\/p>\n<!-- Error, Advert is not available at this time due to schedule\/geolocation restrictions! -->\n<!-- Error, Advert is not available at this time due to schedule\/geolocation restrictions! -->\n","protected":false},"excerpt":{"rendered":"<p>Fenerbah\u00e7e Kul\u00fcb\u00fc&#8217;nde bug\u00fcn yap\u0131lan divan kurulu toplant\u0131s\u0131 gergin ge\u00e7ti. Yeni \u00fcyelerden Semih Erg\u00fcder&#8217;in &#8216;Aziz Y\u0131ld\u0131r\u0131m\u0131 putla\u015ft\u0131r\u0131yorsunuz&#8217; s\u00f6zleri salonda tart\u0131\u015fmalara neden oldu. \/ Fenerbah\u00e7e Haberleri&#8230;<\/p>\n","protected":false},"author":4,"featured_media":187161,"comment_status":"open","ping_status":"open","sticky":false,"template":"","format":"standard","meta":{"_acf_changed":false,"footnotes":""},"categories":[6774,5005,6194],"tags":[83454,849,6326,76360],"class_list":["post-85905","post","type-post","status-publish","format-standard","has-post-thumbnail","hentry","category-futbol","category-manset","category-spor","tag-divan-kurulu-toplantisi","tag-fenerbahce","tag-fenerbahce-divan-kurulu","tag-yuksel-gunay"],"acf":[],"_links":{"self":[{"href":"https:\/\/www.nationalturk.com\/tr\/wp-json\/wp\/v2\/posts\/85905","targetHints":{"allow":["GET"]}}],"collection":[{"href":"https:\/\/www.nationalturk.com\/tr\/wp-json\/wp\/v2\/posts"}],"about":[{"href":"https:\/\/www.nationalturk.com\/tr\/wp-json\/wp\/v2\/types\/post"}],"author":[{"embeddable":true,"href":"https:\/\/www.nationalturk.com\/tr\/wp-json\/wp\/v2\/users\/4"}],"replies":[{"embeddable":true,"href":"https:\/\/www.nationalturk.com\/tr\/wp-json\/wp\/v2\/comments?post=85905"}],"version-history":[{"count":0,"href":"https:\/\/www.nationalturk.com\/tr\/wp-json\/wp\/v2\/posts\/85905\/revisions"}],"wp:featuredmedia":[{"embeddable":true,"href":"https:\/\/www.nationalturk.com\/tr\/wp-json\/wp\/v2\/media\/187161"}],"wp:attachment":[{"href":"https:\/\/www.nationalturk.com\/tr\/wp-json\/wp\/v2\/media?parent=85905"}],"wp:term":[{"taxonomy":"category","embeddable":true,"href":"https:\/\/www.nationalturk.com\/tr\/wp-json\/wp\/v2\/categories?post=85905"},{"taxonomy":"post_tag","embeddable":true,"href":"https:\/\/www.nationalturk.com\/tr\/wp-json\/wp\/v2\/tags?post=85905"}],"curies":[{"name":"wp","href":"https:\/\/api.w.org\/{rel}","templated":true}]}}