{"id":86163,"date":"2011-10-24T18:22:04","date_gmt":"2011-10-24T15:22:04","guid":{"rendered":"http:\/\/www.nationalturk.com\/?p=86163"},"modified":"2011-10-24T18:22:04","modified_gmt":"2011-10-24T15:22:04","slug":"cukurcada-15-terorist-olduruldu-86163","status":"publish","type":"post","link":"https:\/\/www.nationalturk.com\/tr\/cukurcada-15-terorist-olduruldu-86163\/","title":{"rendered":"\u00c7ukurca&#8217;da 15 ter\u00f6rist \u00f6ld\u00fcr\u00fcld\u00fc"},"content":{"rendered":"<h1><img loading=\"lazy\" decoding=\"async\" class=\"alignleft size-medium wp-image-86167\" title=\"\" src=\"http:\/\/www.nationalturk.com\/tr\/wp-content\/uploads\/2011\/10\/son-dakika-dikey14-206x220.jpg\" alt=\"\" width=\"206\" height=\"220\" srcset=\"https:\/\/www.nationalturk.com\/tr\/wp-content\/uploads\/2011\/10\/son-dakika-dikey14-206x220.jpg 206w, https:\/\/www.nationalturk.com\/tr\/wp-content\/uploads\/2011\/10\/son-dakika-dikey14.jpg 300w\" sizes=\"auto, (max-width: 206px) 100vw, 206px\" \/>\u00c7ukurca&#8217;da 15 ter\u00f6rist \u00f6ld\u00fcr\u00fcld\u00fc!\u00a0Hakkari&#8217;nin \u00c7ukurca il\u00e7esinde d\u00fczenlenen hain sald\u0131r\u0131n\u0131n ard\u0131ndan ba\u015flat\u0131lan operasyonlarda 15 ter\u00f6ristin daha \u00f6ld\u00fcr\u00fcld\u00fc\u011f\u00fc \u00f6\u011frenildi.<\/h1>\n<p>TRT&#8217;de yer alan habere g\u00f6re\u00a0g\u00fcvenlik g\u00fc\u00e7lerinin s\u0131n\u0131rda y\u00fcr\u00fctt\u00fc\u011f\u00fc operasyonda 15 ter\u00f6rist \u00f6ld\u00fcr\u00fcld\u00fc.\u00a0TSK daha \u00f6nce yapt\u0131\u011f\u0131 a\u00e7\u0131klamada; b\u00f6l\u00fcc\u00fc ter\u00f6r \u00f6rg\u00fct\u00fc mensuplar\u0131n\u0131n yurt i\u00e7inde ve s\u0131n\u0131rdaki birliklerimize y\u00f6nelik eylemlerini \u00f6nlemek maksad\u0131yla; s\u0131n\u0131r \u00f6tesinde birka\u00e7, yurt i\u00e7inde iki ayr\u0131 b\u00f6lgede ba\u015flat\u0131lan operasyonlar devam etti\u011fini belirtmi\u015f ve \u00c7ukurca b\u00f6lgesinde s\u00fcrd\u00fcr\u00fclen operasyonda 49 ter\u00f6ristin etkisiz hale getirildi\u011fini bildirmi\u015fti.<\/p>\n<p>\u0130cra edilen operasyonlar\u0131 desteklemek amac\u0131yla ihtiya\u00e7 duyulan b\u00f6lgelerde hava harekat\u0131 s\u00fcrd\u00fcr\u00fclece\u011fi bilgisi de TSK&#8217;n\u0131n yapt\u0131\u011f\u0131 a\u00e7\u0131klamada yer alm\u0131\u015ft\u0131.<\/p>\n<!-- Error, Advert is not available at this time due to schedule\/geolocation restrictions! -->\n<!-- Error, Advert is not available at this time due to schedule\/geolocation restrictions! -->\n","protected":false},"excerpt":{"rendered":"<p>\u00c7ukurca&#8217;da 15 ter\u00f6rist \u00f6ld\u00fcr\u00fcld\u00fc! Hakkari&#8217;nin \u00c7ukurca il\u00e7esinde d\u00fczenlenen hain sald\u0131r\u0131n\u0131n ard\u0131ndan ba\u015flat\u0131lan operasyonlarda 15 ter\u00f6ristin daha \u00f6ld\u00fcr\u00fcld\u00fc\u011f\u00fc \u00f6\u011frenildi.<\/p>\n","protected":false},"author":4,"featured_media":187128,"comment_status":"open","ping_status":"open","sticky":false,"template":"","format":"standard","meta":{"_acf_changed":false,"footnotes":""},"categories":[6155,5005,349,6805],"tags":[83627,11023,77697,18007,78570],"class_list":["post-86163","post","type-post","status-publish","format-standard","has-post-thumbnail","hentry","category-gundem","category-manset","category-son-dakika","category-turkiye","tag-15-terorist-olduruldu","tag-cukurca","tag-cukurca-operasyon","tag-hakkari-cukurca","tag-hakkari-cukurca-saldirisi"],"acf":[],"_links":{"self":[{"href":"https:\/\/www.nationalturk.com\/tr\/wp-json\/wp\/v2\/posts\/86163","targetHints":{"allow":["GET"]}}],"collection":[{"href":"https:\/\/www.nationalturk.com\/tr\/wp-json\/wp\/v2\/posts"}],"about":[{"href":"https:\/\/www.nationalturk.com\/tr\/wp-json\/wp\/v2\/types\/post"}],"author":[{"embeddable":true,"href":"https:\/\/www.nationalturk.com\/tr\/wp-json\/wp\/v2\/users\/4"}],"replies":[{"embeddable":true,"href":"https:\/\/www.nationalturk.com\/tr\/wp-json\/wp\/v2\/comments?post=86163"}],"version-history":[{"count":0,"href":"https:\/\/www.nationalturk.com\/tr\/wp-json\/wp\/v2\/posts\/86163\/revisions"}],"wp:featuredmedia":[{"embeddable":true,"href":"https:\/\/www.nationalturk.com\/tr\/wp-json\/wp\/v2\/media\/187128"}],"wp:attachment":[{"href":"https:\/\/www.nationalturk.com\/tr\/wp-json\/wp\/v2\/media?parent=86163"}],"wp:term":[{"taxonomy":"category","embeddable":true,"href":"https:\/\/www.nationalturk.com\/tr\/wp-json\/wp\/v2\/categories?post=86163"},{"taxonomy":"post_tag","embeddable":true,"href":"https:\/\/www.nationalturk.com\/tr\/wp-json\/wp\/v2\/tags?post=86163"}],"curies":[{"name":"wp","href":"https:\/\/api.w.org\/{rel}","templated":true}]}}