{"id":86283,"date":"2011-10-25T18:11:55","date_gmt":"2011-10-25T15:11:55","guid":{"rendered":"http:\/\/www.nationalturk.com\/?p=86283"},"modified":"2011-10-25T18:11:55","modified_gmt":"2011-10-25T15:11:55","slug":"ahmedinejad-kaddafi-konusmamasi-icin-olduruldu-86283","status":"publish","type":"post","link":"https:\/\/www.nationalturk.com\/tr\/ahmedinejad-kaddafi-konusmamasi-icin-olduruldu-86283\/","title":{"rendered":"Ahmedinejad: Kaddafi konu\u015fmamas\u0131 i\u00e7in \u00f6ld\u00fcr\u00fcld\u00fc"},"content":{"rendered":"<h1><img loading=\"lazy\" decoding=\"async\" class=\"alignleft size-full wp-image-86284\" title=\"Mahmud Ahmedinejad\" src=\"http:\/\/www.nationalturk.com\/tr\/wp-content\/uploads\/2011\/10\/ahmedinejaddd1.jpg\" alt=\"\" width=\"360\" height=\"252\" srcset=\"https:\/\/www.nationalturk.com\/tr\/wp-content\/uploads\/2011\/10\/ahmedinejaddd1.jpg 500w, https:\/\/www.nationalturk.com\/tr\/wp-content\/uploads\/2011\/10\/ahmedinejaddd1-280x196.jpg 280w\" sizes=\"auto, (max-width: 360px) 100vw, 360px\" \/>\u0130ran Cumhurba\u015fkan\u0131 Mahmud Ahmedinejad muhalifler taraf\u0131ndan lin\u00e7 edilen Muammer Kaddafi hakk\u0131nda \u00e7arp\u0131c\u0131 a\u00e7\u0131klamalar yapt\u0131. Ahmedinejad &#8216;Kaddafi konu\u015fup kimlerden destek ald\u0131\u011f\u0131n\u0131 a\u00e7\u0131klasayd\u0131 \u00e7ok \u015fey de\u011fi\u015firdi&#8217; dedi.<\/h1>\n<p>Muamer Kaddafi&#8217;nin bat\u0131l\u0131 \u00fclkeler aleyhine konu\u015fmamas\u0131 i\u00e7in Usame Bin Ladin&#8217;in gibi yarg\u0131lanmadan \u00f6ld\u00fcr\u00fcld\u00fc\u011f\u00fcn\u00fc iddia eden Ahmedinejad &#8220;Kaddafi konu\u015fmamas\u0131 i\u00e7in \u00f6ld\u00fcr\u00fcld\u00fc. Ayn\u0131 \u015feyi Bin Ladin&#8217;e de yapt\u0131lar ve konu\u015fmamas\u0131 i\u00e7in onu da \u00f6ld\u00fcrd\u00fcler. E\u011fer Kaddafi yarg\u0131lansayd\u0131 ve konu\u015fsayd\u0131 kimlere para verdi\u011fini, kimlerden destek ald\u0131\u011f\u0131n\u0131 de\u015fifre etseydi bir\u00e7ok \u015fey de\u011fi\u015firdi. D\u00fcnyadaki t\u00fcm diktat\u00f6rlerin arkas\u0131nda ABD ve Avrupa \u00fclkeleri var&#8221; dedi.<\/p>\n<p>\u0130ran&#8217;dan son 25 y\u0131lda cumhurba\u015fkan\u0131 d\u00fczeyinde hi\u00e7 kimsenin Libya&#8217;ya gitmedi\u011fini hat\u0131rlatan Ahmedinejad, &#8220;Libya&#8217;ya gitmeyen ve bu \u00fclkenin devrik liderine destek vermeyen tek bir Avrupal\u0131 veya Amerikal\u0131 devlet ba\u015fkan\u0131 bana g\u00f6sterin&#8221; diye konu\u015ftu.<\/p>\n<!-- Error, Advert is not available at this time due to schedule\/geolocation restrictions! -->\n","protected":false},"excerpt":{"rendered":"<p>\u0130ran Cumhurba\u015fkan\u0131 Mahmud Ahmedinejad muhalifler taraf\u0131ndan lin\u00e7 edilen Muammer Kaddafi hakk\u0131nda \u00e7arp\u0131c\u0131 a\u00e7\u0131klamalar yapt\u0131. Ahmedinejad &#8216;Kaddafi konu\u015fup kimlerden destek ald\u0131\u011f\u0131n\u0131 a\u00e7\u0131klasayd\u0131 \u00e7ok \u015fey de\u011fi\u015firdi&#8217; dedi.<\/p>\n","protected":false},"author":4,"featured_media":86284,"comment_status":"open","ping_status":"open","sticky":false,"template":"","format":"standard","meta":{"_acf_changed":false,"footnotes":""},"categories":[6767,6768,6769,6770,6665,6155,5005,6772,6202],"tags":[10012,68736,1981,4787,8260,3934],"class_list":["post-86283","post","type-post","status-publish","format-standard","has-post-thumbnail","hentry","category-afrika","category-amerika","category-asya","category-avrupa","category-dunya","category-gundem","category-manset","category-ortadogu","category-politika","tag-ahmedinejad","tag-bin-ladin","tag-iran","tag-libya","tag-mahmud-ahmedinejad","tag-muammer-kaddafi"],"acf":[],"_links":{"self":[{"href":"https:\/\/www.nationalturk.com\/tr\/wp-json\/wp\/v2\/posts\/86283","targetHints":{"allow":["GET"]}}],"collection":[{"href":"https:\/\/www.nationalturk.com\/tr\/wp-json\/wp\/v2\/posts"}],"about":[{"href":"https:\/\/www.nationalturk.com\/tr\/wp-json\/wp\/v2\/types\/post"}],"author":[{"embeddable":true,"href":"https:\/\/www.nationalturk.com\/tr\/wp-json\/wp\/v2\/users\/4"}],"replies":[{"embeddable":true,"href":"https:\/\/www.nationalturk.com\/tr\/wp-json\/wp\/v2\/comments?post=86283"}],"version-history":[{"count":0,"href":"https:\/\/www.nationalturk.com\/tr\/wp-json\/wp\/v2\/posts\/86283\/revisions"}],"wp:featuredmedia":[{"embeddable":true,"href":"https:\/\/www.nationalturk.com\/tr\/wp-json\/wp\/v2\/media\/86284"}],"wp:attachment":[{"href":"https:\/\/www.nationalturk.com\/tr\/wp-json\/wp\/v2\/media?parent=86283"}],"wp:term":[{"taxonomy":"category","embeddable":true,"href":"https:\/\/www.nationalturk.com\/tr\/wp-json\/wp\/v2\/categories?post=86283"},{"taxonomy":"post_tag","embeddable":true,"href":"https:\/\/www.nationalturk.com\/tr\/wp-json\/wp\/v2\/tags?post=86283"}],"curies":[{"name":"wp","href":"https:\/\/api.w.org\/{rel}","templated":true}]}}