{"id":86692,"date":"2011-10-28T18:03:48","date_gmt":"2011-10-28T15:03:48","guid":{"rendered":"http:\/\/www.nationalturk.com\/?p=86692"},"modified":"2011-10-28T18:03:48","modified_gmt":"2011-10-28T15:03:48","slug":"osman-baydemir-cumhuriyet-bayrami-86692","status":"publish","type":"post","link":"https:\/\/www.nationalturk.com\/tr\/osman-baydemir-cumhuriyet-bayrami-86692\/","title":{"rendered":"Osman Baydemir \u00e7elenk b\u0131rakma t\u00f6renine kat\u0131lmad\u0131"},"content":{"rendered":"<figure id=\"attachment_86693\" aria-describedby=\"caption-attachment-86693\" style=\"width: 280px\" class=\"wp-caption alignleft\"><img loading=\"lazy\" decoding=\"async\" class=\"size-medium wp-image-86693\" title=\"Osman Baydemir\" src=\"http:\/\/www.nationalturk.com\/tr\/wp-content\/uploads\/2011\/10\/osman_baydemir_toren-280x187.jpg\" alt=\"\" width=\"280\" height=\"187\" srcset=\"https:\/\/www.nationalturk.com\/tr\/wp-content\/uploads\/2011\/10\/osman_baydemir_toren-280x187.jpg 280w, https:\/\/www.nationalturk.com\/tr\/wp-content\/uploads\/2011\/10\/osman_baydemir_toren.jpg 500w\" sizes=\"auto, (max-width: 280px) 100vw, 280px\" \/><figcaption id=\"caption-attachment-86693\" class=\"wp-caption-text\">Osman Baydemir 2009&#39;daki t\u00f6renlere kat\u0131larak \u015fa\u015f\u0131rtm\u0131\u015ft\u0131<\/figcaption><\/figure>\n<h1>BDP&#8217;li Diyarbak\u0131r B\u00fcy\u00fck\u015fehir Belediye Ba\u015fkan\u0131 Osman Baydemir 29 Ekim Cumhuriyet Bayram\u0131 nedeniyle d\u00fczenlenen \u00e7elenk b\u0131rakma t\u00f6renine kat\u0131lmad\u0131. Baydemir kat\u0131lmay\u0131nca, belediye \u00e7elengi b\u0131rak\u0131lmad\u0131.<\/h1>\n<p>29 Ekim Cumhuriyet Bayram\u0131n\u0131n 88\u2019nci y\u0131l d\u00f6n\u00fcm\u00fc nedeniyle Diyarbak\u0131r\u2019daki Atat\u00fcrk an\u0131t\u0131na \u00e7elenk b\u0131rak\u0131ld\u0131. Diyarbak\u0131r Valisi Mustafa Toprak, 7\u2019nci Kolordu Komutan\u0131 T\u00fcmgeneral Alaaddin \u00d6rsan, Emniyet M\u00fcd\u00fcr\u00fc Mustafa Sa\u011flam ve di\u011fer kurumlar\u0131n temsilcileri an\u0131ta \u00e7elenk b\u0131rak\u0131rken Diyarbak\u0131r B\u00fcy\u00fck\u015fehir Belediye Ba\u015fkan\u0131 Osman Baydemir t\u00f6rene kat\u0131lmad\u0131.\u00a0T\u00f6rende al\u0131nan yo\u011fun g\u00fcvenlik \u00f6nlemleri dikkat \u00e7ekti.<\/p>\n<!-- Error, Advert is not available at this time due to schedule\/geolocation restrictions! -->\n<!-- Error, Advert is not available at this time due to schedule\/geolocation restrictions! -->\n","protected":false},"excerpt":{"rendered":"<p>BDP&#8217;li Diyarbak\u0131r B\u00fcy\u00fck\u015fehir Belediye Ba\u015fkan\u0131 Osman Baydemir 29 Ekim Cumhuriyet Bayram\u0131 nedeniyle d\u00fczenlenen \u00e7elenk b\u0131rakma t\u00f6renine kat\u0131lmad\u0131. Baydemir kat\u0131lmay\u0131nca, belediye \u00e7elengi b\u0131rak\u0131lmad\u0131.<\/p>\n","protected":false},"author":4,"featured_media":187049,"comment_status":"open","ping_status":"open","sticky":false,"template":"","format":"standard","meta":{"_acf_changed":false,"footnotes":""},"categories":[6155,5005,6202,6805],"tags":[7358,1470,9255],"class_list":["post-86692","post","type-post","status-publish","format-standard","has-post-thumbnail","hentry","category-gundem","category-manset","category-politika","category-turkiye","tag-cumhuriyet-bayrami","tag-diyarbakir","tag-osman-baydemir"],"acf":[],"_links":{"self":[{"href":"https:\/\/www.nationalturk.com\/tr\/wp-json\/wp\/v2\/posts\/86692","targetHints":{"allow":["GET"]}}],"collection":[{"href":"https:\/\/www.nationalturk.com\/tr\/wp-json\/wp\/v2\/posts"}],"about":[{"href":"https:\/\/www.nationalturk.com\/tr\/wp-json\/wp\/v2\/types\/post"}],"author":[{"embeddable":true,"href":"https:\/\/www.nationalturk.com\/tr\/wp-json\/wp\/v2\/users\/4"}],"replies":[{"embeddable":true,"href":"https:\/\/www.nationalturk.com\/tr\/wp-json\/wp\/v2\/comments?post=86692"}],"version-history":[{"count":0,"href":"https:\/\/www.nationalturk.com\/tr\/wp-json\/wp\/v2\/posts\/86692\/revisions"}],"wp:featuredmedia":[{"embeddable":true,"href":"https:\/\/www.nationalturk.com\/tr\/wp-json\/wp\/v2\/media\/187049"}],"wp:attachment":[{"href":"https:\/\/www.nationalturk.com\/tr\/wp-json\/wp\/v2\/media?parent=86692"}],"wp:term":[{"taxonomy":"category","embeddable":true,"href":"https:\/\/www.nationalturk.com\/tr\/wp-json\/wp\/v2\/categories?post=86692"},{"taxonomy":"post_tag","embeddable":true,"href":"https:\/\/www.nationalturk.com\/tr\/wp-json\/wp\/v2\/tags?post=86692"}],"curies":[{"name":"wp","href":"https:\/\/api.w.org\/{rel}","templated":true}]}}