{"id":86696,"date":"2011-10-28T18:14:11","date_gmt":"2011-10-28T15:14:11","guid":{"rendered":"http:\/\/www.nationalturk.com\/?p=86696"},"modified":"2011-10-28T18:14:11","modified_gmt":"2011-10-28T15:14:11","slug":"azra-bebek-yetim-kaldi-babasi-enkazdan-kurtulamadi-86696","status":"publish","type":"post","link":"https:\/\/www.nationalturk.com\/tr\/azra-bebek-yetim-kaldi-babasi-enkazdan-kurtulamadi-86696\/","title":{"rendered":"Azra bebek yetim kald\u0131 \/ Babas\u0131 enkazdan kurtulamad\u0131"},"content":{"rendered":"<h1><img loading=\"lazy\" decoding=\"async\" class=\"alignleft size-medium wp-image-86697\" title=\"Azra Bebek\" src=\"http:\/\/www.nationalturk.com\/tr\/wp-content\/uploads\/2011\/10\/azra_bebek1-280x157.jpg\" alt=\"\" width=\"280\" height=\"157\" srcset=\"https:\/\/www.nationalturk.com\/tr\/wp-content\/uploads\/2011\/10\/azra_bebek1-280x157.jpg 280w, https:\/\/www.nationalturk.com\/tr\/wp-content\/uploads\/2011\/10\/azra_bebek1.jpeg 606w\" sizes=\"auto, (max-width: 280px) 100vw, 280px\" \/>Van&#8217;da meydana gelen depremin ard\u0131ndan mucizevi bir \u015fekilde enkazdan sa\u011f olarak kurtar\u0131lan Azra bebek yetim kald\u0131. Azra bebe\u011fin babas\u0131 Sinan Karaduman&#8217;\u0131n cans\u0131z bedenine ula\u015f\u0131ld\u0131.<\/h1>\n<p>Adana Sivil Savunma ekibinin \u00f6nc\u00fcl\u00fc\u011f\u00fcndeki ekiplerin uzun u\u011fra\u015flar\u0131 sonucu 34 ya\u015f\u0131ndaki baba Karaduman&#8217;a ula\u015f\u0131ld\u0131. Baban\u0131n hayat\u0131n\u0131 kaybetti\u011fi anla\u015f\u0131ld\u0131.\u00a0Depremden 2 g\u00fcn sonra enkaz alt\u0131ndan sa\u011f \u00e7\u0131kar\u0131lan 14 g\u00fcnl\u00fck Azra bebe\u011fin ard\u0131ndan annesi de sa\u011f kurtar\u0131lm\u0131\u015ft\u0131. Azra bebek ile annesi ve babaannesinin kurtulu\u015fu, yurt i\u00e7i ve yurt d\u0131\u015f\u0131nda &#8221;Bir aileden 3 nesil kurtar\u0131ld\u0131&#8221; ba\u015fl\u0131\u011f\u0131yla duyurulmu\u015ftu.<\/p>\n<p>Azra bebe\u011fin annesi Semiha ve babas\u0131 Sinan Karaduman(34)&#8217;\u0131n 2009 y\u0131l\u0131nda evlendikleri \u00f6\u011frenildi. Sinan Karaduman&#8217;\u0131n \u0130stanbul Teknik \u00dcniversitesi End\u00fcstri M\u00fchendisli\u011fi B\u00f6l\u00fcm\u00fc mezunu oldu\u011fu bildirildi. Sivas&#8217;ta ya\u015fayan Karaduman \u00e7ifti, do\u011fum i\u00e7in eski Sivas Devlet Hastanesi Ba\u015fhekimi olan ve Erci\u015f&#8217;te \u00f6zel bir hastanede \u00e7ocuk hastal\u0131klar\u0131 uzman\u0131 olarak \u00e7al\u0131\u015fan Ahmet Karaduman&#8217;\u0131n yan\u0131na gelmi\u015fti. Anne Karaduman, Van&#8217;da erken do\u011fum yaparak 9 Ekim&#8217;de Azra bebe\u011fi d\u00fcnyaya getirmi\u015f, 23 Ekim&#8217;de de ailesiyle birlikte depreme yakalanm\u0131\u015ft\u0131.<\/p>\n<!-- Error, Advert is not available at this time due to schedule\/geolocation restrictions! -->\n<!-- Error, Advert is not available at this time due to schedule\/geolocation restrictions! -->\n","protected":false},"excerpt":{"rendered":"<p>Van&#8217;da meydana gelen depremin ard\u0131ndan mucizevi bir \u015fekilde enkazdan sa\u011f olarak kurtar\u0131lan Azra bebek yetim kald\u0131. Azra bebe\u011fin babas\u0131 Sinan Karaduman&#8217;\u0131n cans\u0131z bedenine ula\u015f\u0131ld\u0131.<\/p>\n","protected":false},"author":4,"featured_media":187048,"comment_status":"open","ping_status":"open","sticky":false,"template":"","format":"standard","meta":{"_acf_changed":false,"footnotes":""},"categories":[6155,5005,6805],"tags":[83677,83675,83795,83676,83796,83703,83705,83706,64695,64697,83704,83673,83674],"class_list":["post-86696","post","type-post","status-publish","format-standard","has-post-thumbnail","hentry","category-gundem","category-manset","category-turkiye","tag-14-aylik-bebek-kurtarildi","tag-azra","tag-azra-bebegin-babasi","tag-azra-bebek","tag-azra-bebek-babasi","tag-azra-bebek-kurtarildi","tag-semiha-karaduman","tag-semiha-karaduman-kurtarildi","tag-van-deprem","tag-van-depremi","tag-van-mucize","tag-vanda-deprem-mucize","tag-vanda-mucize"],"acf":[],"_links":{"self":[{"href":"https:\/\/www.nationalturk.com\/tr\/wp-json\/wp\/v2\/posts\/86696","targetHints":{"allow":["GET"]}}],"collection":[{"href":"https:\/\/www.nationalturk.com\/tr\/wp-json\/wp\/v2\/posts"}],"about":[{"href":"https:\/\/www.nationalturk.com\/tr\/wp-json\/wp\/v2\/types\/post"}],"author":[{"embeddable":true,"href":"https:\/\/www.nationalturk.com\/tr\/wp-json\/wp\/v2\/users\/4"}],"replies":[{"embeddable":true,"href":"https:\/\/www.nationalturk.com\/tr\/wp-json\/wp\/v2\/comments?post=86696"}],"version-history":[{"count":0,"href":"https:\/\/www.nationalturk.com\/tr\/wp-json\/wp\/v2\/posts\/86696\/revisions"}],"wp:featuredmedia":[{"embeddable":true,"href":"https:\/\/www.nationalturk.com\/tr\/wp-json\/wp\/v2\/media\/187048"}],"wp:attachment":[{"href":"https:\/\/www.nationalturk.com\/tr\/wp-json\/wp\/v2\/media?parent=86696"}],"wp:term":[{"taxonomy":"category","embeddable":true,"href":"https:\/\/www.nationalturk.com\/tr\/wp-json\/wp\/v2\/categories?post=86696"},{"taxonomy":"post_tag","embeddable":true,"href":"https:\/\/www.nationalturk.com\/tr\/wp-json\/wp\/v2\/tags?post=86696"}],"curies":[{"name":"wp","href":"https:\/\/api.w.org\/{rel}","templated":true}]}}