{"id":86880,"date":"2011-10-31T14:34:46","date_gmt":"2011-10-31T12:34:46","guid":{"rendered":"http:\/\/www.nationalturk.com\/?p=86880"},"modified":"2024-09-23T18:43:15","modified_gmt":"2024-09-23T15:43:15","slug":"mehmet-ali-aydinlar-rasim-ozan-kutahyali-video-86880","status":"publish","type":"post","link":"https:\/\/www.nationalturk.com\/tr\/mehmet-ali-aydinlar-rasim-ozan-kutahyali-video-86880\/","title":{"rendered":"Mehmet Ali Ayd\u0131nlar Rasim Ozan K\u00fctahyal\u0131&#8217;n\u0131n cep telefonundan yay\u0131na ba\u011fland\u0131!"},"content":{"rendered":"<h1><img loading=\"lazy\" decoding=\"async\" class=\"alignleft size-medium wp-image-86886\" title=\"Rasim Ozan\" src=\"http:\/\/www.nationalturk.com\/tr\/wp-content\/uploads\/2011\/10\/rasimm-280x167.jpg\" alt=\"\" width=\"280\" height=\"167\" srcset=\"https:\/\/www.nationalturk.com\/tr\/wp-content\/uploads\/2011\/10\/rasimm-280x167.jpg 280w, https:\/\/www.nationalturk.com\/tr\/wp-content\/uploads\/2011\/10\/rasimm.jpg 404w\" sizes=\"auto, (max-width: 280px) 100vw, 280px\" \/>Galatasaray&#8217;\u0131n 1993&#8217;te Manchester United ile yapt\u0131\u011f\u0131 \u015eampiyonlar Ligi \u00f6n eleme ma\u00e7\u0131nda \u015fike yapt\u0131\u011f\u0131 iddia edilen Sami \u00c7\u00f6lge\u00e7en&#8217;in hala TFF&#8217;de \u00e7al\u0131\u015ft\u0131\u011f\u0131 ortaya \u00e7\u0131kt\u0131. TFF Ba\u015fkan\u0131 Mehmet Ali Ayd\u0131nlar ise canl\u0131 yay\u0131nda Rasim Ozan K\u00fctahyal\u0131&#8217;y\u0131 cep telefonundan arad\u0131. (Video)<\/h1>\n<p>2 Kas\u0131m 1993\u2019te yap\u0131lan Galatasaray-Manchester United ma\u00e7\u0131nda hakem Roethlisberger\u2019i para kar\u015f\u0131l\u0131\u011f\u0131nda ba\u011flamak ile itham edilen Sami \u00c7\u00f6lge\u00e7en\u2019in halen T\u00fcrkiye Futbol Fedarasyonu\u2019nda \u00e7al\u0131\u015ft\u0131\u011f\u0131 ortaya \u00e7\u0131kt\u0131.\u00a0Sami \u00c7\u00f6lge\u00e7en, Kayserispor\u2013Galatasaray ma\u00e7\u0131nda F\u0130FA yetkililerine mihmandarl\u0131k yaparken g\u00f6r\u00fcld\u00fc. Beyaz TV&#8217;deki Ve Gol program\u0131 yorumcusu Ahmet \u00c7akar, Futbol Federasyonu d\u0131\u015f ili\u015fkiler departman\u0131nda delege olarak g\u00f6rev yapan Sami \u00c7\u00f6lge\u00e7en\u2019in durumunu g\u00fcndeme getirdi. \u00c7\u00f6lge\u00e7en&#8217;in \u00fczerinde \u015faibe olmas\u0131na ra\u011fmen TFF&#8217;de g\u00f6revli oldu\u011funa dikkat \u00e7eken Ahmet \u00c7akar TFF Ba\u015fkan\u0131 Mehmet Ali Ayd\u0131nlar&#8217;a tepki g\u00f6sterdi.<\/p>\n<p>TFF Ba\u015fkan\u0131 Mehmet Ali Ayd\u0131nlar kanal telefonu yerine Rasim Ozan K\u00fctahyal\u0131&#8217;n\u0131n ki\u015fisel cep telefonunu arayarak Sami \u00c7\u00f6lge\u00e7en&#8217;in TFF&#8217;de \u00e7al\u0131\u015ft\u0131\u011f\u0131n\u0131 bilmedi\u011fini s\u00f6yledi.<\/p>\n[media id=1427 width=610 height=340]\n<!-- Error, Advert is not available at this time due to schedule\/geolocation restrictions! -->\n","protected":false},"excerpt":{"rendered":"<p>Galatasaray&#8217;\u0131n 1993&#8217;te Manchester United ile yapt\u0131\u011f\u0131 \u015eampiyonlar Ligi \u00f6n eleme ma\u00e7\u0131nda \u015fike yapt\u0131\u011f\u0131 iddia edilen Sami \u00c7\u00f6lge\u00e7en&#8217;in hala TFF&#8217;de \u00e7al\u0131\u015ft\u0131\u011f\u0131 ortaya \u00e7\u0131kt\u0131. TFF Ba\u015fkan\u0131 Mehmet Ali Ayd\u0131nlar ise canl\u0131 yay\u0131nda Rasim Ozan K\u00fctahyal\u0131&#8217;y\u0131 cep telefonundan arad\u0131. (Video)<\/p>\n","protected":false},"author":4,"featured_media":187020,"comment_status":"open","ping_status":"open","sticky":false,"template":"","format":"standard","meta":{"_acf_changed":false,"footnotes":""},"categories":[6774,5005,6194,342],"tags":[8203,64610,4114,74691,14279,25114],"class_list":["post-86880","post","type-post","status-publish","format-standard","has-post-thumbnail","hentry","category-futbol","category-manset","category-spor","category-video","tag-ahmet-cakar","tag-beyaz-tv","tag-galatasaray","tag-galatasaray-sike","tag-mehmet-ali-aydinlar","tag-rasim-ozan-kutahyali"],"acf":[],"_links":{"self":[{"href":"https:\/\/www.nationalturk.com\/tr\/wp-json\/wp\/v2\/posts\/86880","targetHints":{"allow":["GET"]}}],"collection":[{"href":"https:\/\/www.nationalturk.com\/tr\/wp-json\/wp\/v2\/posts"}],"about":[{"href":"https:\/\/www.nationalturk.com\/tr\/wp-json\/wp\/v2\/types\/post"}],"author":[{"embeddable":true,"href":"https:\/\/www.nationalturk.com\/tr\/wp-json\/wp\/v2\/users\/4"}],"replies":[{"embeddable":true,"href":"https:\/\/www.nationalturk.com\/tr\/wp-json\/wp\/v2\/comments?post=86880"}],"version-history":[{"count":0,"href":"https:\/\/www.nationalturk.com\/tr\/wp-json\/wp\/v2\/posts\/86880\/revisions"}],"wp:featuredmedia":[{"embeddable":true,"href":"https:\/\/www.nationalturk.com\/tr\/wp-json\/wp\/v2\/media\/187020"}],"wp:attachment":[{"href":"https:\/\/www.nationalturk.com\/tr\/wp-json\/wp\/v2\/media?parent=86880"}],"wp:term":[{"taxonomy":"category","embeddable":true,"href":"https:\/\/www.nationalturk.com\/tr\/wp-json\/wp\/v2\/categories?post=86880"},{"taxonomy":"post_tag","embeddable":true,"href":"https:\/\/www.nationalturk.com\/tr\/wp-json\/wp\/v2\/tags?post=86880"}],"curies":[{"name":"wp","href":"https:\/\/api.w.org\/{rel}","templated":true}]}}