{"id":8758,"date":"2009-11-15T17:15:33","date_gmt":"2009-11-15T14:15:33","guid":{"rendered":"http:\/\/www.nationalturk.com\/?p=8758"},"modified":"2009-11-15T17:16:22","modified_gmt":"2009-11-15T14:16:22","slug":"basbakan-erdogan","status":"publish","type":"post","link":"https:\/\/www.nationalturk.com\/tr\/basbakan-erdogan\/","title":{"rendered":"G\u00f6zler Ba\u015fbakan Erdo\u011fan&#8217;da"},"content":{"rendered":"<h1>G\u00f6zler Ba\u015fbakan Recep Tayyip Erdo\u011fan&#8217;\u0131n 7 Aral\u0131k&#8217;da yapaca\u011f\u0131 ABD gezisinde<\/h1>\n<p><strong><a href=\"http:\/\/www.nationalturk.com\/tr\/wp-content\/uploads\/2009\/11\/erdogan-basbakan.jpg\"><img loading=\"lazy\" decoding=\"async\" class=\"alignleft size-medium wp-image-8759\" title=\"G\u00f6zler Ba\u015fbakan Recep Tayyip Erdo\u011fan'da\" src=\"http:\/\/www.nationalturk.com\/tr\/wp-content\/uploads\/2009\/11\/erdogan-basbakan-280x210.jpg\" alt=\"G\u00f6zler Ba\u015fbakan Recep Tayyip Erdo\u011fan'da\" width=\"280\" height=\"210\" srcset=\"https:\/\/www.nationalturk.com\/tr\/wp-content\/uploads\/2009\/11\/erdogan-basbakan-280x210.jpg 280w, https:\/\/www.nationalturk.com\/tr\/wp-content\/uploads\/2009\/11\/erdogan-basbakan-533x400.jpg 533w, https:\/\/www.nationalturk.com\/tr\/wp-content\/uploads\/2009\/11\/erdogan-basbakan.jpg 800w\" sizes=\"auto, (max-width: 280px) 100vw, 280px\" \/><\/a>&#8220;Amerika&#8217;daki domuz gribi a\u015f\u0131s\u0131 \u00e7ok farkl\u0131.Ben a\u015f\u0131 olmayaca\u011f\u0131m&#8217; diyen Ba\u015fbakan Recep Tayyip Erdo\u011fan&#8217;\u0131n 7 Aral\u0131k&#8217;da yapaca\u011f\u0131 ABD gezisi s\u0131ras\u0131nda, bu \u00fclkede kullan\u0131lan a\u015f\u0131lardan olabilece\u011fi Ankara kul\u00fcslerinde konu\u015fuldu\u011fu ve tart\u0131\u015f\u0131ld\u0131\u011f\u0131\u00a0 \u00f6ne s\u00fcr\u00fcld\u00fc.<\/strong><\/p>\n<p>Erdo\u011fan &#8221;ABD&#8217;de uygulanan a\u015f\u0131 farkl\u0131&#8221; a\u00e7\u0131klamas\u0131 da dikkat \u00e7ekmi\u015fti.<br \/>\nBilindi\u011fi \u00fczere ABD&#8217;deki a\u015f\u0131larda, \u2018&#8217;Adjuvan&#8221; adl\u0131 madde yer alm\u0131yor. T\u00fcrkiye&#8217;deki a\u015f\u0131lar ise, \u00f6ld\u00fcr\u00fclm\u00fc\u015f vir\u00fcs etkisini artt\u0131rmak i\u00e7in a\u015f\u0131ya eklenen \u2018&#8217;Adjuvan&#8221; i\u00e7eriyor.<\/p>\n<h2>Ba\u015fbakan Erdo\u011fan Sa\u011fl\u0131k Bakan\u0131na k\u0131zm\u0131\u015ft\u0131<\/h2>\n<p>Ba\u015fbakan Erdo\u011fan 3 Kas\u0131m g\u00fcn\u00fc TBMM&#8217;deki grup toplant\u0131s\u0131nda Sa\u011fl\u0131k Bakan\u0131 Recep Akda\u011f&#8217;a k\u0131zm\u0131\u015f ve &#8220;A\u015f\u0131 konusunda Sa\u011fl\u0131k bakan\u0131mla ayn\u0131 d\u00fc\u015f\u00fcnm\u00fcyorum. Kimse a\u015f\u0131 i\u00e7in zorlanmamal\u0131&#8221; demi\u015fti. Erdo\u011fan kendisinin a\u015f\u0131 olmayaca\u011f\u0131n\u0131 a\u00e7\u0131klam\u0131\u015f ve Sa\u011fl\u0131k Bakan\u0131na, \u2018&#8217;Benim ve Cumhurba\u015fkan\u0131n\u0131n ad\u0131n\u0131 da vermi\u015fsin bunu d\u00fczelt&#8221; demi\u015fti.<\/p>\n<h3>ABD&#8217;de Adjuvans\u0131z a\u015f\u0131<\/h3>\n<p>Ba\u015fbakan 8 Kas\u0131m g\u00fcn\u00fc TRT&#8217;de kat\u0131ld\u0131\u011f\u0131 programda ise ABD&#8217;deki a\u015f\u0131 ile T\u00fcrkiye&#8217;ye ithal edilen a\u015f\u0131lar\u0131n farkl\u0131 oldu\u011funu a\u00e7\u0131klam\u0131\u015f ve \u2018&#8217; ABD&#8217;nin kulland\u0131\u011f\u0131 a\u015f\u0131larda farkl\u0131 \u015feyler oldu\u011fu, bize gelende farkl\u0131 \u015feyler oldu\u011fu belirtiliyor&#8221; demi\u015fti. Amerika&#8217;da kullan\u0131lan a\u015f\u0131 \u2018&#8217;Adjuvans\u0131z&#8221; T\u00fcrkiye&#8217;deki a\u015f\u0131 ise \u2018&#8217;Adjuvanl\u0131&#8221; olarak adland\u0131r\u0131l\u0131yor.<\/p>\n<p>Adjuvan ad\u0131 verilen madde, a\u015f\u0131 i\u00e7indeki \u2018\u0130mm\u00fcnojen&#8221; (\u00d6ld\u00fcr\u00fclm\u00fc\u015f vir\u00fcs) etkisini art\u0131rmak i\u00e7in, a\u015f\u0131ya eklenen bir molek\u00fcl&#8230; Baz\u0131 bilim adamlar\u0131, adjuvans\u0131z a\u015f\u0131n\u0131n etkinli\u011finin y\u00fczde 90, adjuvanl\u0131 a\u015f\u0131n\u0131n ise y\u00fczde 70 oldu\u011funu ve bu a\u015f\u0131da k\u0131zar\u0131kl\u0131k ve ate\u015f gibi yan etkilerinin daha fazla g\u00f6r\u00fcld\u00fc\u011f\u00fcn\u00fc savunuyor. T\u00fcrkiye&#8217;nin de ald\u0131\u011f\u0131 a\u015f\u0131larda MF95 ad\u0131nda bir adjuvan bulunuyor.<br \/>\nABD&#8217;de ise adjuvanl\u0131 olmayan a\u015f\u0131 kullan\u0131l\u0131yor ve a\u015f\u0131 burun i\u00e7ine p\u00fcsk\u00fcrt\u00fcl\u00fcyor. ABD, GlaxoSmithKline firmas\u0131n\u0131n a\u015f\u0131lar\u0131n\u0131 tercih ediyor. T\u00fcrkiye&#8217;de kullan\u0131lan a\u015f\u0131 ise adjuvanl\u0131 ve adaleye enjekte ediliyor. Avrupa ve T\u00fcrkiye&#8217;de Novartis firmas\u0131n\u0131n a\u015f\u0131lar\u0131 uygulan\u0131yor.<\/p>\n","protected":false},"excerpt":{"rendered":"<p>Ba\u015fbakan Recep Tayyip Erdo\u011fan&#8217;\u0131n 7 Aral\u0131k&#8217;da yapaca\u011f\u0131 ABD gezisi s\u0131ras\u0131nda, bu \u00fclkede kullan\u0131lan a\u015f\u0131lardan olabilece\u011fi Ankara kul\u00fcslerinde konu\u015fuldu\u011fu<\/p>\n","protected":false},"author":6,"featured_media":193709,"comment_status":"open","ping_status":"open","sticky":false,"template":"","format":"standard","meta":{"_acf_changed":false,"footnotes":""},"categories":[6768,5005,6669,6805,6662],"tags":[1887,8954,8952,8955,8953,787,6532],"class_list":["post-8758","post","type-post","status-publish","format-standard","has-post-thumbnail","hentry","category-amerika","category-manset","category-saglik","category-turkiye","category-yasam","tag-abd","tag-adjuvan","tag-basbakan","tag-glaxosmithkline","tag-immunojen","tag-recep-tayyip-erdogan","tag-saglik-bakani-recep-akdag"],"acf":[],"_links":{"self":[{"href":"https:\/\/www.nationalturk.com\/tr\/wp-json\/wp\/v2\/posts\/8758","targetHints":{"allow":["GET"]}}],"collection":[{"href":"https:\/\/www.nationalturk.com\/tr\/wp-json\/wp\/v2\/posts"}],"about":[{"href":"https:\/\/www.nationalturk.com\/tr\/wp-json\/wp\/v2\/types\/post"}],"author":[{"embeddable":true,"href":"https:\/\/www.nationalturk.com\/tr\/wp-json\/wp\/v2\/users\/6"}],"replies":[{"embeddable":true,"href":"https:\/\/www.nationalturk.com\/tr\/wp-json\/wp\/v2\/comments?post=8758"}],"version-history":[{"count":0,"href":"https:\/\/www.nationalturk.com\/tr\/wp-json\/wp\/v2\/posts\/8758\/revisions"}],"wp:featuredmedia":[{"embeddable":true,"href":"https:\/\/www.nationalturk.com\/tr\/wp-json\/wp\/v2\/media\/193709"}],"wp:attachment":[{"href":"https:\/\/www.nationalturk.com\/tr\/wp-json\/wp\/v2\/media?parent=8758"}],"wp:term":[{"taxonomy":"category","embeddable":true,"href":"https:\/\/www.nationalturk.com\/tr\/wp-json\/wp\/v2\/categories?post=8758"},{"taxonomy":"post_tag","embeddable":true,"href":"https:\/\/www.nationalturk.com\/tr\/wp-json\/wp\/v2\/tags?post=8758"}],"curies":[{"name":"wp","href":"https:\/\/api.w.org\/{rel}","templated":true}]}}