{"id":88054,"date":"2011-11-13T21:23:43","date_gmt":"2011-11-13T19:23:43","guid":{"rendered":"http:\/\/www.nationalturk.com\/?p=88054"},"modified":"2011-11-13T22:01:02","modified_gmt":"2011-11-13T20:01:02","slug":"tekirdag-corlu-trafik-kazasi-5-olu-11-yarali-88054","status":"publish","type":"post","link":"https:\/\/www.nationalturk.com\/tr\/tekirdag-corlu-trafik-kazasi-5-olu-11-yarali-88054\/","title":{"rendered":"Tekirda\u011f \u00c7orlu&#8217;da trafik kazas\u0131; 5 ki\u015fi \u00f6ld\u00fc, 11 ki\u015fi yaraland\u0131"},"content":{"rendered":"<h1><a href=\"http:\/\/www.nationalturk.com\/tr\/wp-content\/uploads\/2011\/11\/tekirdag-corlu-da-trafik-kazasi11.jpg\"><img loading=\"lazy\" decoding=\"async\" class=\"alignnone size-full wp-image-88067\" title=\"Tekirda\u011f \u00c7orlu&#039;da Trafik Kazas\u0131\" src=\"http:\/\/www.nationalturk.com\/tr\/wp-content\/uploads\/2011\/11\/tekirdag-corlu-da-trafik-kazasi11.jpg\" alt=\"\" width=\"610\" height=\"250\" srcset=\"https:\/\/www.nationalturk.com\/tr\/wp-content\/uploads\/2011\/11\/tekirdag-corlu-da-trafik-kazasi11.jpg 610w, https:\/\/www.nationalturk.com\/tr\/wp-content\/uploads\/2011\/11\/tekirdag-corlu-da-trafik-kazasi11-280x114.jpg 280w\" sizes=\"auto, (max-width: 610px) 100vw, 610px\" \/><\/a>Tekirda\u011f&#8217;\u0131n \u00c7orlu il\u00e7esinde, emniyet \u015feridindeki i\u015f makinesi ve otomobile yolcu otob\u00fcs\u00fcn\u00fcn \u00e7arpmas\u0131 sonucu 5 ki\u015fi \u00f6ld\u00fc, 11 ki\u015fi yaraland\u0131.<\/h1>\n<p>Tekirda\u011f&#8217;dan \u00c7orlu istikametine giden \u0130smail Hakk\u0131 \u015eahin&#8217;in kulland\u0131\u011f\u0131 16 NZ 450 plakal\u0131 yolcu otob\u00fcs\u00fc, \u00c7iftlikler mevkiinde g\u00fcvenlik \u015feridinde duran 59 YD 508 plakal\u0131 otomobil ile 34 06 91 58 plakal\u0131 i\u015f makinesine \u00e7arpt\u0131.<\/p>\n<p>Kazada, otob\u00fcs s\u00fcr\u00fcc\u00fcs\u00fc \u0130smail Hakk\u0131 \u015eahin, otomobilde bulunan Ahmet Bormal\u0131 ve Mehmet Bormal\u0131 karde\u015fler ile Cemal Ar\u0131can ve i\u015f makinesinin s\u00fcr\u00fcc\u00fcs\u00fc Mehmet S\u00fcmb\u00fcl, olay yerinde hayat\u0131n\u0131 kaybetti.<\/p>\n<p>Otob\u00fcsteki yolculardan Mustafa Can, Regaip Destanc\u0131, Hacer Metin, Ay\u015fenur Aytan, G\u00fclay Acar, Sinem Evirgen, Yi\u011fit Mutlu, Mehmet Kemal Mertsoy, \u00dcmit \u0130rem, Gizem Demir ve Mertal Bahar yaraland\u0131.<\/p>\n<p>Yaral\u0131lar, olay yerine gelen sa\u011fl\u0131k ekipleri taraf\u0131ndan ambulansla hastanelere sevk edildi. Kazada hayat\u0131n\u0131 kaybedenlerin cenazeleri ise savc\u0131l\u0131k incelemesinin ard\u0131ndan \u00c7orlu Devlet Hastanesi morguna kald\u0131r\u0131ld\u0131.<\/p>\n<!-- Error, Advert is not available at this time due to schedule\/geolocation restrictions! -->\n<!-- Error, Advert is not available at this time due to schedule\/geolocation restrictions! -->\n","protected":false},"excerpt":{"rendered":"<p>Tekirda\u011f&#8217;\u0131n \u00c7orlu il\u00e7esinde, emniyet \u015feridindeki i\u015f makinesi ve otomobile yolcu otob\u00fcs\u00fcn\u00fcn \u00e7arpmas\u0131 sonucu 5 ki\u015fi \u00f6ld\u00fc, 11 ki\u015fi yaraland\u0131.<\/p>\n","protected":false},"author":28,"featured_media":88067,"comment_status":"open","ping_status":"open","sticky":false,"template":"","format":"standard","meta":{"_acf_changed":false,"footnotes":""},"categories":[6155,6667],"tags":[45306,24381,85059,14899,78924,63431],"class_list":["post-88054","post","type-post","status-publish","format-standard","has-post-thumbnail","hentry","category-gundem","category-medya","tag-5-kisi-oldu","tag-corlu","tag-corlu-devlet-hastanesi","tag-tekirdag","tag-tekirdag-corlu-kaza","tag-tekirdag-trafik-kazasi"],"acf":[],"_links":{"self":[{"href":"https:\/\/www.nationalturk.com\/tr\/wp-json\/wp\/v2\/posts\/88054","targetHints":{"allow":["GET"]}}],"collection":[{"href":"https:\/\/www.nationalturk.com\/tr\/wp-json\/wp\/v2\/posts"}],"about":[{"href":"https:\/\/www.nationalturk.com\/tr\/wp-json\/wp\/v2\/types\/post"}],"author":[{"embeddable":true,"href":"https:\/\/www.nationalturk.com\/tr\/wp-json\/wp\/v2\/users\/28"}],"replies":[{"embeddable":true,"href":"https:\/\/www.nationalturk.com\/tr\/wp-json\/wp\/v2\/comments?post=88054"}],"version-history":[{"count":0,"href":"https:\/\/www.nationalturk.com\/tr\/wp-json\/wp\/v2\/posts\/88054\/revisions"}],"wp:featuredmedia":[{"embeddable":true,"href":"https:\/\/www.nationalturk.com\/tr\/wp-json\/wp\/v2\/media\/88067"}],"wp:attachment":[{"href":"https:\/\/www.nationalturk.com\/tr\/wp-json\/wp\/v2\/media?parent=88054"}],"wp:term":[{"taxonomy":"category","embeddable":true,"href":"https:\/\/www.nationalturk.com\/tr\/wp-json\/wp\/v2\/categories?post=88054"},{"taxonomy":"post_tag","embeddable":true,"href":"https:\/\/www.nationalturk.com\/tr\/wp-json\/wp\/v2\/tags?post=88054"}],"curies":[{"name":"wp","href":"https:\/\/api.w.org\/{rel}","templated":true}]}}