{"id":88058,"date":"2011-11-13T21:47:21","date_gmt":"2011-11-13T19:47:21","guid":{"rendered":"http:\/\/www.nationalturk.com\/?p=88058"},"modified":"2022-09-10T23:54:59","modified_gmt":"2022-09-10T20:54:59","slug":"turkiye-den-suriye-ye-nota-88058","status":"publish","type":"post","link":"https:\/\/www.nationalturk.com\/tr\/turkiye-den-suriye-ye-nota-88058\/","title":{"rendered":"T\u00fcrkiye&#8217;den Suriye&#8217;ye nota"},"content":{"rendered":"<h1><a href=\"http:\/\/www.nationalturk.com\/tr\/wp-content\/uploads\/2011\/11\/turkiye-den-suriye-ye-nota1.jpg\"><img loading=\"lazy\" decoding=\"async\" class=\"alignnone size-full wp-image-88060\" title=\"T\u00fcrkiye&#039;den Suriye&#039;ye Nota \" src=\"http:\/\/www.nationalturk.com\/tr\/wp-content\/uploads\/2011\/11\/turkiye-den-suriye-ye-nota1.jpg\" alt=\"\" width=\"610\" height=\"251\" srcset=\"https:\/\/www.nationalturk.com\/tr\/wp-content\/uploads\/2011\/11\/turkiye-den-suriye-ye-nota1.jpg 610w, https:\/\/www.nationalturk.com\/tr\/wp-content\/uploads\/2011\/11\/turkiye-den-suriye-ye-nota1-280x115.jpg 280w\" sizes=\"auto, (max-width: 610px) 100vw, 610px\" \/><\/a>Suriye&#8217;nin Ankara maslahatg\u00fczar\u0131, D\u0131\u015fi\u015fleri Bakanl\u0131\u011f\u0131&#8217;na \u00e7a\u011fr\u0131larak nota verildi. D\u0131\u015fi\u015fleri Bakanl\u0131\u011f\u0131, T\u00fcrkiye&#8217;nin \u015eam B\u00fcy\u00fckel\u00e7ili\u011fi&#8217;ne d\u00fczenlenen sald\u0131r\u0131yla ilgili bir a\u00e7\u0131klama yay\u0131nlad\u0131.<\/h1>\n<p><strong>\u00a0A\u00e7\u0131klama s\u00f6yle;<\/strong><\/p>\n<p>D\u00fcn (12 Kas\u0131m) gece Suriye&#8217;de rejim yanl\u0131s\u0131 bir tak\u0131m g\u00f6stericiler taraf\u0131ndan \u015eam B\u00fcy\u00fckel\u00e7ili\u011fimize, Halep Ba\u015fkonsoloslu\u011fumuza ve Lazkiye Fahri Konsoloslu\u011fumuza kar\u015f\u0131 d\u00fczenlenen menfur sald\u0131r\u0131lar\u0131 \u015fiddetle k\u0131n\u0131yoruz.<\/p>\n<p>Bu sald\u0131r\u0131lar\u0131n, Arap Ligi&#8217;nin d\u00fcn Suriye&#8217;ye ili\u015fkin ald\u0131\u011f\u0131 bir karar sonras\u0131nda ger\u00e7ekle\u015fmesi ve en g\u00fc\u00e7l\u00fc ve yo\u011fun bi\u00e7imde T\u00fcrk misyonlar\u0131n\u0131 hedef almas\u0131 \u015f\u00fcphesiz manidard\u0131r.<\/p>\n<p>Gerek T\u00fcrkiye&#8217;nin, gerek di\u011fer \u00fclkelerin Suriye&#8217;deki diplomatik ve kons\u00fcler temsilciliklerinin g\u00fcvenli\u011finin sa\u011flanmas\u0131 i\u00e7in her t\u00fcrl\u00fc \u00f6nlemin al\u0131nmas\u0131, Diplomatik ve Konsolosluk \u0130li\u015fkileri Hakk\u0131nda Viyana S\u00f6zle\u015fmeleri uyar\u0131nca \u00f6ncelikle Suriye Devleti&#8217;nin y\u00fck\u00fcml\u00fcl\u00fc\u011f\u00fc alt\u0131ndad\u0131r.<\/p>\n<p>Ayr\u0131ca, uluslararas\u0131 ili\u015fkilerdeki yerle\u015fik team\u00fcl de bunu gerektirmektedir. Dolay\u0131s\u0131yla yabanc\u0131 temsilciliklerin ve mensuplar\u0131n\u0131n korunmas\u0131, kabul eden devlet bak\u0131m\u0131ndan temel bir sorumluluk ve onur meselesidir. Bu hususu bir kez daha hat\u0131rlatmakta yarar g\u00f6r\u00fcyoruz.<\/p>\n<p>Suriye Y\u00f6netimi&#8217;ni, vakit kaybetmeksizin s\u00f6zkonusu sald\u0131r\u0131lar\u0131n sorumlular\u0131n\u0131 tespit etmeye ve bu ki\u015filer hakk\u0131nda gerekli adli s\u00fcreci ba\u015flatmaya davet ediyoruz. T\u00fcrkiye, bu olay\u0131n yinelenmemesini teminen Suriye Y\u00f6netiminin gerekli her t\u00fcrl\u00fc tedbiri biran \u00f6nce almas\u0131n\u0131, Suriye&#8217;deki diplomatik ve kons\u00fcler temsilciliklerimiz ve ba\u011fl\u0131 kurulu\u015flara y\u00f6nelik g\u00fcvenlik \u00f6nlemlerinin art\u0131rmas\u0131n\u0131 ve temsilciliklerimiz ile ba\u011fl\u0131 kurulu\u015flar\u0131n\u0131n g\u00fcvenli\u011finin sa\u011fland\u0131\u011f\u0131 hususunda taraf\u0131m\u0131za g\u00fcvence vermesini beklemektedir. T\u00fcrkiye, \u00f6n\u00fcm\u00fczdeki g\u00fcnlerde t\u00fcm bu hususlar\u0131n takip\u00e7isi olmaya ve geli\u015fmelere g\u00f6re gerekli g\u00f6rd\u00fc\u011f\u00fc \u00f6nlemleri almaya kararl\u0131d\u0131r.<\/p>\n<p>T\u00fcrkiye, s\u00f6zkonusu sald\u0131r\u0131lar sonucunda Suriye&#8217;deki diplomatik ve kons\u00fcler temsilciliklerinde meydana gelen maddi zarara ili\u015fkin olarak uluslararas\u0131 hukuktan kaynaklanan yasal haklar\u0131n\u0131 da mahfuz tutmaktad\u0131r.\u00a0Bug\u00fcn Ankara&#8217;daki Suriye Maslahatg\u00fczar\u0131 Bakanl\u0131\u011f\u0131m\u0131za davet edilerek kendisine bu hususlar g\u00fc\u00e7l\u00fc ifadelerle aktar\u0131lm\u0131\u015f ve bir de Nota tevdi edilmi\u015ftir.<\/p>\n<p>S\u00f6zkonusu sald\u0131r\u0131lar \u00fczerine, Suriye&#8217;deki diplomatik ve kons\u00fcler temsilciliklerimizde g\u00f6revli personelin aile fertlerinin \u00fclkemize tahliyesine bug\u00fcn ba\u015flanm\u0131\u015ft\u0131r. Diplomatik ve kons\u00fcler temsilciliklerimizde g\u00f6revli personel g\u00f6revlerine devam etmektedir.<\/p>\n<h2>Ahmet Davuto\u011flu\u2019nun Suriyeli muhaliflerle g\u00f6r\u00fc\u015fmesi ba\u015flad\u0131<\/h2>\n<h2><span class=\"Apple-style-span\" style=\"font-size: 13px; font-weight: normal;\">Suriye Ulusal Y\u00fcr\u00fctme Kurulu \u00fcyesi 6 ki\u015fi D\u0131\u015fi\u015fleri Bakanl\u0131\u011f\u0131 Resmi Konutuna geldi. \u00dcyeleri D\u0131\u015fi\u015fleri Bakan\u0131 Ahmet Davuto\u011flu kap\u0131da kar\u015f\u0131lad\u0131 ve teker teker tokala\u015ft\u0131. G\u00f6r\u00fc\u015fmede Suriye\u2019de ya\u015fanan son olaylar\u0131n ele al\u0131naca\u011f\u0131 \u00f6\u011frenildi. Saat 20: 45&#8217;te ba\u015flayan g\u00f6r\u00fc\u015fmenin yakla\u015f\u0131k iki saat s\u00fcrmesi bekleniyor.<\/span><\/h2>\n<!-- Error, Advert is not available at this time due to schedule\/geolocation restrictions! -->\n<!-- Error, Advert is not available at this time due to schedule\/geolocation restrictions! -->\n","protected":false},"excerpt":{"rendered":"<p>T\u00fcrkiye&#8217;den Suriye&#8217;ye nota. Suriye&#8217;nin Ankara maslahatg\u00fczar\u0131, D\u0131\u015fi\u015fleri Bakanl\u0131\u011f\u0131&#8217;na \u00e7a\u011fr\u0131larak nota verildi. D\u0131\u015fi\u015fleri Bakanl\u0131\u011f\u0131, T\u00fcrkiye&#8217;nin \u015eam B\u00fcy\u00fckel\u00e7ili\u011fi&#8217;ne d\u00fczenlenen sald\u0131r\u0131yla ilgili bir a\u00e7\u0131klama yay\u0131nlad\u0131.<\/p>\n","protected":false},"author":28,"featured_media":88060,"comment_status":"open","ping_status":"open","sticky":false,"template":"","format":"standard","meta":{"_acf_changed":false,"footnotes":""},"categories":[6155,5005,6667,6772,6202,349,6805,6662],"tags":[8773,85064,10713,60580,85061,806,69219,195938,57372,57373],"class_list":["post-88058","post","type-post","status-publish","format-standard","has-post-thumbnail","hentry","category-gundem","category-manset","category-medya","category-ortadogu","category-politika","category-son-dakika","category-turkiye","category-yasam","tag-ahmet-davutoglu","tag-arap-ligi","tag-disisleri-bakani-ahmet-davutoglu","tag-disisleri-bakani-davutoglu","tag-sam-buyukelciligi","tag-suriye","tag-suriye-yonetimi","tag-turkiye","tag-turkiye-suriye","tag-turkiye-suriye-iliskileri"],"acf":[],"_links":{"self":[{"href":"https:\/\/www.nationalturk.com\/tr\/wp-json\/wp\/v2\/posts\/88058","targetHints":{"allow":["GET"]}}],"collection":[{"href":"https:\/\/www.nationalturk.com\/tr\/wp-json\/wp\/v2\/posts"}],"about":[{"href":"https:\/\/www.nationalturk.com\/tr\/wp-json\/wp\/v2\/types\/post"}],"author":[{"embeddable":true,"href":"https:\/\/www.nationalturk.com\/tr\/wp-json\/wp\/v2\/users\/28"}],"replies":[{"embeddable":true,"href":"https:\/\/www.nationalturk.com\/tr\/wp-json\/wp\/v2\/comments?post=88058"}],"version-history":[{"count":0,"href":"https:\/\/www.nationalturk.com\/tr\/wp-json\/wp\/v2\/posts\/88058\/revisions"}],"wp:featuredmedia":[{"embeddable":true,"href":"https:\/\/www.nationalturk.com\/tr\/wp-json\/wp\/v2\/media\/88060"}],"wp:attachment":[{"href":"https:\/\/www.nationalturk.com\/tr\/wp-json\/wp\/v2\/media?parent=88058"}],"wp:term":[{"taxonomy":"category","embeddable":true,"href":"https:\/\/www.nationalturk.com\/tr\/wp-json\/wp\/v2\/categories?post=88058"},{"taxonomy":"post_tag","embeddable":true,"href":"https:\/\/www.nationalturk.com\/tr\/wp-json\/wp\/v2\/tags?post=88058"}],"curies":[{"name":"wp","href":"https:\/\/api.w.org\/{rel}","templated":true}]}}