{"id":88214,"date":"2011-11-15T10:04:04","date_gmt":"2011-11-15T08:04:04","guid":{"rendered":"http:\/\/www.nationalturk.com\/?p=88214"},"modified":"2011-11-15T10:04:04","modified_gmt":"2011-11-15T08:04:04","slug":"kuresel-ekonomik-kriz-demokrasiye-olan-guveni-azaltiyor-8821","status":"publish","type":"post","link":"https:\/\/www.nationalturk.com\/tr\/kuresel-ekonomik-kriz-demokrasiye-olan-guveni-azaltiyor-8821\/","title":{"rendered":"K\u00fcresel ekonomik kriz demokrasiye olan g\u00fcveni azalt\u0131yor mu?"},"content":{"rendered":"<h2><img loading=\"lazy\" decoding=\"async\" class=\"alignleft size-medium wp-image-88215\" title=\"Avrupa Yeniden Yap\u0131land\u0131rma ve Kalk\u0131nma Bankas\u0131 EBRD \" src=\"http:\/\/www.nationalturk.com\/tr\/wp-content\/uploads\/2011\/11\/avrupa-yeniden-yapilandirma-ve-kalkinma-bankasi-ebrd-280x177.jpg\" alt=\"\" width=\"280\" height=\"177\" srcset=\"https:\/\/www.nationalturk.com\/tr\/wp-content\/uploads\/2011\/11\/avrupa-yeniden-yapilandirma-ve-kalkinma-bankasi-ebrd-280x177.jpg 280w, https:\/\/www.nationalturk.com\/tr\/wp-content\/uploads\/2011\/11\/avrupa-yeniden-yapilandirma-ve-kalkinma-bankasi-ebrd.jpg 335w\" sizes=\"auto, (max-width: 280px) 100vw, 280px\" \/>EBRD Avrupa Yeniden Yap\u0131land\u0131rma ve Kalk\u0131nma Bankas\u0131 taraf\u0131ndan haz\u0131rlanan rapora g\u00f6re, k\u00fcresel krizin demokrasi ve pazar ekonomisine g\u00fcveni \u00a0bir\u00e7ok \u00fclkede azaltt\u0131\u011f\u0131 g\u00f6r\u00fcl\u00fcyor.<\/h2>\n<p>Avrupa Yeniden Yap\u0131land\u0131rma ve Kalk\u0131nma Bankas\u0131 taraf\u0131ndan yap\u0131lan ankete g\u00f6re ba\u015fta Slovakya, Slovenya ve Macaristan olmak \u00fczere bir \u00e7ok \u00fclkede d\u00fcnya ekonomisini derinden etkileyen k\u00fcresel ekonomik krizin demokrasiye kamuoyunun verdi\u011fi deste\u011fin azaltt\u0131\u011f\u0131n\u0131 belirlendi.<\/p>\n<p>EBRD Avrupa Yeniden Yap\u0131land\u0131rma ve Kalk\u0131nma Bankas\u0131, demokrasiye olan g\u00fcvenin azalmas\u0131nda d\u00fcnyan\u0131n \u015fu anda i\u00e7inde bulundu\u011fu ekonomik kriz ve ge\u00e7mi\u015f krizlerle ilgili oldu\u011funu s\u00f6yl\u00fcyor.\u00a0 EBRD \u2018nin yapt\u0131\u011f\u0131 ankete ve haz\u0131rlad\u0131\u011f\u0131 rapora g\u00f6re Do\u011fu Avrupa \u00fclkelerinde ya\u015fanan ekonomik krizin 1990 y\u0131l\u0131nda ya\u015fanan krizden daha fazla hissedildi\u011fi ve dolay\u0131s\u0131yla demokrasi ve pazar ekonomisine deste\u011fin de bu \u00fclkelerde \u015fimdi daha keskin d\u00fc\u015f\u00fc\u015f ya\u015fad\u0131\u011f\u0131 belirtildi. Avrupa Birli\u011fi yeni \u00fcyelerinde demokrasiye g\u00fcven ve inan\u00e7ta d\u00fc\u015f\u00fc\u015f ya\u015fan\u0131rken G\u00fcrcistan, Kazakistan, Belarus ve Ermenistan&#8217;da ise demokrasiye deste\u011fin artt\u0131\u011f\u0131n\u0131n g\u00f6zlendi\u011fini bildirildi. Karada\u011f, Mo\u011folistan, \u00d6zbekistan, Arnavutluk, Tacikistan ve T\u00fcrkiye de demokrasiye deste\u011fin y\u00fcksek oldu\u011fu \u00fclkeler.<\/p>\n<p>Avrupa Yeniden Yap\u0131land\u0131rma ve Kalk\u0131nma Bankas\u0131 raporuna g\u00f6re T\u00fcrkiye ekonomisinin canland\u0131 ve b\u00fcy\u00fcme kaydetti.<\/p>\n<!-- Error, Advert is not available at this time due to schedule\/geolocation restrictions! -->\n<!-- Error, Advert is not available at this time due to schedule\/geolocation restrictions! -->\n","protected":false},"excerpt":{"rendered":"<p>EBRD Avrupa Yeniden Yap\u0131land\u0131rma ve Kalk\u0131nma Bankas\u0131 taraf\u0131ndan haz\u0131rlanan rapora g\u00f6re, k\u00fcresel krizin demokrasi ve pazar ekonomisine g\u00fcveni  bir\u00e7ok \u00fclkede azaltt\u0131\u011f\u0131 g\u00f6r\u00fcl\u00fcyor.<\/p>\n","protected":false},"author":651,"featured_media":186815,"comment_status":"open","ping_status":"open","sticky":false,"template":"","format":"standard","meta":{"_acf_changed":false,"footnotes":""},"categories":[6665,6199],"tags":[35394,6103,50945,195946,686,85184,7591,685],"class_list":["post-88214","post","type-post","status-publish","format-standard","has-post-thumbnail","hentry","category-dunya","category-ekonomi","tag-dunya-ekonomik-kriz","tag-dunya-ekonomisi","tag-ebrd","tag-ekonomi","tag-ekonomik-kriz","tag-kuresel-ekonomi","tag-kuresel-ekonomik-kriz","tag-kuresel-kriz"],"acf":[],"_links":{"self":[{"href":"https:\/\/www.nationalturk.com\/tr\/wp-json\/wp\/v2\/posts\/88214","targetHints":{"allow":["GET"]}}],"collection":[{"href":"https:\/\/www.nationalturk.com\/tr\/wp-json\/wp\/v2\/posts"}],"about":[{"href":"https:\/\/www.nationalturk.com\/tr\/wp-json\/wp\/v2\/types\/post"}],"author":[{"embeddable":true,"href":"https:\/\/www.nationalturk.com\/tr\/wp-json\/wp\/v2\/users\/651"}],"replies":[{"embeddable":true,"href":"https:\/\/www.nationalturk.com\/tr\/wp-json\/wp\/v2\/comments?post=88214"}],"version-history":[{"count":0,"href":"https:\/\/www.nationalturk.com\/tr\/wp-json\/wp\/v2\/posts\/88214\/revisions"}],"wp:featuredmedia":[{"embeddable":true,"href":"https:\/\/www.nationalturk.com\/tr\/wp-json\/wp\/v2\/media\/186815"}],"wp:attachment":[{"href":"https:\/\/www.nationalturk.com\/tr\/wp-json\/wp\/v2\/media?parent=88214"}],"wp:term":[{"taxonomy":"category","embeddable":true,"href":"https:\/\/www.nationalturk.com\/tr\/wp-json\/wp\/v2\/categories?post=88214"},{"taxonomy":"post_tag","embeddable":true,"href":"https:\/\/www.nationalturk.com\/tr\/wp-json\/wp\/v2\/tags?post=88214"}],"curies":[{"name":"wp","href":"https:\/\/api.w.org\/{rel}","templated":true}]}}