{"id":88414,"date":"2011-11-16T12:20:59","date_gmt":"2011-11-16T10:20:59","guid":{"rendered":"http:\/\/www.nationalturk.com\/?p=88414"},"modified":"2012-05-04T15:25:24","modified_gmt":"2012-05-04T12:25:24","slug":"bedelli-askerlik-son-dakika-88414","status":"publish","type":"post","link":"https:\/\/www.nationalturk.com\/tr\/bedelli-askerlik-son-dakika-88414\/","title":{"rendered":"&#8220;Bedelli askerlik 1 hafta i\u00e7inde bitecek&#8221; \/ Bedelli askerlik son dakika haberi"},"content":{"rendered":"<h1><img loading=\"lazy\" decoding=\"async\" class=\"alignleft size-medium wp-image-88416\" title=\"Ba\u015fbakan Erdo\u011fan\" src=\"http:\/\/www.nationalturk.com\/tr\/wp-content\/uploads\/2011\/11\/erdogan_akp_grup_genelmerkez-270x220.jpg\" alt=\"\" width=\"270\" height=\"220\" srcset=\"https:\/\/www.nationalturk.com\/tr\/wp-content\/uploads\/2011\/11\/erdogan_akp_grup_genelmerkez-270x220.jpg 270w, https:\/\/www.nationalturk.com\/tr\/wp-content\/uploads\/2011\/11\/erdogan_akp_grup_genelmerkez-492x400.jpg 492w, https:\/\/www.nationalturk.com\/tr\/wp-content\/uploads\/2011\/11\/erdogan_akp_grup_genelmerkez.jpg 500w\" sizes=\"auto, (max-width: 270px) 100vw, 270px\" \/>Ba\u015fbakan Erdo\u011fan bedelli askerlik konusunda beklenen a\u00e7\u0131klamay\u0131 yapt\u0131. \/ Bedelli askerlik \u00e7al\u0131\u015fmalar\u0131nda son d\u00f6neme\u00e7&#8230;<\/h1>\n<p>Bedelli askerlik konusunda art\u0131k geri say\u0131m ba\u015flad\u0131. Ba\u015fbakan Recep Tayyip Erdo\u011fan, bedelli askerlik ile ilgili beklenen a\u00e7\u0131klamay\u0131 yapt\u0131. Bedelli askerlik \u00e7al\u0131\u015fmalar\u0131nda sona gelindi\u011fini dile getiren Erdo\u011fan, &#8220;\u0130nan\u0131yorum ki bu hafta i\u00e7inde olmasa bile \u00f6n\u00fcm\u00fczdeki hafta bu i\u015fi tamamlay\u0131p bu ad\u0131m\u0131 ataca\u011f\u0131z. Bedelli askerlik ile ilgili yasaya \u00e7\u0131karm\u0131\u015f olaca\u011f\u0131z. \u00dclkemiz i\u00e7in hay\u0131rl\u0131 olsun&#8221; dedi.<\/p>\n<p>Bedelli askerlik hakk\u0131nda bir\u00e7ok dedikodunun g\u00fcndeme getirildi\u011fini ifade eden Ba\u015fbakan Erdo\u011fan &#8220;Bedelli askerlik \u00e7al\u0131\u015fmas\u0131n\u0131n ard\u0131ndan ter\u00f6r nedeniyle \u00f6ld\u00fcr\u00fclen vatanda\u015flar\u0131m\u0131za da yard\u0131m yapaca\u011f\u0131z. Ter\u00f6r kurban\u0131 aileleri de \u015fehit sayarak onlar i\u00e7in de istihdam yarataca\u011f\u0131z.\u00a0Bu sosyal devletin bir g\u00f6revidir&#8221; diye konu\u015ftu.<\/p>\n<!-- Error, Advert is not available at this time due to schedule\/geolocation restrictions! -->\n<!-- Error, Advert is not available at this time due to schedule\/geolocation restrictions! -->\n<p>Bedelli askerlik,\u00a0Bedelli askerlik son dakika haberleri,\u00a0Bedelli askerlik son dakika<\/p>\n<p>Bedelli askerlik i\u00e7in referandum teklifi! CHP Genel Ba\u015fkan\u0131 Kemal K\u0131l\u0131\u00e7daro\u011flu, Ba\u015fbakan Recep Tayyip Erdo\u011fan\u2019\u0131n, bedelli askerlik konusunda s\u00f6z\u00fcn\u00fc tutarak referanduma gitmesi gerekti\u011fini s\u00f6yledi. \/ Bedelli askerlik haberleri\u2026<\/p>\n<p>Antalya\u2019da partisinin belediye ba\u015fkanlar\u0131yla toplant\u0131 d\u00fczenleyen Kemal K\u0131l\u0131\u00e7daro\u011flu, bir kahvehanede vatanda\u015flarla sohbet etti. AKP\u2019nin kendi projelerine sahip \u00e7\u0131kt\u0131\u011f\u0131n\u0131 ileri s\u00fcren K\u0131l\u0131\u00e7daro\u011flu bedelli askerlik konusunda \u015funlar\u0131 s\u00f6yledi:<\/p>\n<p>\u201c\u015eimdi \u00e7\u0131karaca\u011f\u0131z diyorlar, nas\u0131l gelece\u011fi de belli de\u011fil. Bizim d\u00fc\u015f\u00fcnd\u00fc\u011f\u00fcm\u00fcz gibi mi? Bilmiyoruz. Ba\u015fbakan, a\u00e7\u0131k \u00e7a\u011fr\u0131 yapm\u0131\u015ft\u0131. B\u00f6yle bir \u015fey olursa referanduma gidece\u011fiz diye. Er adam s\u00f6z\u00fcnden d\u00f6nmez. Bekliyoruz, referanduma g\u00f6t\u00fcrs\u00fcnler bakal\u0131m. S\u00f6z verdiler, bir ba\u015fbakan yalan s\u00f6yler mi? Bir ba\u015fbakana yalan s\u00f6ylemek yak\u0131\u015fmaz. Milletin \u00f6n\u00fcne \u00e7\u0131kt\u0131n s\u00f6yledin, \u2018referanduma g\u00f6t\u00fcrece\u011fiz\u2019 dedin.\u201d<\/p>\n<p>Partililerle toplant\u0131s\u0131nda da bedelli askerlik konusuna de\u011finen K\u0131l\u0131\u00e7daro\u011flu, \u201cSe\u00e7im zaman\u0131nda AKP \u2018Bunlar\u0131n hepsi hayal. Bunlar ger\u00e7ekle\u015femez. Bunlar hayal aleminde geziyor.\u2019 demi\u015fti. \u015eimdi ne oldu? Bizim projelerimizi yava\u015f yava\u015f Meclis\u2019e getiriyorlar. Bizim bedelli askerlik ile ilgili \u015fartlar\u0131m\u0131z belli. Yoksul \u00e7ocuklardan para al\u0131nmayacak, onlar birikmi\u015flerse bir sorun olmayacak. \u015eimdi bir \u00e7al\u0131\u015fma yap\u0131yorlar. Daha \u00f6nce \u015funu s\u00f6ylemi\u015fti Ba\u015fbakan Erdo\u011fan, \u2018Bedelli askerlik \u00e7ok \u00f6nemli bir konudur. Bu kadar \u00f6nemli bir konuyu Meclis\u2019e getirmeden d\u00fc\u015f\u00fcnmek laz\u0131m. Art\u0131 halk\u0131m\u0131n oyuna g\u00f6t\u00fcrece\u011fim ve ba\u015fvuraca\u011f\u0131m ancak b\u00f6yle olur bedelli askerlik.\u2019 demi\u015fti.\u201d diye konu\u015ftu.<\/p>\n","protected":false},"excerpt":{"rendered":"<p>Ba\u015fbakan Erdo\u011fan bedelli askerlik konusunda beklenen a\u00e7\u0131klamay\u0131 yapt\u0131. \/ Bedelli askerlik \u00e7al\u0131\u015fmalar\u0131nda son d\u00f6neme\u00e7&#8230;<\/p>\n","protected":false},"author":4,"featured_media":186783,"comment_status":"open","ping_status":"open","sticky":false,"template":"","format":"standard","meta":{"_acf_changed":false,"footnotes":""},"categories":[6155,5005,6202,349,6805],"tags":[3888,63425,11974,50098],"class_list":["post-88414","post","type-post","status-publish","format-standard","has-post-thumbnail","hentry","category-gundem","category-manset","category-politika","category-son-dakika","category-turkiye","tag-basbakan-erdogan","tag-basbakan-erdogan-bedelli-askerlik","tag-bedelli-askerlik","tag-bedelli-askerlik-son-dakika"],"acf":[],"_links":{"self":[{"href":"https:\/\/www.nationalturk.com\/tr\/wp-json\/wp\/v2\/posts\/88414","targetHints":{"allow":["GET"]}}],"collection":[{"href":"https:\/\/www.nationalturk.com\/tr\/wp-json\/wp\/v2\/posts"}],"about":[{"href":"https:\/\/www.nationalturk.com\/tr\/wp-json\/wp\/v2\/types\/post"}],"author":[{"embeddable":true,"href":"https:\/\/www.nationalturk.com\/tr\/wp-json\/wp\/v2\/users\/4"}],"replies":[{"embeddable":true,"href":"https:\/\/www.nationalturk.com\/tr\/wp-json\/wp\/v2\/comments?post=88414"}],"version-history":[{"count":0,"href":"https:\/\/www.nationalturk.com\/tr\/wp-json\/wp\/v2\/posts\/88414\/revisions"}],"wp:featuredmedia":[{"embeddable":true,"href":"https:\/\/www.nationalturk.com\/tr\/wp-json\/wp\/v2\/media\/186783"}],"wp:attachment":[{"href":"https:\/\/www.nationalturk.com\/tr\/wp-json\/wp\/v2\/media?parent=88414"}],"wp:term":[{"taxonomy":"category","embeddable":true,"href":"https:\/\/www.nationalturk.com\/tr\/wp-json\/wp\/v2\/categories?post=88414"},{"taxonomy":"post_tag","embeddable":true,"href":"https:\/\/www.nationalturk.com\/tr\/wp-json\/wp\/v2\/tags?post=88414"}],"curies":[{"name":"wp","href":"https:\/\/api.w.org\/{rel}","templated":true}]}}