{"id":88562,"date":"2011-11-17T14:08:04","date_gmt":"2011-11-17T12:08:04","guid":{"rendered":"http:\/\/www.nationalturk.com\/?p=88562"},"modified":"2011-11-17T14:08:04","modified_gmt":"2011-11-17T12:08:04","slug":"adnan-oktar-nagehan-alci-tatli-bir-kedi-video-88562","status":"publish","type":"post","link":"https:\/\/www.nationalturk.com\/tr\/adnan-oktar-nagehan-alci-tatli-bir-kedi-video-88562\/","title":{"rendered":"Adnan Oktar&#8217;dan Nagehan Al\u00e7\u0131&#8217;ya: Tatl\u0131 bir kediye benziyorsun (Video)"},"content":{"rendered":"<h1><img loading=\"lazy\" decoding=\"async\" class=\"alignleft size-full wp-image-88563\" title=\"Adnan Oktar\" src=\"http:\/\/www.nationalturk.com\/tr\/wp-content\/uploads\/2011\/11\/adnannagehan.jpg\" alt=\"\" width=\"372\" height=\"221\" srcset=\"https:\/\/www.nationalturk.com\/tr\/wp-content\/uploads\/2011\/11\/adnannagehan.jpg 465w, https:\/\/www.nationalturk.com\/tr\/wp-content\/uploads\/2011\/11\/adnannagehan-280x166.jpg 280w\" sizes=\"auto, (max-width: 372px) 100vw, 372px\" \/>Adnan Oktar&#8217;dan Nagehan Al\u00e7\u0131&#8217;ya: Tatl\u0131 bir kediye benziyorsun (Video)! Adnan Oktar Nagehan Al\u00e7\u0131&#8217;y\u0131 da iltifatlara bo\u011fdu. Adnan Oktar Nagehan Al\u00e7\u0131 &#8216;y\u0131 tatl\u0131 bir kediye benzetti.<\/h1>\n<p>Beyaz TV&#8217;de Latif \u015eim\u015fek ve Nagehan Al\u00e7\u0131&#8217;n\u0131n haz\u0131rlay\u0131p sundu\u011fu Med-Cezir program\u0131na konuk olan Adnan Oktar hakk\u0131ndaki ele\u015ftirileri yan\u0131tlarken yine \u00e7apk\u0131nl\u0131k yapmadan duramad\u0131.\u00a0\u0130slam ve cinselli\u011fin konu\u015fuldu\u011fu programda Adnan Oktar, ekrandaki sohbetlerine neden g\u00fczel kad\u0131nlarla \u00e7\u0131kmay\u0131 tercih etti\u011fini de a\u00e7\u0131klad\u0131.\u00a0Oktar, &#8220;T\u00fcrkiye&#8217;nin en ak\u0131ll\u0131 gazetecilerinden birisiniz&#8221; dedi\u011fi Al\u00e7\u0131&#8217;ya, ilgin\u00e7 \u00f6vg\u00fclerde bulundu. Nagehan Al\u00e7\u0131&#8217;ya &#8220;Siz de tatl\u0131 bir kediye benziyorsunuz&#8221; diyen Adnan Oktar, Said Nursi&#8217;nin has talebesi oldu\u011fu i\u00e7in evlenmedi\u011fini de iddia etti.<\/p>\n[media id=1451 width=610 height=340]\n<span style=\"font-weight: bold; color: #f00;\">Error, group does not exist! Check your syntax! (ID: 52)<\/span>\n","protected":false},"excerpt":{"rendered":"<p>Adnan Oktar&#8217;dan Nagehan Al\u00e7\u0131&#8217;ya: Tatl\u0131 bir kediye benziyorsun (Video)! Adnan Oktar Nagehan Al\u00e7\u0131&#8217;y\u0131 da iltifatlara bo\u011fdu. Adnan Oktar Nagehan Al\u00e7\u0131 &#8216;y\u0131 tatl\u0131 bir kediye benzetti.<\/p>\n","protected":false},"author":4,"featured_media":88563,"comment_status":"open","ping_status":"open","sticky":false,"template":"","format":"standard","meta":{"_acf_changed":false,"footnotes":""},"categories":[6155,5005,6667,6805,342],"tags":[73367,85470,57855],"class_list":["post-88562","post","type-post","status-publish","format-standard","has-post-thumbnail","hentry","category-gundem","category-manset","category-medya","category-turkiye","category-video","tag-adnan-oktar","tag-adnan-oktar-video","tag-nagehan-alci"],"acf":[],"_links":{"self":[{"href":"https:\/\/www.nationalturk.com\/tr\/wp-json\/wp\/v2\/posts\/88562","targetHints":{"allow":["GET"]}}],"collection":[{"href":"https:\/\/www.nationalturk.com\/tr\/wp-json\/wp\/v2\/posts"}],"about":[{"href":"https:\/\/www.nationalturk.com\/tr\/wp-json\/wp\/v2\/types\/post"}],"author":[{"embeddable":true,"href":"https:\/\/www.nationalturk.com\/tr\/wp-json\/wp\/v2\/users\/4"}],"replies":[{"embeddable":true,"href":"https:\/\/www.nationalturk.com\/tr\/wp-json\/wp\/v2\/comments?post=88562"}],"version-history":[{"count":0,"href":"https:\/\/www.nationalturk.com\/tr\/wp-json\/wp\/v2\/posts\/88562\/revisions"}],"wp:featuredmedia":[{"embeddable":true,"href":"https:\/\/www.nationalturk.com\/tr\/wp-json\/wp\/v2\/media\/88563"}],"wp:attachment":[{"href":"https:\/\/www.nationalturk.com\/tr\/wp-json\/wp\/v2\/media?parent=88562"}],"wp:term":[{"taxonomy":"category","embeddable":true,"href":"https:\/\/www.nationalturk.com\/tr\/wp-json\/wp\/v2\/categories?post=88562"},{"taxonomy":"post_tag","embeddable":true,"href":"https:\/\/www.nationalturk.com\/tr\/wp-json\/wp\/v2\/tags?post=88562"}],"curies":[{"name":"wp","href":"https:\/\/api.w.org\/{rel}","templated":true}]}}