{"id":88574,"date":"2011-11-17T15:02:47","date_gmt":"2011-11-17T13:02:47","guid":{"rendered":"http:\/\/www.nationalturk.com\/?p=88574"},"modified":"2011-11-17T15:02:47","modified_gmt":"2011-11-17T13:02:47","slug":"kurtlar-vadisi-pusu-fragman-video-88574","status":"publish","type":"post","link":"https:\/\/www.nationalturk.com\/tr\/kurtlar-vadisi-pusu-fragman-video-88574\/","title":{"rendered":"Kurtlar Vadisi Pusu fragman (Video) Kurtlar Vadisi Pusu yeni b\u00f6l\u00fcm\u00fc bu ak\u015fam"},"content":{"rendered":"<h1><img loading=\"lazy\" decoding=\"async\" class=\"alignnone size-large wp-image-88534\" title=\"Kurtlar Vadisi 137\" src=\"http:\/\/www.nationalturk.com\/tr\/wp-content\/uploads\/2011\/11\/kurtlarvadisi_137-610x343.jpg\" alt=\"\" width=\"610\" height=\"343\" srcset=\"https:\/\/www.nationalturk.com\/tr\/wp-content\/uploads\/2011\/11\/kurtlarvadisi_137-610x343.jpg 610w, https:\/\/www.nationalturk.com\/tr\/wp-content\/uploads\/2011\/11\/kurtlarvadisi_137-280x157.jpg 280w, https:\/\/www.nationalturk.com\/tr\/wp-content\/uploads\/2011\/11\/kurtlarvadisi_137.jpg 640w\" sizes=\"auto, (max-width: 610px) 100vw, 610px\" \/><\/h1>\n<h1>Kurtlar Vadisi Pusu fragman \/ Yeni b\u00f6l\u00fcm bu ak\u015fam (Video)&#8230; Ekranlar\u0131n b\u00fcy\u00fck bir heyecanla izlenen dizisi Kurtlar Vadisi Pusu yeni b\u00f6l\u00fcm\u00fc ile bu ak\u015fam yine nefes kesecek. \/ Kurtlar Vadisi Pusu Fragman&#8230;<\/h1>\n<p>T\u00fcrkiye&#8217;nin en \u00e7ok konu\u015fulan dizilerinden biri olan Kurtlar Vadisi Pusu 137. b\u00f6l\u00fcm\u00fc ile bu ak\u015fam ekranlara geliyor. Kurtlar Vadisi Pusu yeni b\u00f6l\u00fcm\u00fcnde\u00a0Cevher\u2019in intikam ate\u015fiyle yan\u0131p tutu\u015fan Zaza, Pusat\u2019a ne yapacak? Selvi\u2019nin hastanede Pusat\u2019\u0131n da kay\u0131p oldu\u011funu \u00f6\u011frenen Polat Alemdar, Memati\u2019den ne isteyecek? Pusat&#8217;a ula\u015fmak isteyen Memati nas\u0131l bir yol bulacak. Kurtlar Vadisi Pusu fragman\u0131 ile g\u00f6r\u00fcld\u00fc\u011f\u00fc \u00fczere\u00a0Ka\u015fifo\u011flu ve Kara aras\u0131ndaki gerginlik devam ediyor. Peki ikili aras\u0131nda neler ya\u015fanacak, neler konu\u015fulacak? Ka\u015fifo\u011flu, Kara\u2019n\u0131n dosyas\u0131n\u0131 kime verecek? Kara, Ka\u015fifo\u011flu\u2019na ula\u015fmak i\u00e7in ne yapacak? Kurtlar Vadisi Pusu yeni b\u00f6l\u00fcm\u00fcnde Polat Alemdar&#8217;\u0131 b\u00fcy\u00fck bir s\u00fcrpriz bekliyor. Y\u00fczba\u015f\u0131n\u0131n pe\u015finde olan Polat neye u\u011frad\u0131\u011f\u0131n\u0131 \u015fa\u015f\u0131racak. Kurtlar Vadisi Pusu yeni b\u00f6l\u00fcm\u00fc bu ak\u015fam TNT&#8217;de&#8230;<\/p>\n<h2>Kurtlar Vadisi Pusu Fragman<\/h2>\n[media id=1450 width=610 height=340]\n<span style=\"font-weight: bold; color: #f00;\">Error, group does not exist! Check your syntax! (ID: 97)<\/span>\n<p>Kurtlar Vadisi Pusu Fragman, Kurtlar Vadisi Pusu Fragman\u0131<\/p>\n","protected":false},"excerpt":{"rendered":"<p>Kurtlar Vadisi Pusu fragman \/ Yeni b\u00f6l\u00fcm bu ak\u015fam (Video)&#8230; Ekranlar\u0131n b\u00fcy\u00fck bir heyecanla izlenen dizisi Kurtlar Vadisi Pusu yeni b\u00f6l\u00fcm\u00fc ile bu ak\u015fam yine nefes kesecek. \/ Kurtlar Vadisi Pusu Fragman&#8230;<\/p>\n","protected":false},"author":4,"featured_media":186754,"comment_status":"open","ping_status":"open","sticky":false,"template":"","format":"standard","meta":{"_acf_changed":false,"footnotes":""},"categories":[1],"tags":[85446,60752,60760,64457],"class_list":["post-88574","post","type-post","status-publish","format-standard","has-post-thumbnail","hentry","category-nationalturk","tag-kurtlar-vadisi-fragman","tag-kurtlar-vadisi-pusu","tag-kurtlar-vadisi-pusu-fragman","tag-kurtlar-vadisi-pusu-yeni-bolum"],"acf":[],"_links":{"self":[{"href":"https:\/\/www.nationalturk.com\/tr\/wp-json\/wp\/v2\/posts\/88574","targetHints":{"allow":["GET"]}}],"collection":[{"href":"https:\/\/www.nationalturk.com\/tr\/wp-json\/wp\/v2\/posts"}],"about":[{"href":"https:\/\/www.nationalturk.com\/tr\/wp-json\/wp\/v2\/types\/post"}],"author":[{"embeddable":true,"href":"https:\/\/www.nationalturk.com\/tr\/wp-json\/wp\/v2\/users\/4"}],"replies":[{"embeddable":true,"href":"https:\/\/www.nationalturk.com\/tr\/wp-json\/wp\/v2\/comments?post=88574"}],"version-history":[{"count":0,"href":"https:\/\/www.nationalturk.com\/tr\/wp-json\/wp\/v2\/posts\/88574\/revisions"}],"wp:featuredmedia":[{"embeddable":true,"href":"https:\/\/www.nationalturk.com\/tr\/wp-json\/wp\/v2\/media\/186754"}],"wp:attachment":[{"href":"https:\/\/www.nationalturk.com\/tr\/wp-json\/wp\/v2\/media?parent=88574"}],"wp:term":[{"taxonomy":"category","embeddable":true,"href":"https:\/\/www.nationalturk.com\/tr\/wp-json\/wp\/v2\/categories?post=88574"},{"taxonomy":"post_tag","embeddable":true,"href":"https:\/\/www.nationalturk.com\/tr\/wp-json\/wp\/v2\/tags?post=88574"}],"curies":[{"name":"wp","href":"https:\/\/api.w.org\/{rel}","templated":true}]}}