{"id":88583,"date":"2011-11-17T15:28:43","date_gmt":"2011-11-17T13:28:43","guid":{"rendered":"http:\/\/www.nationalturk.com\/?p=88583"},"modified":"2011-11-17T15:28:43","modified_gmt":"2011-11-17T13:28:43","slug":"van-deprem-88583","status":"publish","type":"post","link":"https:\/\/www.nationalturk.com\/tr\/van-deprem-88583\/","title":{"rendered":"Van deprem ile sallanmaya devam ediyor"},"content":{"rendered":"<h1><img loading=\"lazy\" decoding=\"async\" class=\"alignleft size-medium wp-image-88584\" title=\"\" src=\"http:\/\/www.nationalturk.com\/tr\/wp-content\/uploads\/2011\/11\/son-dakika-dikey7-206x220.jpg\" alt=\"\" width=\"206\" height=\"220\" srcset=\"https:\/\/www.nationalturk.com\/tr\/wp-content\/uploads\/2011\/11\/son-dakika-dikey7-206x220.jpg 206w, https:\/\/www.nationalturk.com\/tr\/wp-content\/uploads\/2011\/11\/son-dakika-dikey7.jpg 300w\" sizes=\"auto, (max-width: 206px) 100vw, 206px\" \/>Van deprem ile sallanmaya devam ediyor! Van deprem korkusunu ya\u015famaya ve sallanmaya devam ediyor. Merkez \u00fcss\u00fc Van&#8217;\u0131n \u00c7olpan k\u00f6y\u00fc olan 4.7 \u015fiddetinde bir deprem daha meydana geldi.<\/h1>\n<p>Bo\u011fazi\u00e7i \u00dcniversitesi Kandilli Rasathanesi&#8217;nden al\u0131nan bilgilere g\u00f6re bug\u00fcn saat 14:38&#8217;de merkez \u00fcss\u00fc \u00c7olpan k\u00f6y\u00fc olan 4.7 b\u00fcy\u00fckl\u00fc\u011f\u00fcnde bir deprem meydana geldi. \u00c7olpan k\u00f6y\u00fcndeki depremden 7 dakika \u00f6nce de \u00d6zyurt mevkiinde 3.5 \u015fiddetinde deprem ger\u00e7ekle\u015fti.<\/p>\n<p>Hat\u0131rlanaca\u011f\u0131 gibi Van&#8217;\u0131n Erci\u015f il\u00e7esinde meydana gelen 7.2 \u015fiddetindeki depremde 604, Edremit merkezli 5.6 b\u00fcy\u00fckl\u00fc\u011f\u00fcndeki depremde ise 40 ki\u015fi ya\u015fam\u0131n\u0131 yitirmi\u015fti.<\/p>\n<p>\u00c7olpan k\u00f6y\u00fcnde meydana gelen 4.7 b\u00fcy\u00fckl\u00fc\u011f\u00fcndeki depremin ard\u0131ndan al\u0131nan ilk bilgilere g\u00f6re can veya mal kayb\u0131 ya\u015fanmad\u0131. K\u00f6ylerdeki kerpi\u00e7 evlerde hasar olabilece\u011fi ihtimaline kar\u015f\u0131 k\u00f6ylerle irtibat kurulmaya \u00e7al\u0131\u015f\u0131l\u0131yor. Deprem yerin 5 kilometre derinli\u011finde meydana geldi.<\/p>\n<span style=\"font-weight: bold; color: #f00;\">Error, group does not exist! Check your syntax! (ID: 74)<\/span>\n<span style=\"font-weight: bold; color: #f00;\">Error, group does not exist! Check your syntax! (ID: 61)<\/span>\n<p>Van Deprem, Van Depremi, Van&#8217;da deprem<\/p>\n","protected":false},"excerpt":{"rendered":"<p>Van deprem ile sallanmaya devam ediyor! Van deprem korkusunu ya\u015famaya ve sallanmaya devam ediyor. Merkez \u00fcss\u00fc Van&#8217;\u0131n \u00c7olpan k\u00f6y\u00fc olan 4.7 \u015fiddetinde bir deprem daha meydana geldi. <\/p>\n","protected":false},"author":4,"featured_media":186752,"comment_status":"open","ping_status":"open","sticky":false,"template":"","format":"standard","meta":{"_acf_changed":false,"footnotes":""},"categories":[6155,5005,349,6805],"tags":[85477,85476,83478,64695,64697],"class_list":["post-88583","post","type-post","status-publish","format-standard","has-post-thumbnail","hentry","category-gundem","category-manset","category-son-dakika","category-turkiye","tag-colpan-deprem","tag-colpan-koyu-deprem","tag-van-da-deprem","tag-van-deprem","tag-van-depremi"],"acf":[],"_links":{"self":[{"href":"https:\/\/www.nationalturk.com\/tr\/wp-json\/wp\/v2\/posts\/88583","targetHints":{"allow":["GET"]}}],"collection":[{"href":"https:\/\/www.nationalturk.com\/tr\/wp-json\/wp\/v2\/posts"}],"about":[{"href":"https:\/\/www.nationalturk.com\/tr\/wp-json\/wp\/v2\/types\/post"}],"author":[{"embeddable":true,"href":"https:\/\/www.nationalturk.com\/tr\/wp-json\/wp\/v2\/users\/4"}],"replies":[{"embeddable":true,"href":"https:\/\/www.nationalturk.com\/tr\/wp-json\/wp\/v2\/comments?post=88583"}],"version-history":[{"count":0,"href":"https:\/\/www.nationalturk.com\/tr\/wp-json\/wp\/v2\/posts\/88583\/revisions"}],"wp:featuredmedia":[{"embeddable":true,"href":"https:\/\/www.nationalturk.com\/tr\/wp-json\/wp\/v2\/media\/186752"}],"wp:attachment":[{"href":"https:\/\/www.nationalturk.com\/tr\/wp-json\/wp\/v2\/media?parent=88583"}],"wp:term":[{"taxonomy":"category","embeddable":true,"href":"https:\/\/www.nationalturk.com\/tr\/wp-json\/wp\/v2\/categories?post=88583"},{"taxonomy":"post_tag","embeddable":true,"href":"https:\/\/www.nationalturk.com\/tr\/wp-json\/wp\/v2\/tags?post=88583"}],"curies":[{"name":"wp","href":"https:\/\/api.w.org\/{rel}","templated":true}]}}