{"id":88740,"date":"2011-11-18T17:14:04","date_gmt":"2011-11-18T15:14:04","guid":{"rendered":"http:\/\/www.nationalturk.com\/?p=88740"},"modified":"2023-08-06T12:37:27","modified_gmt":"2023-08-06T09:37:27","slug":"munevver-karabulut-cinayeti-cem-garipoglu-kac-yil-yedi-88740","status":"publish","type":"post","link":"https:\/\/www.nationalturk.com\/tr\/munevver-karabulut-cinayeti-cem-garipoglu-kac-yil-yedi-88740\/","title":{"rendered":"M\u00fcnevver Karabulut cinayeti \/ Cem Garipo\u011flu ka\u00e7 y\u0131l yedi?"},"content":{"rendered":"<h1><img loading=\"lazy\" decoding=\"async\" class=\"alignleft size-medium wp-image-88742\" title=\"M\u00fcnevver Karabulut Cem Garipo\u011flu\" src=\"http:\/\/www.nationalturk.com\/tr\/wp-content\/uploads\/2011\/11\/munevver_hilton_5-e1321629098553-280x202.jpg\" alt=\"\" width=\"280\" height=\"202\" srcset=\"https:\/\/www.nationalturk.com\/tr\/wp-content\/uploads\/2011\/11\/munevver_hilton_5-e1321629098553-280x202.jpg 280w, https:\/\/www.nationalturk.com\/tr\/wp-content\/uploads\/2011\/11\/munevver_hilton_5-e1321629098553.jpg 418w\" sizes=\"auto, (max-width: 280px) 100vw, 280px\" \/>Cem Garipo\u011flu &#8216;nun cezas\u0131 a\u00e7\u0131kland\u0131 \/ M\u00fcnevver Karabulut cinayetinde son dakika! Mart 2009&#8217;da i\u015flenen M\u00fcnevver Karabulut cinayeti davas\u0131 sonu\u00e7land\u0131 ve karar a\u00e7\u0131kland\u0131.<\/h1>\n<p>3 Mart 2009&#8217;da ba\u015f\u0131 kesilerek \u00f6ld\u00fcr\u00fclen M\u00fcnevver Karabulut davas\u0131nda karar verildi. Cinayetin bir numaral\u0131 zanl\u0131s\u0131 Cem Garipo\u011flu 24 y\u0131l hapis cezas\u0131na mahkum oldu. Cem Garipo\u011flu&#8217;nun babas\u0131 Mehmet Nida Garipo\u011flu beraat ederken annesi T\u00fclay Makbule Garipo\u011flu ve amcas\u0131 i\u015fadam\u0131 Hayyam Garipo\u011flu 3&#8217;er y\u0131l hapis cezas\u0131na \u00e7arpt\u0131r\u0131ld\u0131.<\/p>\n<p>M\u00fcnevver Karabulut davas\u0131nda son olarak 14 Ekim&#8217;de savc\u0131 m\u00fctalaas\u0131n\u0131 a\u00e7\u0131klayarak Cem Garipo\u011flu &#8216;nun &#8220;Tasarlayarak, canavarca hisle adam \u00f6ld\u00fcrmek&#8221; su\u00e7undan 18 ile 24 y\u0131l aras\u0131nda a\u011f\u0131r hapis cezas\u0131yla cezaland\u0131r\u0131lmas\u0131n\u0131 talep etmi\u015fti. Cem Garipo\u011flu cinayetin i\u015flendi\u011fi tarihte 18 ya\u015f\u0131ndan k\u00fc\u00e7\u00fck oldu\u011fu i\u00e7in a\u011f\u0131rla\u015ft\u0131r\u0131lm\u0131\u015f m\u00fcebbet hapis cezas\u0131ndan kurtuldu.<\/p>\n<p>Hat\u0131rlanaca\u011f\u0131 gibi Cem Garipo\u011flu, sevgilisi M\u00fcnevver Karabulut&#8217;u Bah\u00e7e\u015fehir&#8217;deki villada kafas\u0131n\u0131 keserek \u00f6ld\u00fcrd\u00fckten sonra M\u00fcnevver&#8217;in cans\u0131z bedenini par\u00e7alara ay\u0131rarak Etiler&#8217;deki bir \u00e7\u00f6p konteyner\u0131na atm\u0131\u015ft\u0131.<\/p>\n<h2>M\u00fcnevver Karabulut cinayeti davas\u0131 \u00f6ncesinde adliye \u00f6n\u00fcnde eylem<\/h2>\n<p>Adliyenin \u00f6n\u00fcnde toplanan Kad\u0131n Cinayetlerini Durduraca\u011f\u0131z Platformu \u00fcyeleri, pankart a\u00e7\u0131p eylem yapt\u0131.<br \/>\nBak\u0131rk\u00f6y Adliyesi \u00f6n\u00fcnde slogan atan eylemciler, Karabulut ailesine destek olarak davan\u0131n takip\u00e7isi olduklar\u0131n\u0131 belirtti.<\/p>\n<!-- Error, Advert is not available at this time due to schedule\/geolocation restrictions! -->\n","protected":false},"excerpt":{"rendered":"<p>Cem Garipo\u011flu &#8216;nun cezas\u0131 a\u00e7\u0131kland\u0131 \/ M\u00fcnevver Karabulut cinayetinde son dakika! Mart 2009&#8217;da i\u015flenen M\u00fcnevver Karabulut cinayeti davas\u0131 sonu\u00e7land\u0131 ve karar a\u00e7\u0131kland\u0131.<\/p>\n","protected":false},"author":4,"featured_media":186723,"comment_status":"open","ping_status":"open","sticky":false,"template":"","format":"standard","meta":{"_acf_changed":false,"footnotes":""},"categories":[221263,6155,5005,349,6805],"tags":[5151,85600,85598,30014,8704,85597,85599,5155,64378,5156,9440],"class_list":["post-88740","post","type-post","status-publish","format-standard","has-post-thumbnail","hentry","category-cem-garipoglu-davasi","category-gundem","category-manset","category-son-dakika","category-turkiye","tag-cem-garipoglu","tag-cem-garipoglu-ceza","tag-cem-garipoglu-cezasi-aciklandi","tag-cem-garipoglu-cinayet","tag-cem-garipoglu-davasi","tag-cem-garipoglu-hapis","tag-cem-garipoglu-hapis-cezasi","tag-munevver-karabulut","tag-munevver-karabulut-cem-garipoglu","tag-munevver-karabulut-cinayeti","tag-munevver-karabulut-davasi"],"acf":[],"_links":{"self":[{"href":"https:\/\/www.nationalturk.com\/tr\/wp-json\/wp\/v2\/posts\/88740","targetHints":{"allow":["GET"]}}],"collection":[{"href":"https:\/\/www.nationalturk.com\/tr\/wp-json\/wp\/v2\/posts"}],"about":[{"href":"https:\/\/www.nationalturk.com\/tr\/wp-json\/wp\/v2\/types\/post"}],"author":[{"embeddable":true,"href":"https:\/\/www.nationalturk.com\/tr\/wp-json\/wp\/v2\/users\/4"}],"replies":[{"embeddable":true,"href":"https:\/\/www.nationalturk.com\/tr\/wp-json\/wp\/v2\/comments?post=88740"}],"version-history":[{"count":0,"href":"https:\/\/www.nationalturk.com\/tr\/wp-json\/wp\/v2\/posts\/88740\/revisions"}],"wp:featuredmedia":[{"embeddable":true,"href":"https:\/\/www.nationalturk.com\/tr\/wp-json\/wp\/v2\/media\/186723"}],"wp:attachment":[{"href":"https:\/\/www.nationalturk.com\/tr\/wp-json\/wp\/v2\/media?parent=88740"}],"wp:term":[{"taxonomy":"category","embeddable":true,"href":"https:\/\/www.nationalturk.com\/tr\/wp-json\/wp\/v2\/categories?post=88740"},{"taxonomy":"post_tag","embeddable":true,"href":"https:\/\/www.nationalturk.com\/tr\/wp-json\/wp\/v2\/tags?post=88740"}],"curies":[{"name":"wp","href":"https:\/\/api.w.org\/{rel}","templated":true}]}}