{"id":88980,"date":"2011-11-21T17:16:03","date_gmt":"2011-11-21T15:16:03","guid":{"rendered":"http:\/\/www.nationalturk.com\/?p=88980"},"modified":"2011-11-21T17:16:03","modified_gmt":"2011-11-21T15:16:03","slug":"can-bartuya-hirsiz-soku-88980","status":"publish","type":"post","link":"https:\/\/www.nationalturk.com\/tr\/can-bartuya-hirsiz-soku-88980\/","title":{"rendered":"Can Bartu&#8217;ya h\u0131rs\u0131z \u015foku"},"content":{"rendered":"<h1><img loading=\"lazy\" decoding=\"async\" class=\"alignleft size-medium wp-image-88981\" title=\"Can Bartu \" src=\"http:\/\/www.nationalturk.com\/tr\/wp-content\/uploads\/2011\/11\/can_bartu_cip-275x220.jpg\" alt=\"\" width=\"275\" height=\"220\" srcset=\"https:\/\/www.nationalturk.com\/tr\/wp-content\/uploads\/2011\/11\/can_bartu_cip-275x220.jpg 275w, https:\/\/www.nationalturk.com\/tr\/wp-content\/uploads\/2011\/11\/can_bartu_cip.jpg 500w\" sizes=\"auto, (max-width: 275px) 100vw, 275px\" \/>Can Bartu&#8217;ya h\u0131rs\u0131z \u015foku! \/\u00a0Fenerbah\u00e7e&#8217;nin unutulmaz futbolcular\u0131ndan Can Bartu h\u0131rs\u0131z \u015foku ya\u015fad\u0131. Can Bartu&#8217;nun d\u00fcn \u00e7al\u0131nan l\u00fcks cipi Pendik&#8217;te bulundu.<\/h1>\n<p>Olay, Can Bartu&#8217;nun Fenerbah\u00e7e Kuru Kahveci Sokak&#8217;taki evinde meydana geldi. D\u00fcn ak\u015fam saatlerinde siteye giren h\u0131rs\u0131zlar, Bartu&#8217;nun 34 EZB 87 plakal\u0131 Range Rower marka l\u00fcks cipini \u00e7ald\u0131. Sabah kalkt\u0131\u011f\u0131nda arac\u0131n\u0131n yerinde olmad\u0131\u011f\u0131n\u0131 g\u00f6ren Bartu, durumu polise bildirdi. Polis, saat 13.00 s\u0131ralar\u0131nda cipi Pendik Yeni\u015fehir Mahallesi G\u00f6kay Sokak Zeki G\u00f6\u00e7men Konutlar\u0131 sitesi i\u00e7erisinde terk edilmi\u015f halde buldu. Olay yerine gelen Bartu, polise parmak izi verdikten sonra cipini teslim ald\u0131.<br \/>\nBas\u0131n mensuplar\u0131n\u0131n sorular\u0131n\u0131 cevaplayan Bartu, &#8220;Arac\u0131m\u0131 d\u00fcn ak\u015fam saatlerinde evimin kapal\u0131 garaj\u0131ndan \u00e7alm\u0131\u015flar. Sabah kalkt\u0131\u011f\u0131mda arac\u0131m\u0131 bulamad\u0131m, hemen polise haber verdim. Sa\u011folsun polisler cipi Pendik&#8217;te buldu.&#8221; diye konu\u015ftu. Bartu, l\u00fcks arac\u0131n\u0131 bulan polislere te\u015fekk\u00fcr etti.<\/p>\n<!-- Error, Advert is not available at this time due to schedule\/geolocation restrictions! -->\n<!-- Error, Advert is not available at this time due to schedule\/geolocation restrictions! -->\n","protected":false},"excerpt":{"rendered":"<p>Can Bartu&#8217;ya h\u0131rs\u0131z \u015foku! \/ Fenerbah\u00e7e&#8217;nin unutulmaz futbolcular\u0131ndan Can Bartu h\u0131rs\u0131z \u015foku ya\u015fad\u0131. Can Bartu&#8217;nun d\u00fcn \u00e7al\u0131nan l\u00fcks cipi Pendik&#8217;te bulundu.<\/p>\n","protected":false},"author":4,"featured_media":186677,"comment_status":"open","ping_status":"open","sticky":false,"template":"","format":"standard","meta":{"_acf_changed":false,"footnotes":""},"categories":[6774,349,6194],"tags":[27661,849,17211,8056],"class_list":["post-88980","post","type-post","status-publish","format-standard","has-post-thumbnail","hentry","category-futbol","category-son-dakika","category-spor","tag-can-bartu","tag-fenerbahce","tag-kadikoy","tag-pendik"],"acf":[],"_links":{"self":[{"href":"https:\/\/www.nationalturk.com\/tr\/wp-json\/wp\/v2\/posts\/88980","targetHints":{"allow":["GET"]}}],"collection":[{"href":"https:\/\/www.nationalturk.com\/tr\/wp-json\/wp\/v2\/posts"}],"about":[{"href":"https:\/\/www.nationalturk.com\/tr\/wp-json\/wp\/v2\/types\/post"}],"author":[{"embeddable":true,"href":"https:\/\/www.nationalturk.com\/tr\/wp-json\/wp\/v2\/users\/4"}],"replies":[{"embeddable":true,"href":"https:\/\/www.nationalturk.com\/tr\/wp-json\/wp\/v2\/comments?post=88980"}],"version-history":[{"count":0,"href":"https:\/\/www.nationalturk.com\/tr\/wp-json\/wp\/v2\/posts\/88980\/revisions"}],"wp:featuredmedia":[{"embeddable":true,"href":"https:\/\/www.nationalturk.com\/tr\/wp-json\/wp\/v2\/media\/186677"}],"wp:attachment":[{"href":"https:\/\/www.nationalturk.com\/tr\/wp-json\/wp\/v2\/media?parent=88980"}],"wp:term":[{"taxonomy":"category","embeddable":true,"href":"https:\/\/www.nationalturk.com\/tr\/wp-json\/wp\/v2\/categories?post=88980"},{"taxonomy":"post_tag","embeddable":true,"href":"https:\/\/www.nationalturk.com\/tr\/wp-json\/wp\/v2\/tags?post=88980"}],"curies":[{"name":"wp","href":"https:\/\/api.w.org\/{rel}","templated":true}]}}