{"id":89058,"date":"2011-11-22T13:51:07","date_gmt":"2011-11-22T11:51:07","guid":{"rendered":"http:\/\/www.nationalturk.com\/?p=89058"},"modified":"2024-08-21T17:12:29","modified_gmt":"2024-08-21T14:12:29","slug":"turk-diasporasi-148","status":"publish","type":"post","link":"https:\/\/www.nationalturk.com\/tr\/turk-diasporasi-148\/","title":{"rendered":"T\u00fcrk Diasporas\u0131"},"content":{"rendered":"<h3><a href=\"http:\/\/www.nationalturk.com\/tr\/wp-content\/uploads\/2011\/06\/omer-demir-anasayfa1.jpg\"><img loading=\"lazy\" decoding=\"async\" class=\"alignleft size-medium wp-image-73924\" title=\"\u00d6mer Demir\" src=\"http:\/\/www.nationalturk.com\/tr\/wp-content\/uploads\/2011\/06\/omer-demir-anasayfa1-206x220.jpg\" alt=\"\" width=\"206\" height=\"220\" srcset=\"https:\/\/www.nationalturk.com\/tr\/wp-content\/uploads\/2011\/06\/omer-demir-anasayfa1-206x220.jpg 206w, https:\/\/www.nationalturk.com\/tr\/wp-content\/uploads\/2011\/06\/omer-demir-anasayfa1.jpg 300w\" sizes=\"auto, (max-width: 206px) 100vw, 206px\" \/><\/a><\/h3>\n<h3>NationalTurk yorumcular\u0131m\u0131zdan Ekonomi ve Borsa uzman\u0131 \u00d6mer Demir \u2018in, bu haftaki &#8220;T\u00fcrk Diasporas\u0131&#8221; adl\u0131 makalesini sizlerle payla\u015f\u0131yoruz.<\/h3>\n<p>Hafta sonu D\u0131\u015f Ekonomik \u0130li\u015fkiler Kurulu\u00a0taraf\u0131ndan L\u00fctfi K\u0131rdar\u00a0Kongre ve Sergi Saray\u0131&#8217;nda d\u00fczenlenen \u201cD\u00fcnya T\u00fcrk\u00a0Giri\u015fimciler Kurultay\u0131\u201d hem i\u015f ,hemde ekonomi camias\u0131n\u0131 bir\u00a0araya getirirken , Ba\u015fbakan ve neredeyse t\u00fcm bakanlar\u0131n\u00a0kat\u0131ld\u0131\u011f\u0131 Bakanlar kurulu toplant\u0131s\u0131n\u0131 aratmayan bir platformda\u00a0ger\u00e7ekle\u015ftirilmesi Giri\u015fimcilere verilen \u00f6nemin \u00f6nemli bir\u00a0kan\u0131t\u0131yd\u0131 . Kat\u0131lma \u015fans\u0131 buldu\u011fum ve \u00f6nemli mesajlar\u0131n verildi\u011fi\u00a0bu \u00e7al\u0131\u015ftay\u2019da temel vizyon \u2018\u2019T\u00fcrk Diasporas\u0131\u2019\u2019n\u0131n olu\u015fturulmas\u0131\u00a0gayretiydi. Toplant\u0131ya Kat\u0131lan Ba\u015fbakan Recep Tayyip\u00a0Erdo\u011fan, D\u0131\u015fi\u015fleri Bakan\u0131 Ahmet Davuto\u011flu, Maliye Bakan\u0131\u00a0Mehmet \u015eim\u015fek, Ekonomi Bakan\u0131 Zafer \u00c7a\u011flayan, AB Bakan\u0131\u00a0ve Ba\u015fm\u00fczakereci Egemen Ba\u011f\u0131\u015f, Bilim, Sanayi ve Teknoloji\u00a0Bakan\u0131 Nihat Erg\u00fcn, G\u0131da, Tar\u0131m ve Hayvanc\u0131l\u0131k Bakan\u0131 Mehdi\u00a0Eker, G\u00fcmr\u00fck ve Ticaret Bakan\u0131 Hayati Yaz\u0131c\u0131 ile Kalk\u0131nma\u00a0Bakan\u0131 Cevdet Y\u0131lmaz da olunca T\u00fcrkiye\u2019nin g\u00fcndemine dair\u00a0\u00e7arp\u0131c\u0131 sorulara yan\u0131t arand\u0131.<\/p>\n<p><strong>Avrupa Birli\u011fi\u2019nin Gelece\u011fi<\/strong><\/p>\n<p>DT\u0130K\u2019in interaktif olarak 2200 i\u015fadam\u0131 \u00fczerinde yapt\u0131\u011f\u0131 ankete\u00a0g\u00f6re giri\u015fimcilerin % 33\u2019\u00fc T\u00fcrkiye\u2019nin AB \u00fcyeli\u011fine destek\u00a0vermekten vazge\u00e7erken,ABD\u2019de 2008 sonlar\u0131nda ba\u015flayan 1\u00a0y\u0131l sonra etkilerinin AB\u2019de sadece bankac\u0131l\u0131k krizi de\u011fil siyasi ve\u00a0y\u00f6netim krizine d\u00f6n\u00fc\u015ft\u00fc\u011f\u00fc,isimlerine PIIGS denilen AB\u2019nin zay\u0131f\u00a0halkalar\u0131n\u0131n yarat\u0131ld\u0131\u011f\u0131 son 2 y\u0131lda, T\u00fcrkiye\u2019nin imaj\u0131n\u0131n olumlu\u00a0y\u00f6nde de\u011fi\u015fti\u011fini s\u00f6yleyenlerin oran\u0131 %88 \u00e7\u0131kt\u0131.\u00dcstelik T\u00fcrk\u00a0Giri\u015fimciler ve \u0130\u015fadamlar\u0131n\u0131n \u00fc\u00e7te biri T\u00fcrkiye\u2019nin AB \u00fcyeli\u011fini\u00a0eskiden destekledi\u011fini, ancak son siyasi de\u011fi\u015fimlerce bu\u00a0konuda \u00e7ekimser ya da kar\u015f\u0131 olduklar\u0131n\u0131 anketlere yans\u0131tt\u0131lar.<\/p>\n<p>Giri\u015fimcilerin % 12\u2019si AB \u00fcyeli\u011fine art\u0131k \u00f6nem atfetmedi\u011fini, %\u00a014\u2019\u00fc ise \u00fcyeli\u011fi desteklemedi\u011fini belirtti. Ger\u00e7i T\u00fcrk diasporas\u0131\u00a0temal\u0131 toplant\u0131da ,Yurtd\u0131\u015f\u0131nda birbirlerine destek olarak sinerji\u00a0yarat\u0131l\u0131p yarat\u0131lmad\u0131\u011f\u0131 anketine; T\u00fcrk giri\u015fimcilerin %42\u2019si \u201cHay\u0131r,\u00a0da\u011f\u0131n\u0131k bir g\u00f6r\u00fcn\u00fcm sergiliyoruz desede ,birlikte sinerji\u00a0yaratabildiklerine inanan i\u015fadamlar\u0131n\u0131n oran\u0131 en son 2 y\u0131l\u00a0\u00f6ncesindeki ankete % 23\u2019ten %31\u2019e y\u00fckseldi. Giri\u015fimcilerin %\u00a053\u2019\u00fc \u2018\u00e7ok fazla dernek oldu\u011funu, ancak bu derneklerin etkin\u00a0ve koordineli olamad\u0131klar\u0131 konusunda mutabakata vard\u0131. AB\u00a0ile ilgili en i\u00e7ten yorum ise Fiba Holding Y\u00f6netim Kurulu Ba\u015fkan\u0131\u00a0H\u00fcsn\u00fc \u00d6zye\u011fin\u2019den geldi.\u00d6zye\u011fin \u201cAB bizi i\u00e7eriye alm\u0131yor. Ben\u00a0onlara diyorum ki; \u2018Allah sizden raz\u0131 olsun\u2019. \u00c7\u00fcnk\u00fc, \u015fimdiye\u00a0kadar AB\u2019ye girmi\u015f olsayd\u0131k vay halimize olacakt\u0131\u201d s\u00f6zleri\u00a0salonda alk\u0131\u015f toplad\u0131.<\/p>\n<p>\u00d6zye\u011fin, kurultay\u0131n Profesyoneller\u00a0Oturumu\u2019nda ; \u2018Niye gidip Yunanistan\u2019da banka\u00a0alm\u0131yorsunuz?\u2019 diye sorduklar\u0131n\u0131 da s\u00f6yleyerek, \u201cBir \u00fclkede\u00a0ekonomik durum bozuluyorsa o \u00fclkede nas\u0131l bir banka\u00a0alabilirsiniz ki? Banka, finans kurumlar\u0131, yabanc\u0131 \u015firketler her\u00a0zaman geli\u015fen b\u00fcy\u00fcyen ekonomilere giderler\u201d dedi. G\u00f6r\u00fcnen\u00a0o ki; T\u00fcrkiye art\u0131k ekonomisi yaratt\u0131\u011f\u0131 ekonomik g\u00fc\u00e7 ile bir gruba\u00a0dahil olmadan kendi kurallar\u0131 ile oyuna devam etmek istiyor\u00a0, zaten b\u00f6lgesel g\u00fc\u00e7 sahibi olmak i\u00e7in tamda buna ihtiya\u00e7 var.<\/p>\n<p>Suriye\u00a0Biliyorsunuz,Suriye taraf\u0131ndaki son geli\u015fmelerde Devlet Ba\u015fka\u00a0Be\u015f\u015far Esad &#8220;Suriye rejimine kar\u015f\u0131 \u00e7\u0131kan muhalif militanlar\u0131\u00a0ezmek i\u00e7in sert \u00f6nlemler almay\u0131 s\u00fcrd\u00fcreceklerini&#8221; s\u00f6ylemi\u015fti.<\/p>\n<p>Arap Bahar\u0131 yans\u0131malar\u0131 olan Suriye\u2019deki rejim kar\u015f\u0131t\u0131\u00a0g\u00f6sterilerde Mart ay\u0131ndan bu yana yakla\u015f\u0131k 3500 ki\u015finin \u00f6ld\u00fc\u011f\u00fc<br \/>\nve bunlardan 800\u2019\u00fcn\u00fcn g\u00fcvenlik g\u00fc\u00e7leri oldu\u011fu ger\u00e7e\u011fine\u00a0ald\u0131r\u0131\u015f etmeyen M\u0131s\u0131r y\u00f6netimi\u2019ne T\u00fcrkiye den de set tepkiler<br \/>\ngelmeye devam ediyor. Suriye D\u0131\u015fi\u015fleri Bakan\u0131 Velid El\u00a0Muallim\u2019in Be\u015f\u015far Esed rejimine y\u00f6nelik bask\u0131lara yine meydan<br \/>\nokuyarak &#8220;gerekirse sava\u015facaklar\u0131n\u0131&#8221; a\u00e7\u0131klamalar\u0131 ve Arap\u00a0Birli\u011fi\u2019nin \u00f6nerisi olan ; Suriye ordusunun caddelerden\u00a0\u00e7ekilmesini ile siyasi tutuklular\u0131n serbest b\u0131rak\u0131lmas\u0131n\u0131, sivillere\u00a0y\u00f6nelik sald\u0131r\u0131lar\u0131n durdurulmas\u0131n\u0131 \u00f6nerilerininde kabul\u00a0g\u00f6rmemesi art\u0131k Suriye\u2019de sava\u015f \u00e7anlar\u0131n\u0131n \u00e7ald\u0131\u011f\u0131n\u0131n i\u015fareti.\u00a0\u0130\u015fte bu konuda D\u00fcnya \u0130\u015f Konseyinde Say\u0131n Ba\u015fbakan k\u0131sa ve\u00a0\u00f6z konu\u015ftu \u2018\u2019Bizim, hi\u00e7bir \u00fclkenin i\u00e7 i\u015flerine kar\u0131\u015fmak gibi bir\u00a0niyetimiz yok. Bizim, T\u00fcrkiye olarak, hi\u00e7bir \u00fclkenin topraklar\u0131nda,\u00a0siyasetinde, idari sisteminde asla ve asla g\u00f6z\u00fcm\u00fcz yok. Ne\u00a0b\u00f6lgemizdeki, ne d\u00fcnyadaki hi\u00e7bir \u00fclkeye \u00e7\u0131kar kayg\u0131s\u0131yla\u00a0bakmad\u0131k ve bakm\u0131yoruz. Bizim i\u00e7in her yerde \u00f6ncelikli olan\u00a0insand\u0131r \u2018\u2019diyerek Suriye politikas\u0131n\u0131 a\u00e7\u0131klad\u0131. \u00dcmid ederiz ki\u00a0karitat\u00fcristlerin internette sosyal a\u011flarda ,Ba\u015fbakan\u2019\u0131n Time<br \/>\nDergisine kapak olmas\u0131 haberine vurgu yap\u0131larak \u2018\u2019Erdo\u011fan\u2019\u0131n\u00a0yolu ;Suriye\u2019\u2019 karikat\u00fcr\u00fc ger\u00e7ek olmaz.<\/p>\n<p><strong>Cari a\u00e7\u0131k<\/strong><\/p>\n<p>DT\u0130K toplant\u0131s\u0131nda Maliye Bakan\u0131 Mehmet \u015eim\u015fek\u2019in yan\u0131tlad\u0131\u011f\u0131\u00a0sorulardan biri idi; Ne olacak bu Cari a\u00e7\u0131\u011f\u0131n hali? Bakan Cari\u00a0a\u00e7\u0131\u011f\u0131n kademeli olarak d\u00fc\u015fmeye ba\u015flad\u0131\u011f\u0131n\u0131 y\u0131l\u0131n ilk aylar\u0131ndan\u00a0beri devam eden en y\u00fcksek seviyelerin art\u0131k geride kald\u0131\u011f\u0131n\u0131\u00a0belirtiyor. Ama bu durum cari a\u00e7\u0131\u011f\u0131n s\u0131f\u0131rlanmas\u0131 anlam\u0131na\u00a0gelmiyor. Kademeli olarak d\u00fc\u015f\u00fc\u015f e\u011filiminin devam edece\u011fini\u00a02012 \u2018de daha d\u00fc\u015f\u00fck bir cari a\u00e7\u0131k seviyesi g\u00f6r\u00fclece\u011fini\u00a0eklerken cari a\u00e7\u0131k \u00fczerindeki yap\u0131sal sorunlar\u0131 ,\u00f6rne\u011fin\u00a0Enerji,petrol ,do\u011falgaz fakt\u00f6rlerini de\u011ferlendiriyoruz diye\u00a0ekliyor. Bende ,y\u0131lba\u015f\u0131ndan itibaren AB kaynakl\u0131 krizi daha\u00a0kolay atlatmam\u0131z i\u00e7in faizleri artt\u0131rmad\u0131\u011f\u0131n\u0131za pi\u015fmanm\u0131s\u0131n\u0131z\u00a0diye sordum ; cevap; biraz siyasi .Ekonomi y\u00f6netimi bir\u00a0b\u00fct\u00fcnd\u00fcr\u2026Pi\u015fman de\u011filiz oluyor. 2012&#8217;de b\u00fcy\u00fcme beklentisinin\u00a0% 4; enflasyon beklentisinin % 5,2 ve cari a\u00e7\u0131k beklentisi % 8\u00a0iken, B\u00fct\u00e7e A\u00e7\u0131\u011f\u0131\/GSYH oran\u0131 % 1,5 seviyesine denk geliyor .Bu\u00a0hedefin ger\u00e7ekle\u015fmesi bizi Maastrich kriterlerinin \u00e7ok \u00e7ok\u00a0\u00fczerine ta\u015f\u0131r k, zaten Avrupa\u2019da bu oran ortalama %7 ler\u00a0seviyesinde. Bakan\u2019a gelen sorulardan biri de, \u00f6zel sector\u00a0bor\u00e7 oran\u0131n y\u00fcksekli\u011fi oluyor ;Cevap; bor\u00e7lar\u0131 kadar mal\u00a0varl\u0131klar\u0131 var oluyor,kontrol\u00fcn\u00fc kendileri sa\u011flas\u0131n anl\u0131yoruz .2012\u00a0Kamu Borcu \/ GSYH oran\u0131 % 37 olarak hedeflenmi\u015f.PIIGS\u2019lerde\u00a0bu oran %100 lerin \u00fcst\u00fcnde,hatta ABD\u2019de bile. Di\u011fer AB \u00fclkeleri\u00a0ise yine bu hedefin \u00fczerinde bor\u00e7lu..<\/p>\n<p>Para ve Maliye Politikas\u0131\u00a0Ba\u015fbakan Recep Tayyip Erdo\u011fan di\u011fer \u00fclkeler i\u00e7in; kriz sonras\u0131\u00a0kar\u015f\u0131l\u0131ks\u0131z para bast\u0131lar, ama biz kar\u015f\u0131l\u0131ks\u0131z para basmad\u0131k.\u00a0Bizden \u00f6ncekiler cay\u0131r cay\u0131r kar\u015f\u0131l\u0131ks\u0131z para bas\u0131yorlard\u0131. \u00c7\u00fcnk\u00fc\u00a0biz kar\u015f\u0131l\u0131ks\u0131z para basmay\u0131 modern h\u0131rs\u0131zl\u0131k olarak tan\u0131mlad\u0131k.\u00a0\u00c7\u00fcnk\u00fc o aln\u0131n\u0131n teriyle kazanan\u0131n cebindeki paray\u0131 (enflasyon\u00a0ile) s\u00f6m\u00fcrmekti, modern bir \u015fekilde \u00e7almakt\u0131,para basmak,i\u015fin\u00a0kolay\u0131na ka\u00e7makt\u0131. E\u011fer bug\u00fcn param\u0131z de\u011fer kazand\u0131ysa,\u00a0b\u00f6yle de\u011fer kazand\u0131, b\u00f6yle de kazanmaya devam ediyor\u00a0diye ekliyor. Ba\u015fbakan bu ba\u015far\u0131y\u0131 ;Mali disiplini zedeleyecek\u00a0giri\u015fimlere prim vermedik,hem T\u00fcrkiye&#8217;deki hem yurt d\u0131\u015f\u0131ndaki\u00a0yat\u0131r\u0131mc\u0131n\u0131n H\u00fck\u00fcmete, politikalara, a\u00e7\u0131klanan programlara<br \/>\ng\u00fcven duymas\u0131n\u0131 sa\u011flad\u0131k ve bu sayede d\u00fcnyada \u00e7ok farkl\u0131 bir\u00a0konuma y\u00fckseldik diyor ve \u201cBiz yere sa\u011flam bas\u0131yoruz.<\/p>\n<p>Tedbirleri almaya, kararl\u0131l\u0131kla uygulamaya devam edece\u011fiz.\u00a0Para politikas\u0131ndan, mali politikalardan asla taviz vermeyecek,\u00a0\u00f6zel sekt\u00f6r\u00fc, finans sekt\u00f6r\u00fcn\u00fc tedirgin edecek, g\u00fcveni\u00a0zedeleyecek hi\u00e7bir ad\u0131m atmayaca\u011f\u0131z diyor .i\u015fte T\u00fcrk<br \/>\nEkonomisi\u2019nin bekledi\u011fi g\u00fcven verici ,ayaklar\u0131 yere basan\u00a0sa\u011flam bir a\u00e7\u0131klama,sa\u011flam bir misyon .<\/p>\n<p><strong>B Plan\u0131 ?<\/strong><\/p>\n<p>ABD de ba\u015flayan Bankac\u0131l\u0131k krizinin yans\u0131mas\u0131 AB\u2019de\u00a0biliyorsunuz hem bankac\u0131l\u0131k hemde siyasi bir y\u00f6netim krizine<br \/>\nd\u00f6n\u00fc\u015fm\u00fc\u015ft\u00fc.AB\u2019nin h\u0131zl\u0131 karar alma mekanizmas\u0131n\u0131n olmamas\u0131\u00a0,Y\u00f6neti\u015fim denilen \u00fclkelerin karar mekanizmas\u0131nda yer\u00a0almamas\u0131 ve farkl\u0131 hastal\u0131klara ayn\u0131 ila\u00e7 vermek gibi para ve\u00a0maliye politikas\u0131n\u0131n ortak olu\u015fu, \u00c7al\u0131\u015ftayda AB\u2019nin bula\u015fma\u00a0riskini g\u00fcndeme getirdi. Maliye Bakan\u0131 defaatle B planlar\u0131n\u0131n\u00a0haz\u0131r oldu\u011funa dair a\u00e7\u0131klamas\u0131n\u0131,kat\u0131ld\u0131\u011f\u0131m\u0131z T\u00fcrk-Amerikan i\u015f\u00a0Konseyinde yineledi ve h\u0131zl\u0131 kur hareketleri i\u00e7in ellerinde de\u011fi\u015fik\u00a0silahlar\u0131n oldu\u011funu ima etti .<\/p>\n<p><strong>Giri\u015fimcilik<\/strong><\/p>\n<p>Bilim Sanayi ve Teknoloji Bakan\u0131 Nihat Erg\u00fcn ise cari a\u00e7\u0131\u011f\u0131n\u00a0d\u00fc\u015f\u00fcr\u00fclmesi i\u00e7in yenilenebilir enerji ,AR-GE ve Yerli otomobil<br \/>\nprojesi ile giri\u015fimcilere yol g\u00f6sterdi. T\u00fcrkiye&#8217;nin ARGE&#8217;ye,\u00a0inovasyona, tasar\u0131ma, markala\u015fmaya \u00f6nem vermesi\u00a0gerekti\u011fini ve buralarda avantaj elde edebilece\u011fini anlatan\u00a0Erg\u00fcn, GSMH\u2019\u0131n %3&#8217;\u00fc kadar bir pay\u0131 ARGE&#8217;ye ay\u0131rmak\u00a0istediklerini a\u00e7\u0131klad\u0131. Kat\u0131l\u0131mc\u0131lar\u0131n Yerli Otomobil \u00f6nerisine ,hem\u00a0i\u00e7ten yanmal\u0131, hemde elektirikli model olarak destek<br \/>\nvereceklerini hatta \u00e7al\u0131\u015fmalar\u0131n ba\u015flad\u0131\u011f\u0131n\u0131 belirten\u00a0a\u00e7\u0131klamalar\u0131 umud verici geli\u015fmeler oldu.<\/p>\n<p><strong>T\u00fcrk Diasporas\u0131<\/strong><\/p>\n<p>Art\u0131k ortada br ger\u00e7ek var ,uluslararas\u0131 konjonkt\u00fcr son 10 y\u0131ld\u0131r\u00a0T\u00fcrkiye&#8217;nin lehine i\u015fliyor. 1950\u2019lerde tahta bavulla i\u015f\u00e7i olarak\u00a0gitti\u011fimiz \u00fclkelerde art\u0131k patronuz, D\u00fcnyan\u0131n en b\u00fcy\u00fck\u00a0firmalar\u0131n\u0131n ba\u015f\u0131nday\u0131z, bazen Amerika&#8217;n\u0131n en pop\u00fcler<br \/>\ndoktoruyuz, bazen Brezilya&#8217;da Merkez Bankas\u0131 Ba\u015fkan\u0131y\u0131z,\u00a0bitmedi! Fortune 500 \u015firketlerinde CEO\u2019yuz,\u00dcnl\u00fc d\u00fcnya spor<br \/>\ntak\u0131mlar\u0131n\u0131n oyuncusuyuz,teknik adam\u0131y\u0131z,Alman Gen\u00e7 Milli\u00a0tak\u0131m\u0131n\u0131n yar\u0131s\u0131ndan \u00e7o\u011fuyuz, D\u00fcnyan\u0131n her \u00fclkesinde ticaret\u00a0erbab\u0131y\u0131z, Avrupa\u2019da Bakan\u0131z. D\u00fcnyan\u0131n her yerinde sanattan\u00a0spora, ekonomiden siyasete toplumun her alan\u0131nday\u0131z.DE\u0130K\u00a0verilerine g\u00f6re Diasporadaki T\u00fcrk \u015firketlerinin cirosu, 2003&#8217;te 29\u00a0milyar euro iken, 2010&#8217;da 50 milyar euro olmu\u015f. Gururla art\u0131k\u00a0s\u00f6yleyebiliyoruz ki,T\u00fcrk diasporam\u0131zla imzam\u0131z\u0131 art\u0131k d\u00fcnya\u00a0haritas\u0131n\u0131n \u00fczerine at\u0131bilecek g\u00fc\u00e7teyiz. \u0130\u015fte \u2018\u2019Gurbet\u2019\u2019\u00a0tabirinden Diasporaya ge\u00e7iste 3 temel olgudan bahsediliyor.<\/p>\n<p>Birincisi Bat\u0131 Avrupa\u2019da yerle\u015fik T\u00fcrk\u2019lerin g\u00f6\u00e7menlik stat\u00fcs\u00fcn\u00fc\u00a0bir kenara b\u0131rak\u0131p ,ya\u015fad\u0131klar\u0131 toplumun yerle\u015fik bir unsuru gibi\u00a0davranmalar\u0131 , Yurtd\u0131\u015f\u0131 g\u00f6\u00e7men varl\u0131\u011f\u0131n geni\u015fleyerek\u00a0ABD,Rusya,Orta Asya \u00fclkeleri ba\u015fta olmak \u00fczere t\u00fcm d\u00fcnyaya\u00a0yay\u0131lma stratejisi ve profesyonel y\u00f6neticilerden i\u015f sahiplerine\u00a0sanat\u00e7\u0131lardan sporculara kadar geni\u015f bir kitle sahibi olmak\u00a0olarak belirlendi. Toplant\u0131da en b\u00fcy\u00fck alk\u0131\u015f\u0131 ise \u2018\u2019 Bizim s\u0131n\u0131rs\u0131z\u00a0petrol\u00fcm\u00fcz yok; bizim s\u0131n\u0131rs\u0131z alt\u0131n rezervlerimiz yok.Bizim\u00a0petrol\u00fcm\u00fczde ,alt\u0131n\u0131m\u0131zda insan\u0131m\u0131zd\u0131r, giri\u015fimcimizdir.\u00a0T\u00fcrkiye&#8217;nin en b\u00fcy\u00fck ihracat kalemi giri\u015fimci ruhudur\u2019\u2019oldu<\/p>\n<p><strong>2023<\/strong><\/p>\n<p>\u0130\u015fte b\u00f6yle bir platformda ger\u00e7ekle\u015ftirildi DT\u0130K zirvesi. Ama\u00e7\u00a0T\u00fcrkiye Cumhuriyetinin 100. Y\u0131ld\u00f6n\u00fcm\u00fc olan 2023 \u2018te\u00a0T\u00fcrkiye\u2019nin hedefinin 10\u2019lar Kul\u00fcb\u00fc\u2019ne girmek oldu\u011fu ve bu\u00a0hedefe ula\u015fman\u0131n tek bir yolu oldu\u011fu ortak ak\u0131l ile peki\u015ftirildi.\u00a0Hedefe gidecek bu yol, G\u00fc\u00e7l\u00fc T\u00fcrk Diaspora\u2019s\u0131ndan ge\u00e7iyor.\u00a0Ben inand\u0131m ,siz de inan\u0131n.Yolun a\u00e7\u0131k olsun T\u00fcrkiye.<\/p>\n<p><strong>\u00d6mer DEM\u0130R<\/strong><\/p>\n<!-- Error, Advert is not available at this time due to schedule\/geolocation restrictions! -->\n","protected":false},"excerpt":{"rendered":"<p>NationalTurk yorumcular\u0131m\u0131zdan Ekonomi ve Borsa uzman\u0131 \u00d6mer Demir \u2018in, bu haftaki &#8220;T\u00fcrk Diasporas\u0131&#8221; adl\u0131 makalesini sizlerle payla\u015f\u0131yoruz.<\/p>\n","protected":false},"author":9192212,"featured_media":186659,"comment_status":"open","ping_status":"open","sticky":false,"template":"","format":"standard","meta":{"_acf_changed":false,"footnotes":""},"categories":[6199,6202],"tags":[8773,77168,69441,4020,85870,4334,15517,6129,23047,3667,13681,195988,66223,787,806,63494,7357,4019],"class_list":["post-89058","post","type-post","status-publish","format-standard","has-post-thumbnail","hentry","category-ekonomi","category-politika","tag-ahmet-davutoglu","tag-arap-bahari","tag-cari-acik","tag-cevdet-yilmaz","tag-dis-ekonomik-iliskiler-kurulu","tag-egemen-bagis","tag-hayati-yazici","tag-lutfi-kirdar-kongre-ve-sergi-sarayi","tag-mehdi-eker","tag-mehmet-simsek","tag-nihat-ergun","tag-omer-demir","tag-piigs","tag-recep-tayyip-erdogan","tag-suriye","tag-turkiye-ab-uyeligi","tag-turkiye-ekonomi","tag-zafer-caglayan"],"acf":[],"_links":{"self":[{"href":"https:\/\/www.nationalturk.com\/tr\/wp-json\/wp\/v2\/posts\/89058","targetHints":{"allow":["GET"]}}],"collection":[{"href":"https:\/\/www.nationalturk.com\/tr\/wp-json\/wp\/v2\/posts"}],"about":[{"href":"https:\/\/www.nationalturk.com\/tr\/wp-json\/wp\/v2\/types\/post"}],"author":[{"embeddable":true,"href":"https:\/\/www.nationalturk.com\/tr\/wp-json\/wp\/v2\/users\/9192212"}],"replies":[{"embeddable":true,"href":"https:\/\/www.nationalturk.com\/tr\/wp-json\/wp\/v2\/comments?post=89058"}],"version-history":[{"count":0,"href":"https:\/\/www.nationalturk.com\/tr\/wp-json\/wp\/v2\/posts\/89058\/revisions"}],"wp:featuredmedia":[{"embeddable":true,"href":"https:\/\/www.nationalturk.com\/tr\/wp-json\/wp\/v2\/media\/186659"}],"wp:attachment":[{"href":"https:\/\/www.nationalturk.com\/tr\/wp-json\/wp\/v2\/media?parent=89058"}],"wp:term":[{"taxonomy":"category","embeddable":true,"href":"https:\/\/www.nationalturk.com\/tr\/wp-json\/wp\/v2\/categories?post=89058"},{"taxonomy":"post_tag","embeddable":true,"href":"https:\/\/www.nationalturk.com\/tr\/wp-json\/wp\/v2\/tags?post=89058"}],"curies":[{"name":"wp","href":"https:\/\/api.w.org\/{rel}","templated":true}]}}