{"id":89079,"date":"2011-11-22T14:47:29","date_gmt":"2011-11-22T12:47:29","guid":{"rendered":"http:\/\/www.nationalturk.com\/?p=89079"},"modified":"2011-11-22T14:47:29","modified_gmt":"2011-11-22T12:47:29","slug":"oda-tv-davasi-reddi-hakim-89079","status":"publish","type":"post","link":"https:\/\/www.nationalturk.com\/tr\/oda-tv-davasi-reddi-hakim-89079\/","title":{"rendered":"Oda TV davas\u0131 ertelendi, reddi hakim talebi \u00fcst mahkemeye g\u00f6nderildi"},"content":{"rendered":"<h1><img loading=\"lazy\" decoding=\"async\" class=\"alignleft size-medium wp-image-89081\" title=\"Soner Yal\u00e7\u0131n\" src=\"http:\/\/www.nationalturk.com\/tr\/wp-content\/uploads\/2011\/11\/soner_yalcin_tutuklama-280x209.jpg\" alt=\"\" width=\"280\" height=\"209\" srcset=\"https:\/\/www.nationalturk.com\/tr\/wp-content\/uploads\/2011\/11\/soner_yalcin_tutuklama-280x209.jpg 280w, https:\/\/www.nationalturk.com\/tr\/wp-content\/uploads\/2011\/11\/soner_yalcin_tutuklama.jpg 343w\" sizes=\"auto, (max-width: 280px) 100vw, 280px\" \/>Oda TV davas\u0131 ertelendi, reddi hakim talebi \u00fcst mahkemeye g\u00f6nderildi! Oda TV davas\u0131n\u0131n ilk duru\u015fmas\u0131 bug\u00fcn ger\u00e7ekle\u015ftirildi. Duru\u015fma 26 Aral\u0131k&#8217;a ertelenirken reddi hakim talebi bir \u00fcst mahkemeye g\u00f6nderildi.<\/h1>\n<p>Oda TV davas\u0131n\u0131n ilk duru\u015fmas\u0131nda san\u0131klar Soner Yal\u00e7\u0131n, \u015e\u00fckr\u00fc Do\u011fan Yurdakul, Bar\u0131\u015f Terko\u011flu, Bar\u0131\u015f Pehlivan, Muhammet Sait \u00c7ak\u0131r ve Co\u015fkun Musluk\u2019un avukatlar\u0131 reddi h\u00e2kim talebinde bulundu. Mahkeme Ba\u015fkan\u0131 Resul \u00c7ak\u0131r, bu talep \u00fczerine yasada belirtilen yarg\u0131lama usul\u00fcn\u00fc hat\u0131rlatt\u0131. \u00c7ak\u0131r, reddi hakim talebiyle ilgili olarak bir karar verilinceye kadar, duru\u015fmada zorunlu haller d\u0131\u015f\u0131nda herhangi bir taleple ilgili karar verilemeyece\u011fini a\u00e7\u0131klad\u0131.<\/p>\n<p>Avukat Celal \u00dclgen, dilek\u00e7esinde a\u00e7\u0131klad\u0131\u011f\u0131 reddi hakim talebi hakk\u0131nda \u201cyarg\u0131 ba\u011f\u0131ms\u0131zl\u0131\u011f\u0131 zedelendi\u011fi i\u00e7in reddi h\u00e2kim talebinde bulunduk\u201d dedi. Avukat H\u00fcseyin Ers\u00f6z ise baz\u0131 san\u0131k avukatlar\u0131n\u0131n yarg\u0131lamay\u0131 engelleme su\u00e7lamas\u0131yla kar\u015f\u0131 kar\u015f\u0131ya kald\u0131klar\u0131n\u0131 ifade ettiklerini ancak bu durumu anlaman\u0131n m\u00fcmk\u00fcn olmad\u0131\u011f\u0131n\u0131 s\u00f6yledi. Ers\u00f6z, \u201cM\u00fcvekkillerimin beraat edece\u011fini d\u00fc\u015f\u00fcn\u00fcyorum. Bundan sonraki celsede sunaca\u011f\u0131m\u0131z delillerle mahkemeyi ayd\u0131nlataca\u011f\u0131z. Adil bir yarg\u0131lama i\u00e7in CMK&#8217;n\u0131n b\u00fct\u00fcn usul h\u00fck\u00fcmlerinin takip\u00e7isi olaca\u011f\u0131z.\u201d \u015feklinde konu\u015ftu.\u00a0San\u0131k Ahmet \u015e\u0131k&#8217;\u0131n avukat\u0131 Ak\u0131n Atalay, \u201cGer\u00e7ekten Ahmet \u015e\u0131k &#8216;a\u015fk&#8217; kitab\u0131 yazsayd\u0131, s\u00f6z konusu kitab\u0131n i\u00e7eri\u011finden farkl\u0131 olsayd\u0131 su\u00e7lan\u0131r m\u0131yd\u0131?\u201d ele\u015ftirisinde bulundu. Do\u011fan Yurdakul&#8217;un avukat\u0131 da s\u00f6z alarak, &#8221;\u0130tilmekten kak\u0131lmaktan yorulduk, h\u0131rpaland\u0131k, \u00f6rselendik art\u0131k. Saatlerce aramalardan ge\u00e7iriliyoruz. M\u00fcvekkilim de h\u0131rpaland\u0131 art\u0131k.\u201d dedi.<\/p>\n<!-- Error, Advert is not available at this time due to schedule\/geolocation restrictions! -->\n<!-- Error, Advert is not available at this time due to schedule\/geolocation restrictions! -->\n","protected":false},"excerpt":{"rendered":"<p>Oda TV davas\u0131 ertelendi, reddi hakim talebi \u00fcst mahkemeye g\u00f6nderildi! Oda TV davas\u0131n\u0131n ilk duru\u015fmas\u0131 bug\u00fcn ger\u00e7ekle\u015ftirildi. Duru\u015fma 26 Aral\u0131k&#8217;a ertelenirken reddi hakim talebi bir \u00fcst mahkemeye g\u00f6nderildi.<\/p>\n","protected":false},"author":4,"featured_media":186655,"comment_status":"open","ping_status":"open","sticky":false,"template":"","format":"standard","meta":{"_acf_changed":false,"footnotes":""},"categories":[6155,5005,6667,349,6805],"tags":[63865,85881,62670,62669,80022,63868,22142,85882,62660,85880,48200,62664],"class_list":["post-89079","post","type-post","status-publish","format-standard","has-post-thumbnail","hentry","category-gundem","category-manset","category-medya","category-son-dakika","category-turkiye","tag-ahmet-sik","tag-akin-atalay","tag-baris-pehlivan","tag-baris-terkoglu","tag-celal-ulgen","tag-coskun-musluk","tag-huseyin-ersoz","tag-muhammet-sait-cakir","tag-oda-tv","tag-oda-tv-durusmasi","tag-resul-cakir","tag-soner-yalcin"],"acf":[],"_links":{"self":[{"href":"https:\/\/www.nationalturk.com\/tr\/wp-json\/wp\/v2\/posts\/89079","targetHints":{"allow":["GET"]}}],"collection":[{"href":"https:\/\/www.nationalturk.com\/tr\/wp-json\/wp\/v2\/posts"}],"about":[{"href":"https:\/\/www.nationalturk.com\/tr\/wp-json\/wp\/v2\/types\/post"}],"author":[{"embeddable":true,"href":"https:\/\/www.nationalturk.com\/tr\/wp-json\/wp\/v2\/users\/4"}],"replies":[{"embeddable":true,"href":"https:\/\/www.nationalturk.com\/tr\/wp-json\/wp\/v2\/comments?post=89079"}],"version-history":[{"count":0,"href":"https:\/\/www.nationalturk.com\/tr\/wp-json\/wp\/v2\/posts\/89079\/revisions"}],"wp:featuredmedia":[{"embeddable":true,"href":"https:\/\/www.nationalturk.com\/tr\/wp-json\/wp\/v2\/media\/186655"}],"wp:attachment":[{"href":"https:\/\/www.nationalturk.com\/tr\/wp-json\/wp\/v2\/media?parent=89079"}],"wp:term":[{"taxonomy":"category","embeddable":true,"href":"https:\/\/www.nationalturk.com\/tr\/wp-json\/wp\/v2\/categories?post=89079"},{"taxonomy":"post_tag","embeddable":true,"href":"https:\/\/www.nationalturk.com\/tr\/wp-json\/wp\/v2\/tags?post=89079"}],"curies":[{"name":"wp","href":"https:\/\/api.w.org\/{rel}","templated":true}]}}